{"id":498192,"date":"2025-10-29T17:56:18","date_gmt":"2025-10-29T17:56:18","guid":{"rendered":"https:\/\/www.europesays.com\/fr\/498192\/"},"modified":"2025-10-29T17:56:18","modified_gmt":"2025-10-29T17:56:18","slug":"moutet-affronte-bublik-a-paris-dans-une-ambiance-tres-tendue","status":"publish","type":"post","link":"https:\/\/www.europesays.com\/fr\/498192\/","title":{"rendered":"Moutet affronte Bublik \u00e0 Paris dans une ambiance tr\u00e8s tendue"},"content":{"rendered":"<p class=\"app_entry_lead\">\n<p>                    <a title=\"\u00a0\u00a9\u00a0CHRISTOPHE SAIDI\/SIPA (publi\u00e9e le 29\/10\/2025)\" href=\"https:\/\/www.europesays.com\/fr\/wp-content\/uploads\/2025\/10\/82082379.jpg\" class=\"fancy\"><\/p>\n<p>                            <img loading=\"lazy\" decoding=\"async\" src=\"https:\/\/www.europesays.com\/fr\/wp-content\/uploads\/2025\/10\/82082379.jpg\" alt=\"&quot;Tu veux te battre\u00a0?&quot;\u00a0: Moutet affronte Bublik \u00e0 Paris dans une ambiance tr\u00e8s tendue\" width=\"1500\" height=\"1000\"\/><\/p>\n<p>                    <\/a><\/p>\n<p>                Corentin Moutet affronte Bublik ce mercredi 29\u00a0octobre au Masters 1000\u00a0de Paris.<\/p>\n<p>Corentin Moutet affronte le Kazakh Alexander Bublik au second tour du Masters 1000 de Paris. Le Fran\u00e7ais s&rsquo;est extirp\u00e9 du pi\u00e8ge Opelka en trois manches alors que Bublik a \u00e9limin\u00e9 Popyrin dans une ambiance particuli\u00e8rement froide (il a refus\u00e9 de lui serrer la main car l&rsquo;Australien ne s&rsquo;est pas excus\u00e9 d&rsquo;avoir touch\u00e9 plusieurs fois le filet).\u00a0<\/p>\n<p>Et l&rsquo;ambiance pourrait \u00eatre encore plus glaciale ce mercredi \u00e0 Paris entre les deux hommes qui se sont invectiv\u00e9s il y a quelques mois aux Etats-Unis.<\/p>\n<blockquote class=\"twitter-tweet\">\n<p dir=\"ltr\" lang=\"fr\">Les coulisses de laltercation entre Alexander Bublik et Corentin Moutet au Challenger 175 de Phoenix la semaine derni\u00e8re<\/p>\n<p>Tu veux quon se batte ? On se voit dehors dans 10 minutes <a href=\"https:\/\/t.co\/HfeV7Mfusv\" rel=\"nofollow\">pic.twitter.com\/HfeV7Mfusv<\/a><\/p>\n<p>\u2014 Univers Tennis (@UniversTennis) <a href=\"https:\/\/twitter.com\/UniversTennis\/status\/1902354900958286187?ref_src=twsrc%5Etfw\" rel=\"nofollow noopener\" target=\"_blank\">March 19, 2025<\/a><\/p><\/blockquote>\n<p>Pour la petite histoire, les deux hommes s&rsquo;affrontaient au Challenger de Phoenix et alors que son adversaire servait\u00a0pour le match, Moutet a indiqu\u00e9 ne pas \u00eatre pr\u00eat. Ce \u00e0 quoi Bublik avait r\u00e9pondu : \u00ab\u00a0J&rsquo;en ai rien \u00e0 foutre\u00a0!\u00a0\u00bb Les deux hommes avaient eu une explication au filet \u00e0 la fin de la rencontre.\u00a0\u00ab\u00a0Tu veux qu&rsquo;on aille se battre\u00a0? Ce petit Fran\u00e7ais parle mais il ne veut pas se battre\u00a0\u00bb, s&rsquo;\u00e9tait emport\u00e9 le Kazakh. \u00ab\u00a0Allez\u00a0! On se voit dans dix minutes dehors\u00a0\u00bb, avait-il poursuivi.<\/p>\n<p>\u00ab\u00a0On a eu des diff\u00e9rends dans le pass\u00e9, disons qu&rsquo;il ne repr\u00e9sente pas les valeurs que je d\u00e9fends en tant que sportif dans son discours. Mais bon on est tous diff\u00e9rents, c&rsquo;est important aussi pour\u00a0le tennis. Je vais arriver hyper motiv\u00e9 et je vais essayer de le renvoyer chez lui\u00a0\u00bb, a d\u00e9clar\u00e9 Moutet en conf\u00e9rence de presse.<\/p>\n<p>                    <script async src=\"https:\/\/platform.twitter.com\/widgets.js\" charset=\"utf-8\"><\/script><\/p>\n","protected":false},"excerpt":{"rendered":"Corentin Moutet affronte Bublik ce mercredi 29\u00a0octobre au Masters 1000\u00a0de Paris. Corentin Moutet affronte le Kazakh Alexander Bublik&hellip;\n","protected":false},"author":2,"featured_media":498193,"comment_status":"","ping_status":"","sticky":false,"template":"","format":"standard","meta":{"footnotes":""},"categories":[1888],"tags":[11,62069,51761,1777,674,51763,1011,27,12,51767,626,25,1467],"class_list":{"0":"post-498192","1":"post","2":"type-post","3":"status-publish","4":"format-standard","5":"has-post-thumbnail","7":"category-paris","8":"tag-actualites","9":"tag-cms-linternaute-9116924","10":"tag-controller-content","11":"tag-eu","12":"tag-europe","13":"tag-format-papier","14":"tag-fr","15":"tag-france","16":"tag-news","17":"tag-parallaxeinfeed","18":"tag-paris","19":"tag-republique-francaise","20":"tag-tennis"},"share_on_mastodon":{"url":"https:\/\/pubeurope.com\/@fr\/115458748236060209","error":""},"_links":{"self":[{"href":"https:\/\/www.europesays.com\/fr\/wp-json\/wp\/v2\/posts\/498192","targetHints":{"allow":["GET"]}}],"collection":[{"href":"https:\/\/www.europesays.com\/fr\/wp-json\/wp\/v2\/posts"}],"about":[{"href":"https:\/\/www.europesays.com\/fr\/wp-json\/wp\/v2\/types\/post"}],"author":[{"embeddable":true,"href":"https:\/\/www.europesays.com\/fr\/wp-json\/wp\/v2\/users\/2"}],"replies":[{"embeddable":true,"href":"https:\/\/www.europesays.com\/fr\/wp-json\/wp\/v2\/comments?post=498192"}],"version-history":[{"count":0,"href":"https:\/\/www.europesays.com\/fr\/wp-json\/wp\/v2\/posts\/498192\/revisions"}],"wp:featuredmedia":[{"embeddable":true,"href":"https:\/\/www.europesays.com\/fr\/wp-json\/wp\/v2\/media\/498193"}],"wp:attachment":[{"href":"https:\/\/www.europesays.com\/fr\/wp-json\/wp\/v2\/media?parent=498192"}],"wp:term":[{"taxonomy":"category","embeddable":true,"href":"https:\/\/www.europesays.com\/fr\/wp-json\/wp\/v2\/categories?post=498192"},{"taxonomy":"post_tag","embeddable":true,"href":"https:\/\/www.europesays.com\/fr\/wp-json\/wp\/v2\/tags?post=498192"}],"curies":[{"name":"wp","href":"https:\/\/api.w.org\/{rel}","templated":true}]}}