{"id":498196,"date":"2025-10-29T17:59:17","date_gmt":"2025-10-29T17:59:17","guid":{"rendered":"https:\/\/www.europesays.com\/fr\/498196\/"},"modified":"2025-10-29T17:59:17","modified_gmt":"2025-10-29T17:59:17","slug":"ces-dossiers-chauds-au-menu-de-la-rencontre-xi-trump","status":"publish","type":"post","link":"https:\/\/www.europesays.com\/fr\/498196\/","title":{"rendered":"Ces dossiers chauds au menu de la rencontre Xi-Trump"},"content":{"rendered":"<ul class=\"jsx-862013697 ArticleChapo__List\">\n<li class=\"jsx-862013697 ArticleChapo__List_Item flex\">Donald Trump doit rencontrer ce jeudi le pr\u00e9sident chinois Xi Jinping.<\/li>\n<li class=\"jsx-862013697 ArticleChapo__List_Item flex\">Le dernier face-\u00e0-face entre les deux dirigeants remonte \u00e0 2019.<\/li>\n<li class=\"jsx-862013697 ArticleChapo__List_Item flex\">Plusieurs dossiers \u00e9pineux seront au c\u0153ur des discussions.<\/li>\n<\/ul>\n<p><a href=\"https:\/\/www.tf1info.fr\/actualite\/etats-unis-election-presidentielle-americaine-2024-donald-trump-vs-kamala-harris-13534\/\" rel=\"noopener\" class=\"jsx-484472199 Link jsx-1428418400 jsx-554215408\" target=\"_blank\"><\/p>\n<p style=\"font-weight:400\" class=\"jsx-1837267516\">Suivez la couverture compl\u00e8te<\/p>\n<p style=\"font-weight:800\" class=\"jsx-1837267516\">Le second mandat de Donald Trump<\/p>\n<p><\/a><\/p>\n<p data-module=\"article-paragraph\" class=\"jsx-3046738180 Paragraph\">Une rencontre au sommet. Le pr\u00e9sident am\u00e9ricain Donald Trump doit s&rsquo;entretenir son homologue chinois Xi Jinping ce jeudi 30 octobre en marge du sommet de la Coop\u00e9ration \u00e9conomique pour l&rsquo;Asie-Pacifique, qui se tient actuellement en Cor\u00e9e du Sud. Six ans se sont \u00e9coul\u00e9s depuis leur dernier face-\u00e0-face. Mais c&rsquo;est un peu comme si rien n&rsquo;avait chang\u00e9. Les deux superpuissances se sont engag\u00e9s dans un bras de fer commercial f\u00e9roce, multipliant les menaces de sanctions.\u00a0<\/p>\n<p data-module=\"article-paragraph\" class=\"jsx-3046738180 Paragraph Paragraph__End\">Pourtant, Trump s&rsquo;est d\u00e9clar\u00e9 optimiste \u00e0 la veille de cette r\u00e9union cruciale avec le pr\u00e9sident chinois, laissant esp\u00e9rer une tr\u00eave dans la brutale guerre commerciale qui oppose les deux puissances. TF1info fait le point sur les dossiers \u00e9pineux seront au c\u0153ur des discussions entre les deux dirigeants.<\/p>\n<p>Le monopole chinois sur les m\u00e9taux rares <\/p>\n<p data-module=\"article-paragraph\" class=\"jsx-3046738180 Paragraph Paragraph__End\">Plus t\u00f4t ce mois-ci, P\u00e9kin a instaur\u00e9 de nouveaux contr\u00f4les stricts sur les <a href=\"https:\/\/www.tf1info.fr\/environnement-ecologie\/video-etats-unis-le-defi-colossal-de-mountain-pass-la-seule-mine-de-terres-rares-du-pays-2245309.html\" target=\"_blank\" rel=\"noopener\">exportation (nouvelle fen\u00eatre)<\/a><a href=\"https:\/\/www.tf1info.fr\/environnement-ecologie\/video-etats-unis-le-defi-colossal-de-mountain-pass-la-seule-mine-de-terres-rares-du-pays-2245309.html\" target=\"_blank\" rel=\"noopener\">s de terres rares et min\u00e9raux critiques (nouvelle fen\u00eatre)<\/a>, ces mat\u00e9riaux essentiels \u00e0 de nombreuses industries strat\u00e9giques (automobile, num\u00e9rique, \u00e9nergie, d\u00e9fense) dont la Chine est le premier producteur mondial. Donald Trump a menac\u00e9 de <a href=\"https:\/\/www.tf1info.fr\/international\/guerre-commerciale-donald-trump-relance-son-offensive-contre-la-chine-et-met-fin-a-une-accalmie-precaire-2399967.html\" target=\"_blank\" rel=\"noopener\">taxer davantage les importations chinoises \u00e0 partir du 1\u1d49\u02b3 novembre (nouvelle fen\u00eatre)<\/a> si P\u00e9kin renfor\u00e7ait les contr\u00f4les sur les exportations de terres rares et sur les technologies n\u00e9cessaires \u00e0 leur raffinage. Mais le pr\u00e9sident am\u00e9ricain semble avoir r\u00e9trop\u00e9dal\u00e9 sur ce sujet. Il a reconnu qu&rsquo;un tel niveau de taxes n&rsquo;\u00e9tait \u00ab\u00a0pas soutenable\u00a0\u00bb et a laiss\u00e9 entendre qu&rsquo;un accord \u00e9tait possible.<\/p>\n<p>La lutte contre le trafic de fentanyl<\/p>\n<p data-module=\"article-paragraph\" class=\"jsx-3046738180 Paragraph Paragraph__End\">Washington accuse par ailleurs la Chine d&rsquo;exporter des produits chimiques utilis\u00e9s pour fabriquer du fentanyl vendu aux \u00c9tats-Unis. Cette drogue synth\u00e9tique est responsable de <a href=\"https:\/\/www.tf1info.fr\/election-presidentielle-americaine\/video-reportage-en-une-nuit-je-suis-devenue-accro-plongee-dans-l-enfer-du-fentanyl-a-san-francisco-2329621.html\" target=\"_blank\" rel=\"noopener\">60% des morts par overdose aux \u00c9tats-Unis en 2024 (nouvelle fen\u00eatre)<\/a>, soit 48.000 d\u00e9c\u00e8s. Washington impose depuis le mois de mars des droits de douane de 20% sur de nombreux produits chinois en repr\u00e9sailles au contr\u00f4le jug\u00e9 insuffisant de P\u00e9kin sur ce trafic. Avant la rencontre, Donald Trump a laiss\u00e9 entrevoir une baisse des droits de douane qui avaient \u00e9t\u00e9 impos\u00e9s \u00e0 la Chine en r\u00e9torsion \u00e0 la crise du Fentanyl aux \u00c9tats-Unis.\u00a0<\/p>\n<p>Les sanctions sur le p\u00e9trole russe <\/p>\n<p data-module=\"article-paragraph\" class=\"jsx-3046738180 Paragraph Paragraph__End\">Le pr\u00e9sident am\u00e9ricain a affirm\u00e9 qu&rsquo;il aborderait \u00ab\u00a0sans aucun doute\u00a0\u00bb avec son homologue chinois l&rsquo;invasion de l&rsquo;Ukraine par la Russie. Le pr\u00e9sident am\u00e9ricain essaye depuis des mois d&rsquo;arr\u00eater le conflit, mais les n\u00e9gociations n&rsquo;ont abouti \u00e0 aucun progr\u00e8s. Washington exhorte <a href=\"https:\/\/www.tf1info.fr\/international\/fabien-mandon-l-armee-francaise-doit-etre-prete-a-un-choc-dans-trois-quatre-ans-face-a-la-russie-2402165.html\" target=\"_blank\" rel=\"noopener\">les principaux acheteurs d&rsquo;\u00e9nergie russe (nouvelle fen\u00eatre)<\/a>, dont la Chine, \u00e0 r\u00e9duire leurs achats, car ils permettent \u00e0 Moscou de financer ses op\u00e9rations militaires en Ukraine. P\u00e9kin affirme adopter une position neutre dans le conflit, mais s&rsquo;est abstenue de condamner l&rsquo;agression russe. Volodymyr Zelensky a appel\u00e9 mardi Donald Trump \u00e0 faire pression sur Xi Jinping pour qu&rsquo;il r\u00e9duise le soutien \u00e0 Moscou.<\/p>\n<p>L&rsquo;ind\u00e9pendance de Ta\u00efwan<\/p>\n<p data-module=\"article-paragraph\" class=\"jsx-3046738180 Paragraph\">Ta\u00efwan est depuis longtemps un <a href=\"https:\/\/www.tf1info.fr\/international\/invasion-taiwan-la-chine-a-une-opportunite-geopolitique-avec-donald-trump-estime-le-general-francois-chauvancy-sur-lci-2374193.html\" target=\"_blank\" rel=\"noopener\">point de tension majeur entre Chine et \u00c9tats-Unis (nouvelle fen\u00eatre)<\/a>. Le Parti communiste chinois n&rsquo;a jamais gouvern\u00e9 Ta\u00efwan, mais n&rsquo;exclut pas le recours \u00e0 la force pour en prendre le contr\u00f4le. Les \u00c9tats-Unis sont tenus par la loi am\u00e9ricaine de fournir des armes d\u00e9fensives \u00e0 Ta\u00efwan.\u00a0<\/p>\n<p data-module=\"article-paragraph\" class=\"jsx-3046738180 Paragraph Paragraph__End\">Washington n&rsquo;envisage pas d'\u00a0\u00bbabandonner Ta\u00efwan\u00a0\u00bb en \u00e9change d&rsquo;un accord commercial avec la Chine, a d\u00e9clar\u00e9 mardi le secr\u00e9taire d&rsquo;\u00c9tat am\u00e9ricain Marco Rubio.\u00a0P\u00e9kin chercherait \u00e0 obtenir de Donald Trump une d\u00e9claration explicite selon laquelle les \u00c9tats-Unis s&rsquo;opposeraient \u00e0 l&rsquo;ind\u00e9pendance de Ta\u00efwan.<\/p>\n<p>L&rsquo;IA au menu avec Nvidia<\/p>\n<p data-module=\"article-paragraph\" class=\"jsx-3046738180 Paragraph\">Le PDG du g\u00e9ant am\u00e9ricain des puces Nvidia, Jensen Huang, a exhort\u00e9 Washington \u00e0 autoriser la vente de puces d&rsquo;IA fabriqu\u00e9es aux \u00c9tats-Unis vers la Chine. La firme californienne, l&rsquo;un des leaders mondiaux des puces d&rsquo;intelligence artificielle (IA), est au c\u0153ur de la rivalit\u00e9 pour la supr\u00e9matie dans le domaine strat\u00e9gique des semi-conducteurs. Washington interdit \u00e0 Nvidia d&rsquo;exporter ses produits les plus avanc\u00e9s vers la Chine. En r\u00e9ponse, P\u00e9kin a acc\u00e9l\u00e9r\u00e9 le d\u00e9veloppement de son industrie des puces pour contourner les restrictions impos\u00e9es par la Maison-Blanche sur les exportations des puces les plus avanc\u00e9es.<\/p>\n<p data-module=\"article-paragraph\" class=\"jsx-3046738180 Paragraph Paragraph__End\">Nvidia craint de perdre sa position dominante sur ce march\u00e9 technologique, si aucun accord n&rsquo;est trouv\u00e9.<\/p>\n<p>Le contentieux autour de TikTok<\/p>\n<p data-module=\"article-paragraph\" class=\"jsx-3046738180 Paragraph Paragraph__End\">Washington et P\u00e9kin semblent \u00eatre parvenus \u00e0 un consensus pour r\u00e9soudre le contentieux autour de TikTok, dont la version am\u00e9ricaine doit selon Washington passer sous contr\u00f4le national. Un d\u00e9cret approuvant le transfert du contr\u00f4le de TikTok \u00e0 un groupe d&rsquo;investisseurs am\u00e9ricains a \u00e9t\u00e9 sign\u00e9 le mois dernier.\u00a0<\/p>\n<p><a href=\"https:\/\/www.tf1info.fr\/international\/donald-trump-pourrait-il-devenir-vice-president-de-jd-vance-en-2028-pour-rester-au-pouvoir-il-repond-2402994.html\" rel=\"noopener\" class=\"jsx-3308031228 Link flex\" target=\"_blank\"><img decoding=\"async\" src=\"https:\/\/www.europesays.com\/fr\/wp-content\/uploads\/2025\/10\/donald-trump-air-force-one-27-octobre-2025-56099f-0@1x.jpeg\" alt=\"Donald Trump \u00e0 bord d'Air Force One lors de sa tourn\u00e9e en Asie le 27 octobre 2025.\" loading=\"lazy\" importance=\"low\" fetchpriority=\"low\" class=\"\" aria-hidden=\"true\"\/><\/p>\n<p class=\"jsx-3657663356 ReadMoreArticle__Title\">Lire aussi<\/p>\n<p class=\"jsx-3657663356\">Trump vice-pr\u00e9sident en 2028 pour rester au pouvoir ? \u00ab\u00a0Ce ne serait pas bien\u00a0\u00bb<\/p>\n<p><\/a><\/p>\n<p data-module=\"article-paragraph\" class=\"jsx-3046738180 Paragraph Paragraph__End\">Les deux dirigeants finaliseront cette transaction lors de cette rencontre, a indiqu\u00e9 le ministre am\u00e9ricain des Finances Scott Bessent. L&rsquo;accord vise \u00e0 emp\u00eacher que les autorit\u00e9s chinoises ne puissent mettre la main sur des donn\u00e9es personnelles des utilisateurs aux \u00c9tats-Unis ou ne soient en mesure d&rsquo;influencer l&rsquo;opinion am\u00e9ricaine via le puissant algorithme du r\u00e9seau social.<\/p>\n<p>Matthieu DELACHARLERY<\/p>\n","protected":false},"excerpt":{"rendered":"Donald Trump doit rencontrer ce jeudi le pr\u00e9sident chinois Xi Jinping. Le dernier face-\u00e0-face entre les deux dirigeants&hellip;\n","protected":false},"author":2,"featured_media":498197,"comment_status":"","ping_status":"","sticky":false,"template":"","format":"standard","meta":{"footnotes":""},"categories":[1589],"tags":[1111,11,1921,309,75,73,1866,1922,2497,12,132,22053,2439,220,1864,1865,1863,308,133,1920,134,7084],"class_list":{"0":"post-498196","1":"post","2":"type-post","3":"status-publish","4":"format-standard","5":"has-post-thumbnail","7":"category-etats-unis","8":"tag-actu","9":"tag-actualites","10":"tag-article-video","11":"tag-chine","12":"tag-donald-trump","13":"tag-etats-unis","14":"tag-etats-unis-damerique","15":"tag-info","16":"tag-le-second-mandat-de-donald-trump","17":"tag-news","18":"tag-russie","19":"tag-taiwan","20":"tag-tiktok","21":"tag-ukraine","22":"tag-united-states","23":"tag-united-states-of-america","24":"tag-us","25":"tag-usa","26":"tag-video","27":"tag-video-international","28":"tag-volodymyr-zelensky","29":"tag-xi-jinping"},"share_on_mastodon":{"url":"https:\/\/pubeurope.com\/@fr\/115458760819481190","error":""},"_links":{"self":[{"href":"https:\/\/www.europesays.com\/fr\/wp-json\/wp\/v2\/posts\/498196","targetHints":{"allow":["GET"]}}],"collection":[{"href":"https:\/\/www.europesays.com\/fr\/wp-json\/wp\/v2\/posts"}],"about":[{"href":"https:\/\/www.europesays.com\/fr\/wp-json\/wp\/v2\/types\/post"}],"author":[{"embeddable":true,"href":"https:\/\/www.europesays.com\/fr\/wp-json\/wp\/v2\/users\/2"}],"replies":[{"embeddable":true,"href":"https:\/\/www.europesays.com\/fr\/wp-json\/wp\/v2\/comments?post=498196"}],"version-history":[{"count":0,"href":"https:\/\/www.europesays.com\/fr\/wp-json\/wp\/v2\/posts\/498196\/revisions"}],"wp:featuredmedia":[{"embeddable":true,"href":"https:\/\/www.europesays.com\/fr\/wp-json\/wp\/v2\/media\/498197"}],"wp:attachment":[{"href":"https:\/\/www.europesays.com\/fr\/wp-json\/wp\/v2\/media?parent=498196"}],"wp:term":[{"taxonomy":"category","embeddable":true,"href":"https:\/\/www.europesays.com\/fr\/wp-json\/wp\/v2\/categories?post=498196"},{"taxonomy":"post_tag","embeddable":true,"href":"https:\/\/www.europesays.com\/fr\/wp-json\/wp\/v2\/tags?post=498196"}],"curies":[{"name":"wp","href":"https:\/\/api.w.org\/{rel}","templated":true}]}}