{"id":498198,"date":"2025-10-29T18:00:12","date_gmt":"2025-10-29T18:00:12","guid":{"rendered":"https:\/\/www.europesays.com\/fr\/498198\/"},"modified":"2025-10-29T18:00:12","modified_gmt":"2025-10-29T18:00:12","slug":"royaume-uni-un-imam-suspendu-pour-avoir-reconnu-lhistoire-juive-disrael","status":"publish","type":"post","link":"https:\/\/www.europesays.com\/fr\/498198\/","title":{"rendered":"Royaume-Uni : Un Imam Suspendu Pour Avoir Reconnu L\u2019histoire Juive D\u2019Isra\u00ebl"},"content":{"rendered":"<p class=\"\" data-is=\"component-paragraph\">Au Royaume-Uni, l\u2019imam Umayr Mulla a \u00e9t\u00e9 suspendu de la mosqu\u00e9e Masjid Khazra de Nottingham apr\u00e8s avoir tenu des propos jug\u00e9s \u00ab profond\u00e9ment offensants \u00bb lors d\u2019une interview donn\u00e9e \u00e0 l\u2019activiste britannique Tommy Robinson \u00e0 J\u00e9rusalem, le 24 octobre.<\/p>\n<p class=\"\" data-is=\"component-paragraph\">Dans cet entretien diffus\u00e9 sur YouTube, l\u2019imam Mulla a d\u00e9clar\u00e9 \u00ab n\u2019avoir aucun probl\u00e8me avec Isra\u00ebl \u00bb, ajoutant que les Isra\u00e9liens comme les Palestiniens devaient \u00ab vivre en paix, chacun dans son propre pays \u00bb. Il a \u00e9galement reconnu \u00ab l\u2019histoire juive du peuple d\u2019Isra\u00ebl au Moyen-Orient \u00bb, estimant que la coexistence \u00e9tait possible dans un cadre de justice et d\u2019\u00e9galit\u00e9.<\/p>\n<p class=\"\" data-is=\"component-paragraph\">La direction de la mosqu\u00e9e a imm\u00e9diatement r\u00e9agi en pr\u00e9sentant ses excuses publiques et en annon\u00e7ant la suspension de l\u2019imam, affirmant que ses \u00ab opinions personnelles sont contraires aux valeurs de diversit\u00e9 et d\u2019inclusion \u00bb de l\u2019institution.<\/p>\n<p><img alt=\"Video poster\" class=\"video-poster\" data-is=\"lazy-image\" data-observed-item-id=\"https:\/\/api.i24news.tv\/fr\/brightcove\/6384253256112\/poster\"\/>Le Pape L\u00e9on XIV condamne l&rsquo;antis\u00e9mitisme<\/p>\n<p class=\"\" data-is=\"component-paragraph\">Au cours de l\u2019entretien, Umayr Mulla a aussi d\u00e9fendu l\u2019id\u00e9e que les diff\u00e9rentes religions vivaient pacifiquement sous la domination musulmane historique, comparant le paiement de la Jizya, un imp\u00f4t impos\u00e9 aux non-musulmans, \u00e0 la fiscalit\u00e9 britannique moderne. Il a par ailleurs condamn\u00e9 les violences du Hamas et d\u2019ISIS, qu\u2019il a qualifi\u00e9es d\u2019actes \u00ab contraires \u00e0 l\u2019islam \u00bb.<\/p>\n<p class=\"\" data-is=\"component-paragraph\">Face au toll\u00e9 suscit\u00e9, Mulla a publi\u00e9 un communiqu\u00e9 d\u2019excuses, disant \u00ab regretter profond\u00e9ment d\u2019avoir bless\u00e9 les communaut\u00e9s palestinienne, pakistanaise et kashmirie \u00bb, et affirmant vouloir \u00ab apprendre de cette erreur \u00bb.<\/p>\n","protected":false},"excerpt":{"rendered":"Au Royaume-Uni, l\u2019imam Umayr Mulla a \u00e9t\u00e9 suspendu de la mosqu\u00e9e Masjid Khazra de Nottingham apr\u00e8s avoir tenu&hellip;\n","protected":false},"author":2,"featured_media":241579,"comment_status":"","ping_status":"","sticky":false,"template":"","format":"standard","meta":{"footnotes":""},"categories":[1588],"tags":[11,1777,674,12,473,1853,1851,1850,1852],"class_list":{"0":"post-498198","1":"post","2":"type-post","3":"status-publish","4":"format-standard","5":"has-post-thumbnail","7":"category-royaume-uni","8":"tag-actualites","9":"tag-eu","10":"tag-europe","11":"tag-news","12":"tag-royaume-uni","13":"tag-royaume-uni-de-grande-bretagne-et-dirlande-du-nord","14":"tag-uk","15":"tag-united-kingdom","16":"tag-united-kingdom-of-great-britain-and-northern-ireland"},"share_on_mastodon":{"url":"https:\/\/pubeurope.com\/@fr\/115458763857305357","error":""},"_links":{"self":[{"href":"https:\/\/www.europesays.com\/fr\/wp-json\/wp\/v2\/posts\/498198","targetHints":{"allow":["GET"]}}],"collection":[{"href":"https:\/\/www.europesays.com\/fr\/wp-json\/wp\/v2\/posts"}],"about":[{"href":"https:\/\/www.europesays.com\/fr\/wp-json\/wp\/v2\/types\/post"}],"author":[{"embeddable":true,"href":"https:\/\/www.europesays.com\/fr\/wp-json\/wp\/v2\/users\/2"}],"replies":[{"embeddable":true,"href":"https:\/\/www.europesays.com\/fr\/wp-json\/wp\/v2\/comments?post=498198"}],"version-history":[{"count":0,"href":"https:\/\/www.europesays.com\/fr\/wp-json\/wp\/v2\/posts\/498198\/revisions"}],"wp:featuredmedia":[{"embeddable":true,"href":"https:\/\/www.europesays.com\/fr\/wp-json\/wp\/v2\/media\/241579"}],"wp:attachment":[{"href":"https:\/\/www.europesays.com\/fr\/wp-json\/wp\/v2\/media?parent=498198"}],"wp:term":[{"taxonomy":"category","embeddable":true,"href":"https:\/\/www.europesays.com\/fr\/wp-json\/wp\/v2\/categories?post=498198"},{"taxonomy":"post_tag","embeddable":true,"href":"https:\/\/www.europesays.com\/fr\/wp-json\/wp\/v2\/tags?post=498198"}],"curies":[{"name":"wp","href":"https:\/\/api.w.org\/{rel}","templated":true}]}}