{"id":498199,"date":"2025-10-29T18:01:19","date_gmt":"2025-10-29T18:01:19","guid":{"rendered":"https:\/\/www.europesays.com\/fr\/498199\/"},"modified":"2025-10-29T18:01:19","modified_gmt":"2025-10-29T18:01:19","slug":"lallemagne-envisage-la-nationalisation-de-la-filiale-de-rosneft-apres-les-sanctions-de-trump-selon-des-sources","status":"publish","type":"post","link":"https:\/\/www.europesays.com\/fr\/498199\/","title":{"rendered":"L&rsquo;Allemagne envisage la nationalisation de la filiale de Rosneft apr\u00e8s les sanctions de Trump, selon des sources"},"content":{"rendered":"<p>Les sanctions am\u00e9ricaines contre le producteur russe de p\u00e9trole Rosneft ont raviv\u00e9 les discussions en Allemagne sur la nationalisation des activit\u00e9s du groupe dans le pays, y compris une raffinerie dont Berlin d\u00e9pend pour la majeure partie de son approvisionnement en carburant, ont indiqu\u00e9 \u00e0 Reuters deux sources proches du dossier.<\/p>\n<p>La situation met en lumi\u00e8re l&rsquo;enchev\u00eatrement complexe liant l&rsquo;Allemagne \u00e0 la Russie, qui a aliment\u00e9 la puissance industrielle europ\u00e9enne en \u00e9nergie pendant des d\u00e9cennies avant la guerre en Ukraine.<\/p>\n<p>Le Tr\u00e9sor am\u00e9ricain a annonc\u00e9 mercredi avoir d\u00e9livr\u00e9 une licence exemptant la filiale allemande de Rosneft des sanctions am\u00e9ricaines jusqu&rsquo;en avril 2026.<\/p>\n<p>Obtenir une exemption permanente demeure l&rsquo;option privil\u00e9gi\u00e9e par Berlin, mais les responsables allemands \u00e9tudient \u00e9galement la possibilit\u00e9 de saisir les activit\u00e9s et de les vendre \u00e0 un investisseur \u00e9tranger, selon les deux sources.<\/p>\n<p>Un porte-parole du minist\u00e8re de l&rsquo;Economie a indiqu\u00e9 avoir re\u00e7u une lettre des \u00c9tats-Unis qui constituerait une \u00ab\u00a0solution temporaire\u00a0\u00bb.<\/p>\n<p>La filiale allemande de Rosneft d\u00e9tient une participation majoritaire dans la raffinerie de Schwedt, qui fournit la majeure partie du carburant de Berlin, y compris pour son a\u00e9roport, l&rsquo;essence distribu\u00e9e dans l&rsquo;est du pays et des composants essentiels pour l&rsquo;industrie chimique locale.<\/p>\n<p>Elle poss\u00e8de \u00e9galement des parts dans les raffineries MiRo et Bayernoil.<\/p>\n<p>Ces actifs ont \u00e9t\u00e9 plac\u00e9s sous tutelle, donnant au gouvernement allemand le contr\u00f4le en 2022, suite \u00e0 l&rsquo;invasion de l&rsquo;Ukraine par Moscou, qui a boulevers\u00e9 des d\u00e9cennies de liens \u00e9nerg\u00e9tiques entre l&rsquo;Allemagne et la Russie.<\/p>\n<p>Le dispositif de tutelle est renouvel\u00e9 tous les six mois mais pourrait \u00eatre remis en cause devant les tribunaux, car \u00e0 chaque renouvellement, la base l\u00e9gale de ce qui devait \u00eatre une mesure temporaire et d&rsquo;urgence est r\u00e9\u00e9valu\u00e9e.<\/p>\n<p>Jusqu&rsquo;\u00e0 pr\u00e9sent, Berlin a h\u00e9sit\u00e9 \u00e0 saisir les actifs locaux de Rosneft, craignant d&rsquo;avoir \u00e0 d\u00e9dommager Moscou.<\/p>\n<p><b>Un secteur pesant plusieurs milliards de dollars<\/b><\/p>\n<p>Les m\u00e9dias russes estiment la valeur des actifs allemands de Rosneft \u00e0 environ 7\u00a0milliards de dollars, bien que l&rsquo;une des deux sources avance que la valeur r\u00e9elle pourrait \u00eatre inf\u00e9rieure de moiti\u00e9. Moscou a mis en garde l&rsquo;Europe contre toute saisie de ses biens. Les entreprises allemandes disposant d&rsquo;usines et d&rsquo;investissements en Russie pourraient \u00eatre les premi\u00e8res affect\u00e9es par une riposte du Kremlin.<\/p>\n<p>Rosneft tente de vendre ses activit\u00e9s depuis mars 2024, sans succ\u00e8s. Le groupe n&rsquo;a pas r\u00e9pondu \u00e0 une demande de commentaire mercredi.<\/p>\n<p>Michael Kellner, d\u00e9put\u00e9 des Verts au Bundestag et ancien membre du gouvernement de coalition, charg\u00e9 du dossier Rosneft, a appel\u00e9 le gouvernement \u00e0 nationaliser l&rsquo;entreprise.<\/p>\n<p>\u00ab\u00a0C&rsquo;est un secteur d&rsquo;importance syst\u00e9mique pour l&rsquo;Allemagne\u00a0\u00bb, a d\u00e9clar\u00e9 Kellner \u00e0 Reuters. \u00ab\u00a0Le gouvernement doit nationaliser les activit\u00e9s de Rosneft en Allemagne afin d&rsquo;en garantir l&rsquo;avenir.\u00a0\u00bb<\/p>\n<p>Kellner a ajout\u00e9 avoir souhait\u00e9 cette nationalisation lorsqu&rsquo;il \u00e9tait au gouvernement et que le Qatar et le Kazakhstan avaient manifest\u00e9 leur int\u00e9r\u00eat pour un rachat en 2024.<\/p>\n<p>Il n&rsquo;est toutefois pas certain que ces pays soient toujours int\u00e9ress\u00e9s.<\/p>\n<p>L&rsquo;Allemagne achetait autrefois son p\u00e9trole directement \u00e0 la Russie. D\u00e9sormais, Rosneft Allemagne s&rsquo;approvisionne aupr\u00e8s du Kazakhstan. Toutefois, la Russie contr\u00f4le l&rsquo;ol\u00e9oduc utilis\u00e9 pour l&rsquo;acheminer.<\/p>\n","protected":false},"excerpt":{"rendered":"Les sanctions am\u00e9ricaines contre le producteur russe de p\u00e9trole Rosneft ont raviv\u00e9 les discussions en Allemagne sur la&hellip;\n","protected":false},"author":2,"featured_media":498200,"comment_status":"","ping_status":"","sticky":false,"template":"","format":"standard","meta":{"footnotes":""},"categories":[1587],"tags":[11,672,340,1804,1805,1803,1777,674,1801,12,1802],"class_list":{"0":"post-498199","1":"post","2":"type-post","3":"status-publish","4":"format-standard","5":"has-post-thumbnail","7":"category-allemagne","8":"tag-actualites","9":"tag-allemagne","10":"tag-bourse","11":"tag-bundesrepublik-deutschland","12":"tag-de","13":"tag-deutschland","14":"tag-eu","15":"tag-europe","16":"tag-germany","17":"tag-news","18":"tag-republique-federale-dallemagne"},"share_on_mastodon":{"url":"https:\/\/pubeurope.com\/@fr\/115458767860425487","error":""},"_links":{"self":[{"href":"https:\/\/www.europesays.com\/fr\/wp-json\/wp\/v2\/posts\/498199","targetHints":{"allow":["GET"]}}],"collection":[{"href":"https:\/\/www.europesays.com\/fr\/wp-json\/wp\/v2\/posts"}],"about":[{"href":"https:\/\/www.europesays.com\/fr\/wp-json\/wp\/v2\/types\/post"}],"author":[{"embeddable":true,"href":"https:\/\/www.europesays.com\/fr\/wp-json\/wp\/v2\/users\/2"}],"replies":[{"embeddable":true,"href":"https:\/\/www.europesays.com\/fr\/wp-json\/wp\/v2\/comments?post=498199"}],"version-history":[{"count":0,"href":"https:\/\/www.europesays.com\/fr\/wp-json\/wp\/v2\/posts\/498199\/revisions"}],"wp:featuredmedia":[{"embeddable":true,"href":"https:\/\/www.europesays.com\/fr\/wp-json\/wp\/v2\/media\/498200"}],"wp:attachment":[{"href":"https:\/\/www.europesays.com\/fr\/wp-json\/wp\/v2\/media?parent=498199"}],"wp:term":[{"taxonomy":"category","embeddable":true,"href":"https:\/\/www.europesays.com\/fr\/wp-json\/wp\/v2\/categories?post=498199"},{"taxonomy":"post_tag","embeddable":true,"href":"https:\/\/www.europesays.com\/fr\/wp-json\/wp\/v2\/tags?post=498199"}],"curies":[{"name":"wp","href":"https:\/\/api.w.org\/{rel}","templated":true}]}}