{"id":498203,"date":"2025-10-29T18:03:17","date_gmt":"2025-10-29T18:03:17","guid":{"rendered":"https:\/\/www.europesays.com\/fr\/498203\/"},"modified":"2025-10-29T18:03:17","modified_gmt":"2025-10-29T18:03:17","slug":"eu-egard-aux-menaces-qui-pesent-sur-lui-nicolas-sarkozy-place-sous-protection-rapprochee-les-mesures-de-securite-exceptionnelles-autour-de-son-incarceration","status":"publish","type":"post","link":"https:\/\/www.europesays.com\/fr\/498203\/","title":{"rendered":"\u00ab Eu \u00e9gard aux menaces qui p\u00e8sent sur lui \u00bb, Nicolas Sarkozy plac\u00e9 sous protection rapproch\u00e9e : les mesures de s\u00e9curit\u00e9 exceptionnelles autour de son incarc\u00e9ration"},"content":{"rendered":"<p data-start=\"745\" data-end=\"1222\">Depuis son incarc\u00e9ration \u00e0 la <strong data-start=\"775\" data-end=\"797\">prison de la Sant\u00e9<\/strong> \u00e0 Paris, <strong data-start=\"807\" data-end=\"826\">Nicolas Sarkozy<\/strong> fait l\u2019objet d\u2019un <strong data-start=\"845\" data-end=\"878\">dispositif de s\u00e9curit\u00e9 in\u00e9dit<\/strong> pour un ancien chef d\u2019\u00c9tat.<\/p>\n<p data-start=\"745\" data-end=\"1222\"><img decoding=\"async\" src=\"https:\/\/www.europesays.com\/fr\/wp-content\/uploads\/2025\/10\/nicolas-sarkozy-prison-carla-bruni-souffrance-physique-paris-match.jpg\" alt=\"Eu \u00e9gard aux menaces qui p\u00e8sent sur lui, Nicolas Sarkozy plac\u00e9 sous protection rapproch\u00e9e\u00a0: les mesures de s\u00e9curit\u00e9 exceptionnelles autour de son incarc\u00e9ration\"\/><\/p>\n<p data-start=\"745\" data-end=\"1222\">Comme l\u2019a confirm\u00e9 ce mercredi <strong data-start=\"938\" data-end=\"955\">Laurent Nu\u00f1ez<\/strong>, ministre de l\u2019Int\u00e9rieur, l\u2019ancien pr\u00e9sident b\u00e9n\u00e9ficie d\u2019une <strong data-start=\"1017\" data-end=\"1055\">protection rapproch\u00e9e en d\u00e9tention<\/strong>, assur\u00e9e par deux officiers de s\u00e9curit\u00e9 log\u00e9s dans la cellule voisine. Une mesure exceptionnelle, justifi\u00e9e par les <strong data-start=\"1172\" data-end=\"1196\">menaces persistantes<\/strong> qui p\u00e8seraient sur lui.<\/p>\n<p data-start=\"745\" data-end=\"1222\"><strong>Lire aussi\u00a0:\u00a0<a href=\"https:\/\/sobusygirls.fr\/2025\/10\/27\/en-train-de-peter-un-cable-nicolas-sarkozy-en-prison-cette-demande-de-visite-refusee-qui-fait-scandale\/\" target=\"_blank\" title=\"en-train-de-peter-un-cable-nicolas-sarkozy-en-prison-cette-demande-de-visite-refusee-qui-fait-scandale\" rel=\"nofollow noopener\">\u00ab\u00a0En train de p\u00e9ter un c\u00e2ble\u00a0\u00bb\u00a0: Nicolas Sarkozy en prison, cette demande de visite refus\u00e9e qui fait scandale<\/a><\/strong><\/p>\n<p>Une mesure de s\u00e9curit\u00e9 exceptionnelle pour un d\u00e9tenu pas comme les autres<\/p>\n<p data-start=\"1309\" data-end=\"1567\">\u00ab <strong data-start=\"1311\" data-end=\"1370\">Eu \u00e9gard \u00e0 son statut et aux menaces qui p\u00e8sent sur lui<\/strong>, il a \u00e9t\u00e9 d\u00e9cid\u00e9 que les deux officiers de s\u00e9curit\u00e9 qui l\u2019accompagnent habituellement continueraient leur mission m\u00eame en d\u00e9tention \u00bb, a expliqu\u00e9 <strong data-start=\"1517\" data-end=\"1534\">Laurent Nu\u00f1ez<\/strong> sur <strong data-start=\"1539\" data-end=\"1548\">CNews<\/strong> et <strong data-start=\"1552\" data-end=\"1564\">Europe 1<\/strong>.<\/p>\n<p data-start=\"1569\" data-end=\"1853\">Concr\u00e8tement, les deux agents du <strong data-start=\"1602\" data-end=\"1637\">Service de la protection (SDLP)<\/strong> ont \u00e9t\u00e9 install\u00e9s <strong data-start=\"1656\" data-end=\"1683\">dans la cellule voisine<\/strong> de celle de Nicolas Sarkozy. Leur pr\u00e9sence vise \u00e0 <strong data-start=\"1734\" data-end=\"1785\">pr\u00e9venir tout risque d\u2019agression ou d\u2019intrusion<\/strong> au sein du quartier d\u2019isolement o\u00f9 l\u2019ancien pr\u00e9sident est d\u00e9tenu.<\/p>\n<p data-start=\"1855\" data-end=\"2066\">Le ministre a pr\u00e9cis\u00e9 qu\u2019il s\u2019agissait d\u2019une <strong data-start=\"1900\" data-end=\"1952\">premi\u00e8re dans l\u2019histoire p\u00e9nitentiaire fran\u00e7aise<\/strong>, une mesure appliqu\u00e9e \u00ab en compl\u00e9ment du dispositif habituel mis en \u0153uvre par l\u2019administration p\u00e9nitentiaire \u00bb.<\/p>\n<p data-start=\"1855\" data-end=\"2066\"><strong>Lire aussi\u00a0:\u00a0<a href=\"https:\/\/sobusygirls.fr\/2025\/10\/29\/incarceration-de-nicolas-sarkozy-voici-lavantage-et-le-traitement-special-dont-lex-president-beneficierait-en-prison\/\" target=\"_blank\" title=\"incarceration-de-nicolas-sarkozy-voici-lavantage-et-le-traitement-special-dont-lex-president-beneficierait-en-prison\" rel=\"nofollow noopener\">Incarc\u00e9ration de Nicolas Sarkozy\u00a0: voici l&rsquo;avantage et le traitement sp\u00e9cial dont l\u2019ex-pr\u00e9sident b\u00e9n\u00e9ficierait en prison<\/a><\/strong><\/p>\n<p>Des menaces toujours prises au s\u00e9rieux<\/p>\n<p data-start=\"2118\" data-end=\"2438\">Ce protocole de s\u00e9curit\u00e9 d\u00e9coule de <strong data-start=\"2154\" data-end=\"2211\">menaces identifi\u00e9es par les services du renseignement<\/strong>, notamment li\u00e9es au pass\u00e9 politique de Nicolas Sarkozy et \u00e0 son exposition m\u00e9diatique. Ancien chef de l\u2019\u00c9tat, figure encore influente de la droite fran\u00e7aise, il reste une <strong data-start=\"2383\" data-end=\"2404\">cible potentielle<\/strong> pour certains groupes hostiles.<\/p>\n<p data-start=\"2440\" data-end=\"2742\">Selon Laurent Nu\u00f1ez, la d\u00e9cision a \u00e9t\u00e9 prise pour \u00ab <strong data-start=\"2492\" data-end=\"2527\">garantir son int\u00e9grit\u00e9 physique<\/strong> \u00bb d\u00e8s son transfert vers la prison de la Sant\u00e9. Celui-ci avait d\u2019ailleurs \u00e9t\u00e9 <strong data-start=\"2606\" data-end=\"2643\">escort\u00e9 par les forces de l\u2019ordre<\/strong> afin d\u2019\u00e9viter toute intrusion ou poursuite par des journalistes et motocyclistes lors du trajet.<\/p>\n<blockquote data-start=\"2744\" data-end=\"2878\"><p>&#13;<\/p>\n<p data-start=\"2746\" data-end=\"2878\">\u00ab C\u2019est ce que nous faisons habituellement dans ce genre de circonstances pour une personnalit\u00e9 menac\u00e9e \u00bb, a soulign\u00e9 le ministre.<\/p>\n<p>&#13;\n<\/p><\/blockquote>\n<p data-start=\"2880\" data-end=\"3043\">Le dispositif restera en place <strong data-start=\"2911\" data-end=\"2949\">\u00ab aussi longtemps que n\u00e9cessaire \u00bb<\/strong>, selon les autorit\u00e9s, et pourrait \u00eatre r\u00e9\u00e9valu\u00e9 en fonction de l\u2019\u00e9volution de la situation.<\/p>\n<p data-start=\"2880\" data-end=\"3043\"><strong>Lire aussi\u00a0:\u00a0<a href=\"https:\/\/sobusygirls.fr\/2025\/10\/28\/nicolas-sarkozy-prison-carla-bruni-visite-refusee-prison-sante-deputes-lfi\/\" target=\"_blank\" title=\"nicolas-sarkozy-prison-carla-bruni-visite-refusee-prison-sante-deputes-lfi\" rel=\"nofollow noopener\">Prison de la Sant\u00e9\u00a0: Carla Bruni emp\u00each\u00e9e de voir Nicolas Sarkozy, voici pourquoi<\/a><\/strong><\/p>\n<p>Une incarc\u00e9ration sous haute surveillance<\/p>\n<p data-start=\"3098\" data-end=\"3508\">Plac\u00e9 \u00e0 l\u2019isolement depuis son arriv\u00e9e, <strong data-start=\"3138\" data-end=\"3157\">Nicolas Sarkozy<\/strong> ne c\u00f4toie aucun autre d\u00e9tenu. Son quotidien est strictement encadr\u00e9 par le personnel p\u00e9nitentiaire et les officiers charg\u00e9s de sa s\u00e9curit\u00e9.<\/p>\n<p data-start=\"3098\" data-end=\"3508\">Sa cellule, \u00e9quip\u00e9e de toutes les installations de base, fait partie du <strong data-start=\"3370\" data-end=\"3410\">quartier des personnalit\u00e9s sensibles<\/strong>, r\u00e9serv\u00e9 aux figures politiques, m\u00e9diatiques ou publiques n\u00e9cessitant une protection renforc\u00e9e.<\/p>\n<p data-start=\"3510\" data-end=\"3831\">La prison de la Sant\u00e9, r\u00e9nov\u00e9e en 2019, dispose de dispositifs modernes de surveillance avec <strong data-start=\"3603\" data-end=\"3628\">plus de 1 300 cam\u00e9ras<\/strong>, mais le ministre de l\u2019Int\u00e9rieur a reconnu qu\u2019<strong data-start=\"3675\" data-end=\"3735\">une partie d\u2019entre elles n\u2019\u00e9taient pas encore num\u00e9riques<\/strong>, ce qui a conduit \u00e0 renforcer la pr\u00e9sence humaine autour du d\u00e9tenu le plus c\u00e9l\u00e8bre du moment.<\/p>\n<p data-start=\"3510\" data-end=\"3831\"><strong data-start=\"3963\" data-end=\"3978\"><strong>Lire aussi\u00a0:\u00a0<a href=\"https:\/\/sobusygirls.fr\/2025\/10\/21\/nicolas-sarkozy-prison-sante-cellule-speciale-conditions-detention\/\" target=\"_blank\" title=\"nicolas-sarkozy-prison-sante-cellule-speciale-conditions-detention\" rel=\"nofollow noopener\">Nicolas Sarkozy incarc\u00e9r\u00e9\u00a0: \u00e0 quoi ressemble sa cellule sp\u00e9ciale \u00e0 la prison de la Sant\u00e9\u00a0?<\/a><\/strong><\/strong><\/p>\n<p>Un prisonnier sous tension m\u00e9diatique<\/p>\n<p data-start=\"3882\" data-end=\"4147\">Depuis son incarc\u00e9ration le 21 octobre, la pr\u00e9sence de Nicolas Sarkozy \u00e0 la Sant\u00e9 suscite une <strong data-start=\"3976\" data-end=\"4013\">attention m\u00e9diatique consid\u00e9rable<\/strong>. Les cha\u00eenes d\u2019information en continu suivent son quotidien, ses visites familiales et les moindres d\u00e9tails de son r\u00e9gime carc\u00e9ral.<\/p>\n<p data-start=\"4149\" data-end=\"4490\">Les proches de l\u2019ancien pr\u00e9sident d\u00e9noncent une forme de <strong data-start=\"4206\" data-end=\"4235\">\u00ab voyeurisme m\u00e9diatique \u00bb<\/strong>, rappelant qu\u2019il demeure pr\u00e9sum\u00e9 innocent tant que les voies de recours ne sont pas \u00e9puis\u00e9es. <strong data-start=\"4330\" data-end=\"4345\">Carla Bruni<\/strong>, son \u00e9pouse, a d\u2019ailleurs multipli\u00e9 les publications sur Instagram pour exprimer son <strong data-start=\"4431\" data-end=\"4442\">soutien<\/strong> et sa <strong data-start=\"4449\" data-end=\"4487\">col\u00e8re face \u00e0 certaines intrusions<\/strong>.<\/p>\n<p data-start=\"4492\" data-end=\"4757\">Dans ce contexte, la d\u00e9cision de maintenir un dispositif de protection rapproch\u00e9e appara\u00eet comme une <strong data-start=\"4593\" data-end=\"4627\">n\u00e9cessit\u00e9 autant qu\u2019un symbole<\/strong>\u00a0: celui d\u2019un homme d\u2019\u00c9tat devenu justiciable, mais dont le statut continue d\u2019imposer des mesures de pr\u00e9caution exceptionnelles.<\/p>\n<p data-start=\"4492\" data-end=\"4757\"><strong>Lire aussi\u00a0:\u00a0<a href=\"https:\/\/sobusygirls.fr\/2025\/10\/27\/en-train-de-peter-un-cable-nicolas-sarkozy-en-prison-cette-demande-de-visite-refusee-qui-fait-scandale\/\" target=\"_blank\" title=\"en-train-de-peter-un-cable-nicolas-sarkozy-en-prison-cette-demande-de-visite-refusee-qui-fait-scandale\" rel=\"nofollow noopener\">\u00ab\u00a0En train de p\u00e9ter un c\u00e2ble\u00a0\u00bb\u00a0: Nicolas Sarkozy en prison, cette demande de visite refus\u00e9e qui fait scandale<\/a><\/strong><\/p>\n<p>En r\u00e9sum\u00e9<\/p>\n<p data-start=\"4780\" data-end=\"5156\">Incarc\u00e9r\u00e9 \u00e0 la <strong data-start=\"4795\" data-end=\"4817\">prison de la Sant\u00e9<\/strong> depuis le 21 octobre 2025, <strong data-start=\"4845\" data-end=\"4864\">Nicolas Sarkozy<\/strong> b\u00e9n\u00e9ficie d\u2019une <strong data-start=\"4881\" data-end=\"4917\">protection rapproch\u00e9e permanente<\/strong>, assur\u00e9e par deux officiers du <strong data-start=\"4949\" data-end=\"4977\">Service de la protection<\/strong> plac\u00e9s dans la cellule voisine.<\/p>\n<p data-start=\"4780\" data-end=\"5156\">Cette mesure, in\u00e9dite pour un ancien pr\u00e9sident fran\u00e7ais, a \u00e9t\u00e9 d\u00e9cid\u00e9e \u00ab <strong data-start=\"5083\" data-end=\"5126\">eu \u00e9gard aux menaces qui p\u00e8sent sur lui<\/strong> \u00bb, selon <strong data-start=\"5136\" data-end=\"5153\">Laurent Nu\u00f1ez<\/strong>.<\/p>\n<p data-start=\"5158\" data-end=\"5397\" data-is-last-node=\"\" data-is-only-node=\"\">Sous surveillance renforc\u00e9e et isol\u00e9 des autres d\u00e9tenus, l\u2019ancien chef d\u2019\u00c9tat vit une d\u00e9tention unique dans l\u2019histoire de la R\u00e9publique, entre prudence s\u00e9curitaire, tension m\u00e9diatique et d\u00e9bats sur l\u2019\u00e9galit\u00e9 de traitement des justiciables.<\/p>\n<p data-start=\"3562\" data-end=\"3929\">D\u00e9couvrez maintenant\u00a0<strong><a href=\"https:\/\/sobusygirls.fr\/2025\/08\/05\/ancien-jardinier-elysee-accuse-macron-conditions-travail-polemique\/\" target=\"_blank\" title=\"ancien-jardinier-elysee-accuse-macron-conditions-travail-polemique\" rel=\"nofollow noopener\">Emmanuel et Brigitte Macron vis\u00e9s par un nouveau scandale\u00a0: l\u2019ancien jardinier de l\u2019\u00c9lys\u00e9e a publi\u00e9 une vid\u00e9o virale<\/a><\/strong>\u00a0et\u00a0<strong><a href=\"https:\/\/sobusygirls.fr\/2025\/08\/22\/ca-ne-menerve-meme-pas-lactrice-golshifteh-farahani-repond-aux-rumeurs-dune-liaison-avec-emmanuel-macron\/\" target=\"_blank\" title=\"rumeurs-liaison-avec-emmanuel-macron-golshifteh-farahani \" rel=\"nofollow noopener\">\u00ab \u00c7a ne m\u2019\u00e9nerve m\u00eame pas \u00bb\u00a0: l&rsquo;actrice Golshifteh Farahani r\u00e9pond aux rumeurs d&rsquo;une liaison avec Emmanuel Macron<\/a>.<\/strong><\/p>\n<p data-start=\"3562\" data-end=\"3929\"><strong>Lire aussi\u00a0:\u00a0<a href=\"https:\/\/sobusygirls.fr\/2025\/10\/25\/je-taime-a-linfini-le-dernier-message-de-giulia-a-nicolas-sarkozy-avant-son-incarceration\/\" target=\"_blank\" title=\"je-taime-a-linfini-le-dernier-message-de-giulia-a-nicolas-sarkozy-avant-son-incarceration\" rel=\"nofollow noopener\">\u00ab\u00a0Je t\u2019aime \u00e0 l\u2019infini\u201d\u00a0: le dernier message de Giulia \u00e0 Nicolas Sarkozy avant son incarc\u00e9ration<\/a><\/strong><\/p>\n","protected":false},"excerpt":{"rendered":"Depuis son incarc\u00e9ration \u00e0 la prison de la Sant\u00e9 \u00e0 Paris, Nicolas Sarkozy fait l\u2019objet d\u2019un dispositif de&hellip;\n","protected":false},"author":2,"featured_media":498204,"comment_status":"","ping_status":"","sticky":false,"template":"","format":"standard","meta":{"footnotes":""},"categories":[1586],"tags":[11,1777,674,1779,1011,27,12,25,1778,364],"class_list":{"0":"post-498203","1":"post","2":"type-post","3":"status-publish","4":"format-standard","5":"has-post-thumbnail","7":"category-europe","8":"tag-actualites","9":"tag-eu","10":"tag-europe","11":"tag-european-union","12":"tag-fr","13":"tag-france","14":"tag-news","15":"tag-republique-francaise","16":"tag-ue","17":"tag-union-europeenne"},"share_on_mastodon":{"url":"https:\/\/pubeurope.com\/@fr\/115458776448419065","error":""},"_links":{"self":[{"href":"https:\/\/www.europesays.com\/fr\/wp-json\/wp\/v2\/posts\/498203","targetHints":{"allow":["GET"]}}],"collection":[{"href":"https:\/\/www.europesays.com\/fr\/wp-json\/wp\/v2\/posts"}],"about":[{"href":"https:\/\/www.europesays.com\/fr\/wp-json\/wp\/v2\/types\/post"}],"author":[{"embeddable":true,"href":"https:\/\/www.europesays.com\/fr\/wp-json\/wp\/v2\/users\/2"}],"replies":[{"embeddable":true,"href":"https:\/\/www.europesays.com\/fr\/wp-json\/wp\/v2\/comments?post=498203"}],"version-history":[{"count":0,"href":"https:\/\/www.europesays.com\/fr\/wp-json\/wp\/v2\/posts\/498203\/revisions"}],"wp:featuredmedia":[{"embeddable":true,"href":"https:\/\/www.europesays.com\/fr\/wp-json\/wp\/v2\/media\/498204"}],"wp:attachment":[{"href":"https:\/\/www.europesays.com\/fr\/wp-json\/wp\/v2\/media?parent=498203"}],"wp:term":[{"taxonomy":"category","embeddable":true,"href":"https:\/\/www.europesays.com\/fr\/wp-json\/wp\/v2\/categories?post=498203"},{"taxonomy":"post_tag","embeddable":true,"href":"https:\/\/www.europesays.com\/fr\/wp-json\/wp\/v2\/tags?post=498203"}],"curies":[{"name":"wp","href":"https:\/\/api.w.org\/{rel}","templated":true}]}}