{"id":498211,"date":"2025-10-29T18:07:12","date_gmt":"2025-10-29T18:07:12","guid":{"rendered":"https:\/\/www.europesays.com\/fr\/498211\/"},"modified":"2025-10-29T18:07:12","modified_gmt":"2025-10-29T18:07:12","slug":"hotelplanner-tour-les-enjeux-de-la-finale","status":"publish","type":"post","link":"https:\/\/www.europesays.com\/fr\/498211\/","title":{"rendered":"HotelPlanner Tour : les enjeux de la finale"},"content":{"rendered":"<p>\t\t\t\t\t\t<img width=\"770\" height=\"556\" src=\"https:\/\/www.europesays.com\/fr\/wp-content\/uploads\/2025\/10\/afp__20250510__2214343839__v1__highres__challengedeespana2025daythree-770x556.jpg\" class=\"img-responsive wp-post-image\" alt=\"\" decoding=\"async\" fetchpriority=\"high\"  \/>\t\t\t\t\t<\/p>\n<p>\t\t\t\t\t\t Partager cet article <\/p>\n<p class=\"screen-reader-text juiz_sps_maybe_hidden_text\">Partager la publication \u00ab\u00a0HotelPlanner Tour : les enjeux de la finale\u00a0\u00bb<\/p>\n<p><strong>Les quatre Fran\u00e7ais pr\u00e9sents \u00e0 Alcanada pour la Rolex Grand Final, Oihan Guillamoundeguy, F\u00e9lix Mory, Julien Sale et Cl\u00e9ment Charmasson (photo), ont des objectifs diff\u00e9rents dans ce dernier tournoi de la saison. Tour d\u2019horizon des enjeux de chacun.<\/strong><\/p>\n<p><strong>N.C.<\/strong><\/p>\n<p>Pour la cinqui\u00e8me ann\u00e9e cons\u00e9cutive, le somptueux <strong>Club de Golf Alcanada<\/strong>, \u00e0 Majorque,\u00a0accueille les 45 meilleurs joueurs de la saison de l\u2019<strong>HotelPlanner Tour<\/strong> (ex-<strong>Challenge Tour<\/strong>) pour la <strong>Rolex Grand Final<\/strong>. 500 000 \u20ac (dont 85 000 \u20ac pour le vainqueur) et 4 000 points (contre 2 000 pour les autres tournois) sont en jeu. L\u2019an dernier, <strong>Martin Couvra et Pierre Pineau<\/strong> y avaient notamment obtenu leur carte pour le <strong>DP World Tour<\/strong>.<\/p>\n<p><a href=\"https:\/\/www.europeantour.com\/hotelplanner-tour\/rolex-challenge-tour-grand-final-supported-by-the-r-a-2025\/tee-times?round=1\" target=\"_blank\" rel=\"noopener nofollow\">Les tee times du premier tour<\/a><\/p>\n<p>Car oui, c\u2019est bien l\u00e0 l\u2019enjeu principal de ce tournoi : une place sur la premi\u00e8re division europ\u00e9enne. Au terme de cette finale, les 20 meilleurs du classement g\u00e9n\u00e9ral obtiendront leur s\u00e9same pour l\u2019\u00e9lite. Avec seulement 161 points d\u2019\u00e9cart entre <strong>Victor Pastor<\/strong>, dernier joueur qualifi\u00e9, et <strong>Jamie Rutherford<\/strong>, 20e, tout le monde peut encore esp\u00e9rer monter \u00e0 l\u2019\u00e9tage sup\u00e9rieur. Le vainqueur \u00e0 Alcanada recevra ainsi 640 points, le deuxi\u00e8me 440 points, le troisi\u00e8me 280, le quatri\u00e8me 240 et le cinqui\u00e8me 200. La 45e place rapportera 20,8 points.<\/p>\n<blockquote class=\"instagram-media\" style=\"background: #FFF; border: 0; border-radius: 3px; box-shadow: 0 0 1px 0 rgba(0,0,0,0.5),0 1px 10px 0 rgba(0,0,0,0.15); margin: 1px; max-width: 540px; min-width: 326px; padding: 0; width: calc(100% - 2px);\" data-instgrm-captioned=\"\" data-instgrm-permalink=\"https:\/\/www.instagram.com\/p\/DQTp1HZAHoR\/?utm_source=ig_embed&amp;utm_campaign=loading\" data-instgrm-version=\"14\"><p>&#13;<br \/>\n&#13;\n<\/p><\/blockquote>\n<p>Ils sont assur\u00e9s d\u2019\u00eatre sur le DP World Tour en 2026<\/p>\n<p>La pression de la carte pour eux est d\u00e9j\u00e0 retomb\u00e9e, <strong>Oihan Guillamoundeguy <\/strong>et<strong> F\u00e9lix Mory<\/strong> ont en effet accumul\u00e9 assez de points \u00e0 la <strong>Road To Mallorca<\/strong> pour assurer leur mont\u00e9e. Le Landais, 5e \u00e0 l\u2019ordre du m\u00e9rite, peut encore remporter le classement g\u00e9n\u00e9ral s\u2019il gagne \u00e0 Majorque et que le leader, <strong>JC Ritchie<\/strong>, ne termine pas mieux que troisi\u00e8me. Le vainqueur de l\u2019<strong>Irish Challenge<\/strong> peut finir deuxi\u00e8me et remporter tout de m\u00eame le classement, mais il d\u00e9pendra alors des r\u00e9sultats de ceux qui le devancent actuellement.<\/p>\n<p>Pour le Nordiste, l\u2019enjeu est de finir le plus haut possible au g\u00e9n\u00e9ral afin de s\u2019ouvrir les portes de davantage de tournois la saison prochaine au sein de l\u2019\u00e9lite. \u00c0 noter que les cinq premiers de l\u2019ordre du m\u00e9rite b\u00e9n\u00e9ficient de la <strong>John Jacobs Bursary Award<\/strong>, qui leur offre une petite aide financi\u00e8re lors de leur arriv\u00e9e dans l\u2019\u00e9lite.<\/p>\n<p>Du bon c\u00f4t\u00e9 de la ligne<\/p>\n<p>Sa premi\u00e8re saison sur l\u2019<strong>HotelPlanner Tour<\/strong> est une tr\u00e8s belle r\u00e9ussite.<strong> Cl\u00e9ment Charmasson<\/strong> est actuellement 16e \u00e0 la Road To Mallorca avec une victoire au <strong>Challenge de Espa\u00f1a<\/strong> d\u00e8s son cinqui\u00e8me d\u00e9part.<\/p>\n<p>Le promu du <strong>Pro Golf Tour<\/strong> a son destin en main avec ses 85 points d\u2019avance sur le 21e, <strong>Anton Albers<\/strong>. Un top 5 lui assurerait une place sur le Tour europ\u00e9en sans avoir \u00e0 se soucier des autres. Dans la majorit\u00e9 des cas, un top 10 devrait \u00e9galement \u00eatre suffisant. Au-del\u00e0, il sera beaucoup plus d\u00e9pendant des autres.<\/p>\n<p>Il a besoin d\u2019un tr\u00e8s gros r\u00e9sultat<\/p>\n<p><strong>Julien Sale<\/strong> a jou\u00e9 sur deux tableaux cette saison. Apr\u00e8s sa magnifique victoire sur l\u2019<strong>Asian Tour<\/strong> aux Philippines, le R\u00e9unionnais a profit\u00e9 de nombreuses invitations sur l\u2019HotelPlanner Tour. Il les a bonifi\u00e9es, puisqu\u2019il est 39e avec seulement 15 tournois jou\u00e9s.<\/p>\n<blockquote class=\"instagram-media\" style=\"background: #FFF; border: 0; border-radius: 3px; box-shadow: 0 0 1px 0 rgba(0,0,0,0.5),0 1px 10px 0 rgba(0,0,0,0.15); margin: 1px; max-width: 540px; min-width: 326px; padding: 0; width: calc(100% - 2px);\" data-instgrm-captioned=\"\" data-instgrm-permalink=\"https:\/\/www.instagram.com\/p\/DQXJECRiPKK\/?utm_source=ig_embed&amp;utm_campaign=loading\" data-instgrm-version=\"14\"><p>&#13;<br \/>\n&#13;\n<\/p><\/blockquote>\n<p>Math\u00e9matiquement, un top 5, voire un top 6, pourrait lui suffire, mais il faudrait un gros concours de circonstances pour que cela soit ent\u00e9rin\u00e9. En clair, le joueur de la <strong>Team St Laurent<\/strong> doit viser le podium pour s\u2019\u00e9viter trop de calculs.<\/p>\n<p>La <strong>Rolex Grand Final<\/strong> sera \u00e0 suivre en direct sur les antennes de Golf +. De jeudi \u00e0 samedi, la prise d\u2019antenne se fera \u00e0 12h00 pour une conclusion \u00e0 17h00. Pour le dernier tour, cela d\u00e9butera un tout petit peu plus t\u00f4t, d\u00e8s 11h30.<\/p>\n<p>\u00a0<\/p>\n<p>\u00a0<\/p>\n<p>\u00a9AITOR ALCALDE \/ GETTY IMAGES EUROPE \/ Getty Images via AFP<\/p>\n<p>\t\t\t<script async src=\"\/\/www.instagram.com\/embed.js\"><\/script><\/p>\n","protected":false},"excerpt":{"rendered":"Partager cet article Partager la publication \u00ab\u00a0HotelPlanner Tour : les enjeux de la finale\u00a0\u00bb Les quatre Fran\u00e7ais pr\u00e9sents&hellip;\n","protected":false},"author":2,"featured_media":498212,"comment_status":"","ping_status":"","sticky":false,"template":"","format":"standard","meta":{"footnotes":""},"categories":[1418],"tags":[1011,27,1472,60],"class_list":{"0":"post-498211","1":"post","2":"type-post","3":"status-publish","4":"format-standard","5":"has-post-thumbnail","7":"category-golf","8":"tag-fr","9":"tag-france","10":"tag-golf","11":"tag-sports"},"share_on_mastodon":{"url":"https:\/\/pubeurope.com\/@fr\/115458792188787023","error":""},"_links":{"self":[{"href":"https:\/\/www.europesays.com\/fr\/wp-json\/wp\/v2\/posts\/498211","targetHints":{"allow":["GET"]}}],"collection":[{"href":"https:\/\/www.europesays.com\/fr\/wp-json\/wp\/v2\/posts"}],"about":[{"href":"https:\/\/www.europesays.com\/fr\/wp-json\/wp\/v2\/types\/post"}],"author":[{"embeddable":true,"href":"https:\/\/www.europesays.com\/fr\/wp-json\/wp\/v2\/users\/2"}],"replies":[{"embeddable":true,"href":"https:\/\/www.europesays.com\/fr\/wp-json\/wp\/v2\/comments?post=498211"}],"version-history":[{"count":0,"href":"https:\/\/www.europesays.com\/fr\/wp-json\/wp\/v2\/posts\/498211\/revisions"}],"wp:featuredmedia":[{"embeddable":true,"href":"https:\/\/www.europesays.com\/fr\/wp-json\/wp\/v2\/media\/498212"}],"wp:attachment":[{"href":"https:\/\/www.europesays.com\/fr\/wp-json\/wp\/v2\/media?parent=498211"}],"wp:term":[{"taxonomy":"category","embeddable":true,"href":"https:\/\/www.europesays.com\/fr\/wp-json\/wp\/v2\/categories?post=498211"},{"taxonomy":"post_tag","embeddable":true,"href":"https:\/\/www.europesays.com\/fr\/wp-json\/wp\/v2\/tags?post=498211"}],"curies":[{"name":"wp","href":"https:\/\/api.w.org\/{rel}","templated":true}]}}