{"id":498213,"date":"2025-10-29T18:09:14","date_gmt":"2025-10-29T18:09:14","guid":{"rendered":"https:\/\/www.europesays.com\/fr\/498213\/"},"modified":"2025-10-29T18:09:14","modified_gmt":"2025-10-29T18:09:14","slug":"un-grand-talent-se-rapproche-dun-depart-bayonne-en-pole-pour-laccueillir","status":"publish","type":"post","link":"https:\/\/www.europesays.com\/fr\/498213\/","title":{"rendered":"un grand talent se rapproche d\u2019un d\u00e9part, Bayonne en pole pour l\u2019accueillir ?"},"content":{"rendered":"<p>Il fait partie des joueurs dont le cas n\u2019a pas encore \u00e9t\u00e9 r\u00e9gl\u00e9. Toujours pr\u00e9cieux mais rarement pr\u00e9sent au moment des phases finales, Dimitri Delibes arrive en fin de contrat \u00e0 l\u2019issue de la saison. Auteur d\u2019un excellent d\u00e9but de saison avant de se blesser, le centre ou ailier confiait il y a peu son envie de bousculer la hi\u00e9rarchie pour s\u2019imposer avec le Stade Toulousain.<\/p>\n<p>Delibes proche de la sortie<\/p>\n<p>N\u00e9anmoins, l\u2019ancien de Blagnac se rapproche plus que jamais d\u2019un d\u00e9part en fin de saison. Si Pita Ahki va quitter le club,<a href=\"https:\/\/www.quinzemondial.com\/top-14\/stade-toulousain-menoncello-aurait-accepte-une-offre-bien-inferieure-a-celle-de-toulon-819417\" target=\"_blank\" rel=\"noopener\"> l\u2019arriv\u00e9e probable de Tommaso Menoncello<\/a> assombrit son futur, d\u2019autant que Pierre-Louis Barassi, Santiago Chocobares, Teddy Thomas, Paul Costes et la <a href=\"https:\/\/www.quinzemondial.com\/top-14\/stade-toulousain-bluffe-par-gourgues-mele-souligne-ses-performances-819556\" target=\"_blank\" rel=\"noopener\">r\u00e9v\u00e9lation Kalvin Gourgues vont rester.<\/a><\/p>\n<p>Selon toute vraisemblance, Dimitri Delibes devrait prendre un nouveau d\u00e9part en juin prochain et son profil int\u00e9resse de nombreuses \u00e9curies. Les derni\u00e8res indiscr\u00e9tions font notamment part d\u2019un int\u00e9r\u00eat prononc\u00e9 de l\u2019Aviron Bayonnais. Il pourrait ainsi rejoindre son ancien co\u00e9quipier Baptiste Germain sur la c\u00f4te basque et contribuer \u00e0 la progression de la formation entra\u00een\u00e9e par Gr\u00e9gory Patat. On devrait y voir plus clair d\u2019ici quelques semaines.<\/p>\n<p>Partagez cette info avec vos amis et vos proches en cliquant ici<br \/>Pour r\u00e9sumer<\/p>\n<p>Un grand talent du Stade Toulousain se rapproche d\u2019un d\u00e9part du club \u00e0 l\u2019issue de la saison. Son profil est appr\u00e9ci\u00e9 dans le Top 14 et il pourrait notamment rebondir du c\u00f4t\u00e9 de l\u2019Aviron Bayonnais. Dimitri Delibes est courtis\u00e9.<\/p>\n<p> <img decoding=\"async\" width=\"76\" height=\"76\" loading=\"lazy\" src=\"https:\/\/www.europesays.com\/fr\/wp-content\/uploads\/2025\/04\/avatar-quinze.png\" alt=\"La r\u00e9daction\"\/><\/p>\n","protected":false},"excerpt":{"rendered":"Il fait partie des joueurs dont le cas n\u2019a pas encore \u00e9t\u00e9 r\u00e9gl\u00e9. Toujours pr\u00e9cieux mais rarement pr\u00e9sent&hellip;\n","protected":false},"author":2,"featured_media":498214,"comment_status":"","ping_status":"","sticky":false,"template":"","format":"standard","meta":{"footnotes":""},"categories":[1416],"tags":[1011,27,479,1468,60,476,478],"class_list":{"0":"post-498213","1":"post","2":"type-post","3":"status-publish","4":"format-standard","5":"has-post-thumbnail","7":"category-rugby","8":"tag-fr","9":"tag-france","10":"tag-rugby","11":"tag-rugby-football","12":"tag-sports","13":"tag-stade-toulousain","14":"tag-top-14"},"share_on_mastodon":{"url":"","error":""},"_links":{"self":[{"href":"https:\/\/www.europesays.com\/fr\/wp-json\/wp\/v2\/posts\/498213","targetHints":{"allow":["GET"]}}],"collection":[{"href":"https:\/\/www.europesays.com\/fr\/wp-json\/wp\/v2\/posts"}],"about":[{"href":"https:\/\/www.europesays.com\/fr\/wp-json\/wp\/v2\/types\/post"}],"author":[{"embeddable":true,"href":"https:\/\/www.europesays.com\/fr\/wp-json\/wp\/v2\/users\/2"}],"replies":[{"embeddable":true,"href":"https:\/\/www.europesays.com\/fr\/wp-json\/wp\/v2\/comments?post=498213"}],"version-history":[{"count":0,"href":"https:\/\/www.europesays.com\/fr\/wp-json\/wp\/v2\/posts\/498213\/revisions"}],"wp:featuredmedia":[{"embeddable":true,"href":"https:\/\/www.europesays.com\/fr\/wp-json\/wp\/v2\/media\/498214"}],"wp:attachment":[{"href":"https:\/\/www.europesays.com\/fr\/wp-json\/wp\/v2\/media?parent=498213"}],"wp:term":[{"taxonomy":"category","embeddable":true,"href":"https:\/\/www.europesays.com\/fr\/wp-json\/wp\/v2\/categories?post=498213"},{"taxonomy":"post_tag","embeddable":true,"href":"https:\/\/www.europesays.com\/fr\/wp-json\/wp\/v2\/tags?post=498213"}],"curies":[{"name":"wp","href":"https:\/\/api.w.org\/{rel}","templated":true}]}}