{"id":498225,"date":"2025-10-29T18:19:31","date_gmt":"2025-10-29T18:19:31","guid":{"rendered":"https:\/\/www.europesays.com\/fr\/498225\/"},"modified":"2025-10-29T18:19:31","modified_gmt":"2025-10-29T18:19:31","slug":"apres-adil-rami-jean-luc-reichmann-recrute-un-ancien-entraineur-de-lom-pour-jouer-un-guest-dans-la-prochaine-saison","status":"publish","type":"post","link":"https:\/\/www.europesays.com\/fr\/498225\/","title":{"rendered":"Apr\u00e8s Adil Rami, Jean-Luc Reichmann recrute un ancien entra\u00eeneur de l&rsquo;OM pour jouer un guest dans la prochaine saison"},"content":{"rendered":"<p>Pour la nouvelle saison de <b>L\u00e9o Matt\u00e9\u00ef, brigade des mineurs<\/b>, <b>Jean-Luc Reichmann<\/b> promet aux fans des nouveaut\u00e9s. L&rsquo;animateur des Douze coups de midi, qui tourne dans le sud de la France la saison 13 de la s\u00e9rie polici\u00e8re diffus\u00e9e sur TF1, a d\u00e9j\u00e0 annonc\u00e9 <a href=\"https:\/\/www.programme-tv.net\/news\/series-tv\/389970-exclu-leo-mattei-jean-luc-reichmann-reagit-pour-la-premiere-fois-au-depart-de-lola-dubini-et-stomy-bugsy\/\" data-api-deeplink=\"teleloisirs:\/\/news\/389970\" target=\"_blank\" rel=\"noopener\">le d\u00e9part de Lola Dubini et Stomy Bugsy<\/a> qui seront remplac\u00e9s dans les prochains \u00e9pisodes par <a href=\"https:\/\/www.programme-tv.net\/news\/tv\/389253-un-vrai-bonheur-jean-luc-reichmann-accueille-louvia-bachelier-sa-nouvelle-partenaire-dans-leo-mattei-photos\/\" data-api-deeplink=\"teleloisirs:\/\/news\/389253\" target=\"_blank\" rel=\"noopener\">Louvia Bachelier, son ancienne partenaire de Demain nous appartient<\/a> dans le r\u00f4le de Justine, une jeune recrue qui va d\u00e9couvrir le terrain aupr\u00e8s de L\u00e9o Matt\u00e9\u00ef, et par <a href=\"https:\/\/www.programme-tv.net\/biographie\/5218-desagnat-vincent\/\" data-link-people=\"0ee07aef-d325-4f57-874c-8c27d0dfb004\" target=\"_blank\" rel=\"noopener\">Vincent Desagnat<\/a> qui campera Trimoulin, un commissaire fantasque. Parmi les enqu\u00eates \u00e0 venir\u00a0: le kidnapping d\u2019une fillette apr\u00e8s un home-jacking dans une chocolaterie familiale, la disparition de trois jeunes enqu\u00eateurs du web qui rouvrent une ancienne affaire et un jeune prodige du foot pris pour cible par de myst\u00e9rieux agresseurs.<\/p>\n<p>                        L\u00e9o Matt\u00e9\u00ef, brigade des mineurs\u00a0: Jean-Luc Reichmann promet une pluie de nouveaux guests de marque dans la saison 13<\/p>\n<p>\u00c0 l&rsquo;instar des pr\u00e9c\u00e9dentes saisons, o\u00f9 il a jou\u00e9 avec <a href=\"https:\/\/www.programme-tv.net\/biographie\/6091-brasseur-alexandre\/\" data-link-people=\"40ebf44f-a60a-4958-b1be-bd277a9a6c0e\" target=\"_blank\" rel=\"noopener\">Alexandre Brasseur<\/a>, <a href=\"https:\/\/www.programme-tv.net\/biographie\/991-chauvin-ingrid\/\" data-link-people=\"38ef1402-afc8-4aac-8a6e-1d75bed98abe\" target=\"_blank\" rel=\"noopener\">Ingrid Chauvin<\/a> ou <a href=\"https:\/\/www.programme-tv.net\/biographie\/8480-bas-philippe\/\" data-link-people=\"9ad2e81c-743c-420c-b385-35083f38dc24\" target=\"_blank\" rel=\"noopener\">Philippe Bas<\/a>, Jean-Luc Reichmann donnera la r\u00e9plique \u00e0 de nombreux invit\u00e9s de marque dans la prochaine saison de L\u00e9o Matte\u00ef. Se succ\u00e9deront entre autres <a href=\"https:\/\/www.programme-tv.net\/biographie\/67049-gautry-lannick\/\" data-link-people=\"6a1d95f5-f3ab-43e2-b764-5f9b0ccc7d82\" target=\"_blank\" rel=\"noopener\">Lannick Gautry<\/a> (Tout pour la lumi\u00e8re), <a href=\"https:\/\/www.programme-tv.net\/biographie\/35341-varlet-elodie\/\" data-link-people=\"703e3f7b-d296-43e6-9bad-126d3d9e015f\" target=\"_blank\" rel=\"noopener\">\u00c9lodie Varlet<\/a> (Plus belle la vie), Fabien Wolfrom (Ici tout commence), Marie Hennerez (Plus belle la vie), <a href=\"https:\/\/www.programme-tv.net\/biographie\/44956-rebboah-cecile\/\" data-link-people=\"3860a4e7-bbdf-4495-b26e-11c1b32fd048\" target=\"_blank\" rel=\"noopener\">C\u00e9cile Rebboah<\/a> (Les bracelets rouges), Marc Ruchmann (Plan c\u0153ur), <a href=\"https:\/\/www.programme-tv.net\/biographie\/12445-demouy-vanessa\/\" data-link-people=\"0a981013-c349-4148-a045-64b5c3330728\" target=\"_blank\" rel=\"noopener\">Vanessa Demouy<\/a> (Ici tout commence), et peut-\u00eatre m\u00eame Francis Huster et <a href=\"https:\/\/www.programme-tv.net\/news\/series-tv\/243676-leo-mattei-jean-luc-reichmann-passe-les-menottes-a-jean-pierre-foucault-photos\/\" data-api-deeplink=\"teleloisirs:\/\/news\/243676\" target=\"_blank\" rel=\"noopener\">Jean-Pierre Foucault qui sont apparus sur les r\u00e9seaux aux c\u00f4t\u00e9s de Jean-Luc Reichmann<\/a>\u2026 L&rsquo;ancien footballeur international Adil Rami fera quant \u00e0 lui ses premiers pas d&rsquo;acteur dans deux \u00e9pisodes de la saison 13.<\/p>\n<p>            L\u00e9o Matt\u00e9\u00ef, brigade des mineurs\u00a0: Rolland Courbis fera une apparition dans la prochaine saison de la s\u00e9rie de Jean-Luc Reichmann<\/p>\n<p>Une autre personnalit\u00e9 qui a plus l&rsquo;habitude des terrains de football que des plateaux de t\u00e9l\u00e9vision fera une apparition dans L\u00e9o Matt\u00e9\u00ef\u00a0: l&rsquo;ancien footballeur, entra\u00eeneur et consultant fran\u00e7ais <b>Rolland Courbis<\/b>. Sur son compte Instagram officiel, Jean-Luc Reichmann a partag\u00e9 une photo de lui en compagnie de l&rsquo;ancien entra\u00eeneur de Marseille, tout sourire, sur le tournage de la s\u00e9rie. \u00ab\u00a0Avec le coach Rolland Courbis pour tourner un \u00e9pisode sur les jeunes et le foot aujourd\u2019hui\u00a0\u00bb, a comment\u00e9 l&rsquo;acteur et animateur. L&rsquo;ancien entra\u00eeneur \u00e0 l&rsquo;accent chantant n&rsquo;en est pas \u00e0 son coup d&rsquo;essai. Il avait fait des apparitions au cin\u00e9ma dans trois films de Fabien Onteniente\u00a0: Trois z\u00e9ros (2002), Turf (2013) et Quatre z\u00e9ros (2024).<\/p>\n<p>Le coach au grand c\u0153ur et au franc-parler sera \u00e9galement devant la cam\u00e9ra dans la saison 2 des <b>H\u00e9ros du gazon <\/b><b>sur France.tv<\/b>. Apr\u00e8s la premi\u00e8re \u00e9dition tourn\u00e9e en \u00cele-de-France avec l&rsquo;entra\u00eeneur Pascal Dupraz qui avait repris en main l&rsquo;\u00e9quipe de Fontenay-le-Vicomte, direction la r\u00e9gion Provence-Alpes-C\u00f4te d&rsquo;Azur pour faire connaissance avec une nouvelle \u00e9quipe de football amateur \u00e0 la peine que viendra guider Rolland Courbis. Le charismatique amoureux du football transmettra sa passion du ballon rond \u00e0 l&rsquo;Olympique Novais, club embl\u00e9matique de Noves, une commune de 6 000 habitants dans les Bouches-du-Rh\u00f4ne. Sa mission\u00a0: d\u00e9crocher au moins une victoire avant la fin de la saison pour cette \u00e9quipe qui a encha\u00een\u00e9 12 d\u00e9faites.<\/p>\n<p>La saison 13 in\u00e9dite de L\u00e9o Matt\u00e9\u00ef, brigade des mineurs sera diffus\u00e9e en 2026 sur TF1. Avec dans les r\u00f4les principaux, aux c\u00f4t\u00e9s de Jean-Luc Reichmann qui tient depuis douze ans le r\u00f4le-titre, Louvia Bachelier (Justine Martin), Vincent Desagnat (Commissaire Trimoulin), Romane Portail (Marion Da Costa), Gwendal Marimoutou (Randal) et <a href=\"https:\/\/www.programme-tv.net\/biographie\/72033-st-pier-natasha\/\" data-link-people=\"58e1295d-0af6-4d02-997f-7f2ec1bd22fe\" target=\"_blank\" rel=\"noopener\">Natasha St-Pier<\/a> (Ana\u00efs).<\/p>\n<blockquote class=\"instagram-media\" data-instgrm-captioned=\"\" data-instgrm-permalink=\"https:\/\/www.instagram.com\/p\/DQTXXAcAo0S\/?utm_source=ig_embed&amp;utm_campaign=loading\" data-instgrm-version=\"14\" style=\" background:#FFF; border:0; border-radius:3px; box-shadow:0 0 1px 0 rgba(0,0,0,0.5),0 1px 10px 0 rgba(0,0,0,0.15); margin: 1px; max-width:658px; min-width:326px; padding:0; width:99.375%; width:-webkit-calc(100% - 2px); width:calc(100% - 2px);\"\/>\n<p>    <script async src=\"\/\/www.instagram.com\/embed.js\"><\/script><\/p>\n","protected":false},"excerpt":{"rendered":"Pour la nouvelle saison de L\u00e9o Matt\u00e9\u00ef, brigade des mineurs, Jean-Luc Reichmann promet aux fans des nouveaut\u00e9s. L&rsquo;animateur&hellip;\n","protected":false},"author":2,"featured_media":498226,"comment_status":"","ping_status":"","sticky":false,"template":"","format":"standard","meta":{"footnotes":""},"categories":[1356],"tags":[17043,244,58,59,1011,27,465,31244,252,199,1364,1630],"class_list":{"0":"post-498225","1":"post","2":"type-post","3":"status-publish","4":"format-standard","5":"has-post-thumbnail","7":"category-television","8":"tag-brigade-des-mineurs","9":"tag-commentaire","10":"tag-divertissement","11":"tag-entertainment","12":"tag-fr","13":"tag-france","14":"tag-jean-luc-reichmann","15":"tag-lu00e9o-mattu00e9u00ef","16":"tag-television","17":"tag-tf1","18":"tag-tv","19":"tag-zapping"},"share_on_mastodon":{"url":"https:\/\/pubeurope.com\/@fr\/115458838715682290","error":""},"_links":{"self":[{"href":"https:\/\/www.europesays.com\/fr\/wp-json\/wp\/v2\/posts\/498225","targetHints":{"allow":["GET"]}}],"collection":[{"href":"https:\/\/www.europesays.com\/fr\/wp-json\/wp\/v2\/posts"}],"about":[{"href":"https:\/\/www.europesays.com\/fr\/wp-json\/wp\/v2\/types\/post"}],"author":[{"embeddable":true,"href":"https:\/\/www.europesays.com\/fr\/wp-json\/wp\/v2\/users\/2"}],"replies":[{"embeddable":true,"href":"https:\/\/www.europesays.com\/fr\/wp-json\/wp\/v2\/comments?post=498225"}],"version-history":[{"count":0,"href":"https:\/\/www.europesays.com\/fr\/wp-json\/wp\/v2\/posts\/498225\/revisions"}],"wp:featuredmedia":[{"embeddable":true,"href":"https:\/\/www.europesays.com\/fr\/wp-json\/wp\/v2\/media\/498226"}],"wp:attachment":[{"href":"https:\/\/www.europesays.com\/fr\/wp-json\/wp\/v2\/media?parent=498225"}],"wp:term":[{"taxonomy":"category","embeddable":true,"href":"https:\/\/www.europesays.com\/fr\/wp-json\/wp\/v2\/categories?post=498225"},{"taxonomy":"post_tag","embeddable":true,"href":"https:\/\/www.europesays.com\/fr\/wp-json\/wp\/v2\/tags?post=498225"}],"curies":[{"name":"wp","href":"https:\/\/api.w.org\/{rel}","templated":true}]}}