{"id":498241,"date":"2025-10-29T18:27:11","date_gmt":"2025-10-29T18:27:11","guid":{"rendered":"https:\/\/www.europesays.com\/fr\/498241\/"},"modified":"2025-10-29T18:27:11","modified_gmt":"2025-10-29T18:27:11","slug":"olives-espagnoles-lunion-europeenne-autorisee-a-imposer-des-sanctions-contre-les-etats-unis-le-figaro","status":"publish","type":"post","link":"https:\/\/www.europesays.com\/fr\/498241\/","title":{"rendered":"Olives espagnoles: l&#039;Union europ\u00e9enne autoris\u00e9e \u00e0 imposer des sanctions contre les \u00c9tats-Unis &#8211; Le Figaro"},"content":{"rendered":"<ol>\n<li><a href=\"https:\/\/news.google.com\/rss\/articles\/CBMi0wFBVV95cUxOb1dnZFZEV1Y5VDlDajlQSW5lTDg5ZkFTcGphaGJNdmRFeVN1UmZLd2FiQlJiMW9TdWJTLVJrXzB2Z0dWWWZvd2RwWTM0dVlnWVkyVUVNdUQ4Y0lNYkdlQTRHOE5zYTN3Zy1wOXpHUzRBY1V4SXlKaTMzWUU3SWRNQ0FMdVRXbmpKOHo2NC1qRjBYaXZqN01JMHp4Y3V5bE10M2VZdU1qbGg2Y004V21McXZYVWxMMFFnRHdCRm1xNDNrVks3c25ZRUpoWWFEb29ENktz?oc=5\" target=\"_blank\" rel=\"noopener\">Olives espagnoles: l&rsquo;Union europ\u00e9enne autoris\u00e9e \u00e0 imposer des sanctions contre les \u00c9tats-Unis<\/a>&nbsp;&nbsp;Le Figaro<\/li>\n<li><a href=\"https:\/\/news.google.com\/rss\/articles\/CBMi2gFBVV95cUxONjZaV3FFQjdFMVRKRFQ3UFFXTkpHVUpPSmdQM2FIbWZpQXJQbjgtSEJ6bExyNlZPcGkxWDFhVTVzdldlSG9vWnQ2M2puWVpqTkJ5R2xOSGVLU1NSR3pseFg0QnR1ZWJJdWttZUVzZWZDNTdPaFgtaTEteFYtc3BOemJoazFuZEI3N2dKTVRYcVlyVmZqdmliT19fcWF5aFR5S3JidzZJTVl4b25hb0VEOGhNTDQ4TndFTklQam1VQVQ3MUQzT1NNX0FDa1dvczlHd2xscDcwZUxVQQ?oc=5\" target=\"_blank\" rel=\"noopener\">Olives espagnoles: l&rsquo;UE autoris\u00e9e \u00e0 imposer des sanctions contre les Etats-Unis, selon l&rsquo;OMC<\/a>&nbsp;&nbsp;Portail Orange<\/li>\n<li><a href=\"https:\/\/news.google.com\/rss\/articles\/CBMihAJBVV95cUxQX2hJWjhTVHNQTnVRTi0wVlQxOVE3dEVKR3kwaFczS1dYbTkxTDF4N2JOT2ctUUJBemZKNWZHeEtFYW4tWWFCeXJMaUFWZmpvRklteGwwaTgwVTFEU0xwWHlWTmtuMHhhRnRPVmw0bEEtRmFnLTBUQ0c1SWJaRGJCc2R0MlctX2ZnQzVUb09uUnl2YWMzSEJBcmNvTFl0aml3cnFaUUszTnVVZ3ZhZDZRS19XVDNoNDI2enUySE5RRVdlOXBZVzhPUUxWV0ZUQlhlVjBLOUg2aGU0R3pPLWJ4RUstT04zSHk5MFdNTEE0SFhJV2dnM3hVbWRneldNZksxSTRCUA?oc=5\" target=\"_blank\" rel=\"noopener\">L&rsquo;Union europ\u00e9enne va pouvoir sanctionner les \u00c9tats-Unis pour les droits de douane sur les olives espagnoles<\/a>&nbsp;&nbsp;BFMTV<\/li>\n<li><a href=\"https:\/\/news.google.com\/rss\/articles\/CBMia0FVX3lxTFBQMUtjRG9SaFBVN2VmdjQ4YUw1TXFabFI1aHdjUXpKZ1ExcHJpSUJ5X3lzTG5NRGJfS0paamY1RkRsa05vR2taZEo0ZG1KZ0xCbDRoUEhzWnRwMkVVa2NQUFdGSlMtbWxkQnJv?oc=5\" target=\"_blank\" rel=\"noopener\">L&rsquo;OMC distribue la d\u00e9cision arbitrale adopt\u00e9e dans le cadre du diff\u00e9rend entre les \u00c9tats-Unis et l&rsquo;UE sur les olives m\u00fbres<\/a>&nbsp;&nbsp;World Trade Organization<\/li>\n<li><a href=\"https:\/\/news.google.com\/rss\/articles\/CBMizgFBVV95cUxNX0c4cmZ6V3JQaHd5aTZXQkJmRmtTbF90VnB2aXE0M1ZzanJwbWVPM3JkaS1hV3pPX3lXYnp1cTlQSmRjMlVUaDhSajBIVUdnRUd2eG9mRFhVSUhKZWt5ZlhFeTNETXFqY1RoU1dMMVhUck8yUGtoT28yUTFfWVF3RWxWM2g4bldqVlJSZGNCOFVWNTBFcF9YRi1pRi1wd1ZXSnhnV0VKb1FRRFZlNTczWGJRVklfMnJOYVFPWHFKaUt5dzNZZUhzbWhIZ1JwQQ?oc=5\" target=\"_blank\" rel=\"noopener\">L&rsquo;Union europ\u00e9enne obtient le droit de riposter contre Washington dans le litige sur les olives espagnoles<\/a>&nbsp;&nbsp;lesinguliersete.fr<\/li>\n<\/ol>\n","protected":false},"excerpt":{"rendered":"Olives espagnoles: l&rsquo;Union europ\u00e9enne autoris\u00e9e \u00e0 imposer des sanctions contre les \u00c9tats-Unis&nbsp;&nbsp;Le Figaro Olives espagnoles: l&rsquo;UE autoris\u00e9e \u00e0&hellip;\n","protected":false},"author":2,"featured_media":498242,"comment_status":"","ping_status":"","sticky":false,"template":"","format":"standard","meta":{"footnotes":""},"categories":[5],"tags":[339,11,340,343,345,350,130,344,352,349,33,341,313,1011,27,346,342,14,353,351,347,12,348,354,28],"class_list":{"0":"post-498241","1":"post","2":"type-post","3":"status-publish","4":"format-standard","5":"has-post-thumbnail","7":"category-international","8":"tag-actualite-economique","9":"tag-actualites","10":"tag-bourse","11":"tag-cac-40","12":"tag-chef-dentreprise","13":"tag-concurrence","14":"tag-consommation","15":"tag-creation-dentreprise","16":"tag-crise","17":"tag-delocalisations","18":"tag-economie","19":"tag-emploi","20":"tag-entreprises","21":"tag-fr","22":"tag-france","23":"tag-grands-patrons","24":"tag-impots","25":"tag-international","26":"tag-licenciements","27":"tag-monopole","28":"tag-multinationales","29":"tag-news","30":"tag-privatisation","31":"tag-unio","32":"tag-world"},"share_on_mastodon":{"url":"https:\/\/pubeurope.com\/@fr\/115458870142010229","error":""},"_links":{"self":[{"href":"https:\/\/www.europesays.com\/fr\/wp-json\/wp\/v2\/posts\/498241","targetHints":{"allow":["GET"]}}],"collection":[{"href":"https:\/\/www.europesays.com\/fr\/wp-json\/wp\/v2\/posts"}],"about":[{"href":"https:\/\/www.europesays.com\/fr\/wp-json\/wp\/v2\/types\/post"}],"author":[{"embeddable":true,"href":"https:\/\/www.europesays.com\/fr\/wp-json\/wp\/v2\/users\/2"}],"replies":[{"embeddable":true,"href":"https:\/\/www.europesays.com\/fr\/wp-json\/wp\/v2\/comments?post=498241"}],"version-history":[{"count":0,"href":"https:\/\/www.europesays.com\/fr\/wp-json\/wp\/v2\/posts\/498241\/revisions"}],"wp:featuredmedia":[{"embeddable":true,"href":"https:\/\/www.europesays.com\/fr\/wp-json\/wp\/v2\/media\/498242"}],"wp:attachment":[{"href":"https:\/\/www.europesays.com\/fr\/wp-json\/wp\/v2\/media?parent=498241"}],"wp:term":[{"taxonomy":"category","embeddable":true,"href":"https:\/\/www.europesays.com\/fr\/wp-json\/wp\/v2\/categories?post=498241"},{"taxonomy":"post_tag","embeddable":true,"href":"https:\/\/www.europesays.com\/fr\/wp-json\/wp\/v2\/tags?post=498241"}],"curies":[{"name":"wp","href":"https:\/\/api.w.org\/{rel}","templated":true}]}}