{"id":498246,"date":"2025-10-29T18:30:44","date_gmt":"2025-10-29T18:30:44","guid":{"rendered":"https:\/\/www.europesays.com\/fr\/498246\/"},"modified":"2025-10-29T18:30:44","modified_gmt":"2025-10-29T18:30:44","slug":"saint-etienne-une-escort-girl-se-jette-du-deuxieme-etage-la-justice-condamne-le-client-pour-non-assistance","status":"publish","type":"post","link":"https:\/\/www.europesays.com\/fr\/498246\/","title":{"rendered":"Saint-\u00c9tienne. Une escort girl se jette du deuxi\u00e8me \u00e9tage, la justice condamne le client pour non-assistance"},"content":{"rendered":"<p>\u00ab J\u2019ai \u00e9t\u00e9 vu pendant des ann\u00e9es comme un meurtrier alors que je ne le suis pas \u00bb a dit \u00e0 l\u2019audience Lo\u00efc Labate. Il ne l\u2019est effectivement pas. Si la justice l\u2019a condamn\u00e9 mardi, c\u2019est pour non-assistance \u00e0 personne en danger.<\/p>\n<p>Le dossier a fait grand bruit \u00e0 Saint-\u00c9tienne. Le 9 d\u00e9cembre 2020 dans la matin\u00e9e, des voisins d\u2019un immeuble situ\u00e9 au centre-ville, \u00e0 l\u2019angle des rues Paul-Bert et d\u2019Arcole, entendent des cris. \u00c0 10 heures 30, ils d\u00e9couvrent dans la cour int\u00e9rieure <a href=\"https:\/\/www.leprogres.fr\/faits-divers-justice\/2020\/12\/12\/tentative-de-meurtre-sur-une-escort-girl-a-saint-etienne\" target=\"_blank\" rel=\"noopener\">le corps nu d\u2019une jeune femme<\/a>. Elle a fait une chute de pr\u00e8s de huit m\u00e8tres, depuis la&#8230;<\/p>\n","protected":false},"excerpt":{"rendered":"\u00ab J\u2019ai \u00e9t\u00e9 vu pendant des ann\u00e9es comme un meurtrier alors que je ne le suis pas \u00bb&hellip;\n","protected":false},"author":2,"featured_media":498247,"comment_status":"","ping_status":"","sticky":false,"template":"","format":"standard","meta":{"footnotes":""},"categories":[9653],"tags":[1111,11,2430,271,272,7539,1777,674,274,107,1011,27,3367,12,25,4001,7538],"class_list":{"0":"post-498246","1":"post","2":"type-post","3":"status-publish","4":"format-standard","5":"has-post-thumbnail","7":"category-saint-etienne","8":"tag-actu","9":"tag-actualites","10":"tag-auvergne-rhone-alpes","11":"tag-crime","12":"tag-delit-et-contravention","13":"tag-edition-loire-sud","14":"tag-eu","15":"tag-europe","16":"tag-faits-divers-justice","17":"tag-fil-info","18":"tag-fr","19":"tag-france","20":"tag-loire","21":"tag-news","22":"tag-republique-francaise","23":"tag-saint-etienne","24":"tag-saint-etienne-ville"},"share_on_mastodon":{"url":"https:\/\/pubeurope.com\/@fr\/115458881872874350","error":""},"_links":{"self":[{"href":"https:\/\/www.europesays.com\/fr\/wp-json\/wp\/v2\/posts\/498246","targetHints":{"allow":["GET"]}}],"collection":[{"href":"https:\/\/www.europesays.com\/fr\/wp-json\/wp\/v2\/posts"}],"about":[{"href":"https:\/\/www.europesays.com\/fr\/wp-json\/wp\/v2\/types\/post"}],"author":[{"embeddable":true,"href":"https:\/\/www.europesays.com\/fr\/wp-json\/wp\/v2\/users\/2"}],"replies":[{"embeddable":true,"href":"https:\/\/www.europesays.com\/fr\/wp-json\/wp\/v2\/comments?post=498246"}],"version-history":[{"count":0,"href":"https:\/\/www.europesays.com\/fr\/wp-json\/wp\/v2\/posts\/498246\/revisions"}],"wp:featuredmedia":[{"embeddable":true,"href":"https:\/\/www.europesays.com\/fr\/wp-json\/wp\/v2\/media\/498247"}],"wp:attachment":[{"href":"https:\/\/www.europesays.com\/fr\/wp-json\/wp\/v2\/media?parent=498246"}],"wp:term":[{"taxonomy":"category","embeddable":true,"href":"https:\/\/www.europesays.com\/fr\/wp-json\/wp\/v2\/categories?post=498246"},{"taxonomy":"post_tag","embeddable":true,"href":"https:\/\/www.europesays.com\/fr\/wp-json\/wp\/v2\/tags?post=498246"}],"curies":[{"name":"wp","href":"https:\/\/api.w.org\/{rel}","templated":true}]}}