{"id":498250,"date":"2025-10-29T18:32:16","date_gmt":"2025-10-29T18:32:16","guid":{"rendered":"https:\/\/www.europesays.com\/fr\/498250\/"},"modified":"2025-10-29T18:32:16","modified_gmt":"2025-10-29T18:32:16","slug":"meurthe-et-moselle-des-cambrioleurs-interpelles-deux-heures-apres-leur-mefait-pres-de-nancy","status":"publish","type":"post","link":"https:\/\/www.europesays.com\/fr\/498250\/","title":{"rendered":"Meurthe-et-Moselle. Des cambrioleurs interpell\u00e9s deux heures apr\u00e8s leur m\u00e9fait pr\u00e8s de Nancy"},"content":{"rendered":"<p>Les bons r\u00e9flexes donnent de bons r\u00e9sultats. Cela s\u2019est v\u00e9rifi\u00e9 ce lundi 17\u00a0octobre, sur la commune de Bois-de-Haye.<\/p>\n<p>Il est 14\u00a0h\u00a030 lorsqu\u2019une passante aper\u00e7oit des hommes prenant la fuite en enjambant le portail d\u2019une maison.<\/p>\n<p>Elle les prend alors en photo avec son t\u00e9l\u00e9phone portable. Image permettant une identification formelle et qu\u2019elle transmet \u00e0 la gendarmerie nationale au moment de son alerte.<\/p>\n<p>Mobilis\u00e9s par le centre op\u00e9rationnel, d\u2019importants moyens sont d\u00e9ploy\u00e9s par la compagnie de Toul, dont l\u2019Escadron d\u00e9partemental de contr\u00f4le des flux. Apr\u00e8s deux heures de minutieuses recherches, trois hommes sont interpell\u00e9s par le PSIG (Peloton de surveillance et d\u2019intervention de la gendarmerie) de Toul, \u00e0 Villey-Saint-\u00c9tienne, le quatri\u00e8me ayant pris la fuite.<\/p>\n<p>\u00c0 bord du v\u00e9hicule est retrouv\u00e9 le fruit de leur cambriolage. Soit, en grande majorit\u00e9, des objets m\u00e9talliques.<\/p>\n<p>Connus de la justice, les trois hommes, \u00e2g\u00e9s de 22, 29 et 45 ans, sont originaires de la r\u00e9gion nanc\u00e9ienne. Ils ont \u00e9t\u00e9 pr\u00e9sent\u00e9s, ce mercredi apr\u00e8s-midi, au parquet qui devait d\u00e9cider des suites donn\u00e9es \u00e0 l\u2019affaire.<\/p>\n","protected":false},"excerpt":{"rendered":"Les bons r\u00e9flexes donnent de bons r\u00e9sultats. Cela s\u2019est v\u00e9rifi\u00e9 ce lundi 17\u00a0octobre, sur la commune de Bois-de-Haye.&hellip;\n","protected":false},"author":2,"featured_media":498251,"comment_status":"","ping_status":"","sticky":false,"template":"","format":"standard","meta":{"footnotes":""},"categories":[9635],"tags":[1111,11,11734,11735,271,272,1704,1705,1777,674,274,1011,27,775,3457,1702,12,25],"class_list":{"0":"post-498250","1":"post","2":"type-post","3":"status-publish","4":"format-standard","5":"has-post-thumbnail","7":"category-nancy","8":"tag-actu","9":"tag-actualites","10":"tag-bois-de-haye","11":"tag-cc-terres-touloises-54d","12":"tag-crime","13":"tag-delit-et-contravention","14":"tag-edition-nancy-et-agglomeration","15":"tag-edition-toul","16":"tag-eu","17":"tag-europe","18":"tag-faits-divers-justice","19":"tag-fr","20":"tag-france","21":"tag-grand-est","22":"tag-meurthe-et-moselle","23":"tag-nancy","24":"tag-news","25":"tag-republique-francaise"},"share_on_mastodon":{"url":"https:\/\/pubeurope.com\/@fr\/115458889714876940","error":""},"_links":{"self":[{"href":"https:\/\/www.europesays.com\/fr\/wp-json\/wp\/v2\/posts\/498250","targetHints":{"allow":["GET"]}}],"collection":[{"href":"https:\/\/www.europesays.com\/fr\/wp-json\/wp\/v2\/posts"}],"about":[{"href":"https:\/\/www.europesays.com\/fr\/wp-json\/wp\/v2\/types\/post"}],"author":[{"embeddable":true,"href":"https:\/\/www.europesays.com\/fr\/wp-json\/wp\/v2\/users\/2"}],"replies":[{"embeddable":true,"href":"https:\/\/www.europesays.com\/fr\/wp-json\/wp\/v2\/comments?post=498250"}],"version-history":[{"count":0,"href":"https:\/\/www.europesays.com\/fr\/wp-json\/wp\/v2\/posts\/498250\/revisions"}],"wp:featuredmedia":[{"embeddable":true,"href":"https:\/\/www.europesays.com\/fr\/wp-json\/wp\/v2\/media\/498251"}],"wp:attachment":[{"href":"https:\/\/www.europesays.com\/fr\/wp-json\/wp\/v2\/media?parent=498250"}],"wp:term":[{"taxonomy":"category","embeddable":true,"href":"https:\/\/www.europesays.com\/fr\/wp-json\/wp\/v2\/categories?post=498250"},{"taxonomy":"post_tag","embeddable":true,"href":"https:\/\/www.europesays.com\/fr\/wp-json\/wp\/v2\/tags?post=498250"}],"curies":[{"name":"wp","href":"https:\/\/api.w.org\/{rel}","templated":true}]}}