{"id":498260,"date":"2025-10-29T18:38:11","date_gmt":"2025-10-29T18:38:11","guid":{"rendered":"https:\/\/www.europesays.com\/fr\/498260\/"},"modified":"2025-10-29T18:38:11","modified_gmt":"2025-10-29T18:38:11","slug":"ivre-dans-la-rue-a-rouen-un-homme-fait-des-saluts-nazis-puis-sen-prend-aux-policiers","status":"publish","type":"post","link":"https:\/\/www.europesays.com\/fr\/498260\/","title":{"rendered":"Ivre dans la rue \u00e0 Rouen, un homme fait des saluts nazis puis s&rsquo;en prend aux policiers"},"content":{"rendered":"<p>            Par<br \/>\n        <strong><br \/>\n            <a href=\"https:\/\/actu.fr\/auteur\/fmass\" title=\"Consulter tous les articles de Fabien Massin\" target=\"_blank\" rel=\"noopener\">Fabien Massin<\/a><br \/>\n        <\/strong><\/p>\n<p>        Publi\u00e9 le<\/p>\n<p>            29 oct. 2025 \u00e0 19h08        <\/p>\n<p>Il a lui-m\u00eame exerc\u00e9 la fonction de policier il y a plusieurs ann\u00e9es mais \u00e0 deux reprises, <strong>il a donn\u00e9 maille \u00e0 partir \u00e0 ceux qui auraient pu \u00eatre ses coll\u00e8gues<\/strong>, dans une autre vie. Mercredi 29\u00a0octobre 2025, un homme de 30\u00a0ans aujourd\u2019hui sans emploi a \u00e9t\u00e9 jug\u00e9 par le tribunal de <a href=\"https:\/\/actu.fr\/normandie\/rouen_76540\" target=\"_blank\" rel=\"noopener\">Rouen (Seine-Maritime)<\/a> pour de multiples m\u00e9faits, tous commis sur fond d\u2019alcoolisation s\u00e9v\u00e8re\u2009: violence, r\u00e9bellion, menace de mort, outrage et apologie de crime et d\u00e9lit.<\/p>\n<p>Un homme menace de se suicider dans le square Verdrel<\/p>\n<p class=\" wall-content\">Les premiers faits remontent au mois d\u2019avril\u00a02025. Un \u00e9quipage de la police est appel\u00e9 pour intervenir dans le square Verdrel, o\u00f9 un homme, Tanguy*,<strong> menace de mettre fin \u00e0 ses jours<\/strong>. Il est en \u00e9tat d\u2019ivresse manifeste, les policiers qui interviennent d\u00e9cident de le conduire au CHU afin qu\u2019il soit pris en charge. Mais sur place il refuse et s\u2019en prend aux policiers, qui le conduisent alors au commissariat. Le transfert est mouvement\u00e9. Pendant le trajet, Tanguy tente d\u2019attraper le gilet pare-balles d\u2019un fonctionnaire, <strong>le v\u00e9hicule fait un \u00e9cart<\/strong>.<\/p>\n<p class=\" wall-content\">En garde \u00e0 vue, il dit ne plus se souvenir de ce qu\u2019il s\u2019est pass\u00e9, <strong>qu\u2019il avait bu une bouteille de vodka<\/strong>. Pour ces faits, il aurait d\u00fb \u00eatre jug\u00e9\u00a0en septembre, sous le r\u00e9gime du \u00ab\u2009plaider coupable\u2009\u00bb. Sauf, qu\u2019entre-temps, il a refait des siennes, pourrait-on dire. Fin ao\u00fbt, il est aper\u00e7u dans le centre-ville de Rouen, du c\u00f4t\u00e9 de la rue Jeanne-d\u2019Arc et de la rue du Gros-Horloge, en train de tituber. De plus, le bras droit tendu bien haut,<strong> il effectue des saluts nazis <\/strong>dans la rue. Le visionnage des images des cam\u00e9ras de vid\u00e9oprotection de la ville en atteste.<\/p>\n<p>Coups, crachats et insultes<\/p>\n<p class=\" wall-content\">Les policiers l\u2019abordent mais l\u00e0 encore, Tanguy se montre violent. Il crache sur les policiers et leur d\u00e9livre un torrent d\u2019insultes et de menaces.<strong> \u00ab\u2009Je vais te mettre une balle dans la t\u00eate\u2009\u00bb<\/strong>, lance-t-il \u00e0 un policier qui intervient. Et l\u00e0 encore, il s\u2019av\u00e8re qu\u2019il se trouvait dans un \u00e9tat d\u2019alcoolisation particuli\u00e8rement avanc\u00e9 et dangereux.<\/p>\n<p class=\" wall-content\">L\u2019alcoolisme est d\u2019ailleurs aujourd\u2019hui le principal probl\u00e8me de sa vie, explique Tanguy devant le tribunal\u2009: \u00ab\u2009Je reconnais les faits, j\u2019assume. J\u2019ai un suivi addictologique une fois par mois, <strong>mais aujourd\u2019hui, ce que je veux, c\u2019est aller en cure de d\u00e9sintoxication<\/strong>.\u2009\u00bb Sur les saluts nazis, il se d\u00e9fend de partager cette id\u00e9ologie.<\/p>\n<p>\u00ab\u2009Il est en \u00e9tat de d\u00e9tresse absolue\u2009\u00bb<\/p>\n<p class=\" wall-content\">Dans son r\u00e9quisitoire, la procureure de la R\u00e9publique estime que \u00ab<strong>\u2009s\u2019il a bien un probl\u00e8me avec l\u2019alcool, il en a un aussi avec la violence\u2009\u00bb<\/strong>, et requiert une peine de 8\u00a0mois de prison avec sursis, avec obligations de soins addictologiques et psychologiques. \u00ab\u2009C\u2019est primordial\u2009\u00bb, observe-t-elle \u00e0 propos de ces derniers points.<\/p>\n<p>Votre r\u00e9gion, votre actu !<\/p>\n<p>Recevez chaque jour les infos qui comptent pour vous.<\/p>\n<p>\t<a href=\"https:\/\/actu.fr\/newsletter\" class=\"ac-btn ac-btn--corner ac-btn--medium ac-btn--blue800\" target=\"_blank\" rel=\"noopener\">S&rsquo;incrire<\/a><\/p>\n<p class=\" wall-content\">Face \u00e0 l\u2019alcool \u00ab\u2009il est en \u00e9tat de d\u00e9tresse absolue\u2009\u00bb, a d\u00e9fendu de son c\u00f4t\u00e9 l\u2019avocate de la d\u00e9fense.<\/p>\n<p class=\" wall-content\">Au final, le tribunal l\u2019a condamn\u00e9 \u00e0<strong> 6\u00a0mois de prison avec sursis<\/strong> (probatoire pendant deux ans, c\u2019est-\u00e0-dire qu\u2019au moindre faux pas pendant cette p\u00e9riode, c\u2019est direction la prison), avec obligations de soins et de travail.<\/p>\n<p class=\" wall-content\">*Le pr\u00e9nom a \u00e9t\u00e9 modifi\u00e9.<\/p>\n<p>Suivez l\u2019actualit\u00e9 de Rouen sur notre <a href=\"https:\/\/www.whatsapp.com\/channel\/0029VaKfnf99hXF2ddApFB1D\" target=\"_blank\" rel=\"noopener\">cha\u00eene WhatsApp<\/a> et sur notre <a href=\"https:\/\/www.tiktok.com\/@76actu.fr?lang=fr\" target=\"_blank\" rel=\"noopener\">compte TikTok<\/a><\/p>\n<p class=\" wall-content\">Personnalisez votre actualit\u00e9 en ajoutant vos villes et m\u00e9dias en favori avec <a href=\"https:\/\/moncompte.actu.fr\" title=\"D\u00e9couvez Mon Actu\" rel=\"nofollow noopener\" data-trk=\"{&quot;cta&quot;:{&quot;action&quot;:&quot;https:\\\/\\\/moncompte.actu.fr&quot;,&quot;category&quot;:&quot;mon compte&quot;,&quot;from&quot;:&quot;article footer&quot;,&quot;name&quot;:&quot;Mon actu&quot;,&quot;type&quot;:&quot;cta&quot;}}\" target=\"_blank\">Mon Actu<\/a>.<\/p>\n<p>                    <script async src=\"\/\/www.tiktok.com\/embed.js\"><\/script><\/p>\n","protected":false},"excerpt":{"rendered":"Par Fabien Massin Publi\u00e9 le 29 oct. 2025 \u00e0 19h08 Il a lui-m\u00eame exerc\u00e9 la fonction de policier&hellip;\n","protected":false},"author":2,"featured_media":498261,"comment_status":"","ping_status":"","sticky":false,"template":"","format":"standard","meta":{"footnotes":""},"categories":[9587],"tags":[1111,11,1777,674,118,1011,27,303,12,5161,1072,25,9590],"class_list":{"0":"post-498260","1":"post","2":"type-post","3":"status-publish","4":"format-standard","5":"has-post-thumbnail","7":"category-rouen","8":"tag-actu","9":"tag-actualites","10":"tag-eu","11":"tag-europe","12":"tag-faits-divers","13":"tag-fr","14":"tag-france","15":"tag-justice","16":"tag-news","17":"tag-normandie","18":"tag-police","19":"tag-republique-francaise","20":"tag-rouen"},"share_on_mastodon":{"url":"https:\/\/pubeurope.com\/@fr\/115458913404023639","error":""},"_links":{"self":[{"href":"https:\/\/www.europesays.com\/fr\/wp-json\/wp\/v2\/posts\/498260","targetHints":{"allow":["GET"]}}],"collection":[{"href":"https:\/\/www.europesays.com\/fr\/wp-json\/wp\/v2\/posts"}],"about":[{"href":"https:\/\/www.europesays.com\/fr\/wp-json\/wp\/v2\/types\/post"}],"author":[{"embeddable":true,"href":"https:\/\/www.europesays.com\/fr\/wp-json\/wp\/v2\/users\/2"}],"replies":[{"embeddable":true,"href":"https:\/\/www.europesays.com\/fr\/wp-json\/wp\/v2\/comments?post=498260"}],"version-history":[{"count":0,"href":"https:\/\/www.europesays.com\/fr\/wp-json\/wp\/v2\/posts\/498260\/revisions"}],"wp:featuredmedia":[{"embeddable":true,"href":"https:\/\/www.europesays.com\/fr\/wp-json\/wp\/v2\/media\/498261"}],"wp:attachment":[{"href":"https:\/\/www.europesays.com\/fr\/wp-json\/wp\/v2\/media?parent=498260"}],"wp:term":[{"taxonomy":"category","embeddable":true,"href":"https:\/\/www.europesays.com\/fr\/wp-json\/wp\/v2\/categories?post=498260"},{"taxonomy":"post_tag","embeddable":true,"href":"https:\/\/www.europesays.com\/fr\/wp-json\/wp\/v2\/tags?post=498260"}],"curies":[{"name":"wp","href":"https:\/\/api.w.org\/{rel}","templated":true}]}}