{"id":498268,"date":"2025-10-29T18:42:11","date_gmt":"2025-10-29T18:42:11","guid":{"rendered":"https:\/\/www.europesays.com\/fr\/498268\/"},"modified":"2025-10-29T18:42:11","modified_gmt":"2025-10-29T18:42:11","slug":"apres-lalliance-entre-appere-et-les-ecologistes-pour-les-municipales-a-rennes-le-partage-des-places-sur-la-liste-inquiete-la-gauche","status":"publish","type":"post","link":"https:\/\/www.europesays.com\/fr\/498268\/","title":{"rendered":"Apr\u00e8s l\u2019alliance entre App\u00e9r\u00e9 et les \u00c9cologistes pour les municipales \u00e0 Rennes, le partage des places sur la liste inqui\u00e8te la gauche"},"content":{"rendered":"<p>Nathalie App\u00e9r\u00e9 r\u00e9p\u00e8te \u00e0 qui veut bien la croire \u00ab qu\u2019elle n\u2019aime pas la poloche \u00bb. Elle s\u2019y adonne pourtant depuis six mois pour pr\u00e9parer sa candidature aux municipales. C\u2019est un secret de polichinelle : la maire sortante briguera un troisi\u00e8me mandat. <a href=\"https:\/\/www.letelegramme.fr\/ille-et-vilaine\/rennes-35000\/a-rennes-la-maire-nathalie-appere-prepare-le-terrain-dune-troisieme-candidature-6554379.php\" target=\"_blank\" rel=\"noopener\">Elle l\u2019a laiss\u00e9 entendre assez t\u00f4t<\/a>. Elle l\u2019officialisera le plus tard possible. D\u2019ici l\u00e0, \u00ab les \u00e9lus sont au travail \u00bb et ses adversaires condamn\u00e9s \u00e0 boxer dans le vide.<\/p>\n<p>Le 18 octobre, l<a href=\"https:\/\/www.letelegramme.fr\/ille-et-vilaine\/rennes-35000\/lalliance-entre-les-ecologistes-et-la-maire-de-rennes-reconduite-pour-les-prochaines-municipales-6911378.php\" target=\"_blank\" rel=\"noopener\">es \u00e9cologistes rennais ont vot\u00e9 \u00ab \u00e0 une large majorit\u00e9 \u00bb<\/a> pour une union d\u00e8s le 1er tour emmen\u00e9e par la socialiste. Cela ne pr\u00e9sume pas d\u2019un r\u00e9sultat. Mais cela permet de mesurer l\u2019\u00e9volution des relations entre le PS et EELV, les ex-meilleures ennemies. Cette ann\u00e9e, \u00ab l\u2019idylle \u00bb d\u00e8s le 1er tour succ\u00e8de aux \u00ab portes claqu\u00e9es \u00bb des ann\u00e9es 90-2000 \u00e0 la fusion \u00ab subie \u00bb de 2014 et \u00e0 l\u2019union \u00ab raisonn\u00e9e \u00bb de 2020.<\/p>\n<p>D\u00e9cision avis\u00e9e<\/p>\n<p>Jusqu\u2019ici, les \u00e9colos avaient toujours pr\u00e9f\u00e9r\u00e9 \u00ab se compter \u00bb au 1er tour. En plein \u00ab backlash \u00bb mondial, leur changement de pied est avis\u00e9. Rien ne dit qu\u2019ils auraient \u00e9t\u00e9 capables d\u2019obtenir le m\u00eame score que celui de 2020 (25,4 %). \u00c0 l\u2019\u00e9poque, le rapport de force instaur\u00e9 leur avait permis de disposer du plus gros groupe de la majorit\u00e9 (21 \u00e9lus contre 19 au PS).<\/p>\n<p>Cinq ans apr\u00e8s, la roue a tourn\u00e9. Entre les europ\u00e9ennes 2019 et celles de 2024, \u00e0 Rennes, EELV a recul\u00e9 de 10 % et perdu 4 500 \u00e9lecteurs. En France, <a href=\"https:\/\/www.sciencespo.fr\/cevipof\/fr\/actualites\/fractures-francaises-resultats-de-la-vague-13-octobre-2025\/\" target=\"_blank\" rel=\"noopener\">les sondages t\u00e9moignent aussi de leur d\u00e9crochage dans l\u2019opinion<\/a>. Dans ce contexte, mieux vaut n\u00e9gocier avec App\u00e9r\u00e9 maintenant, dans le secret, que sur la base du r\u00e9sultat d\u2019un scrutin public risqu\u00e9.<\/p>\n<p>De son c\u00f4t\u00e9, la maire se f\u00e9licite de cette alliance. <a href=\"https:\/\/www.letelegramme.fr\/ille-et-vilaine\/rennes-35000\/municipales-2026-a-rennes-la-maire-sortante-nathalie-appere-avance-ses-pions-6875901.php\" target=\"_blank\" rel=\"noopener\">Elle s\u2019y est personnellement impliqu\u00e9e face \u00e0 ses alli\u00e9s le 16 juin<\/a>. Ensuite, Marc Herv\u00e9 a pris le relais. Le cercle a \u00e9t\u00e9 \u00e9largi aux \u00ab satellites \u00bb de la majo (Place publique, l\u2019Apr\u00e8s, Debout\u2026). Sept ateliers \u00ab de convergences th\u00e9matiques \u00bb ont \u00e9t\u00e9 organis\u00e9s. \u00ab Soit 21 h d\u2019\u00e9changes au fond \u00bb, pr\u00e9cise l\u2019adjoint. \u00ab Ce travail a produit beaucoup de mati\u00e8re qu\u2019il faudra compiler et hi\u00e9rarchiser dans les semaines \u00e0 venir \u00bb, note-t-il, avant de promettre que l\u2019\u00e9criture du programme \u00ab sera toute aussi partag\u00e9e \u00bb.<\/p>\n<blockquote><p>Quel crit\u00e8re d\u00e9terminera la place de chacun dans la future liste ?<\/p><\/blockquote>\n<p>Les autres composantes sacrifi\u00e9es ?<\/p>\n<p>Dans la foul\u00e9e d\u2019EELV, ce travail doit permettre aux autres \u00e9curies de se d\u00e9terminer en faveur de l\u2019union d\u2019ici la mi-novembre. Sur le programme et rien que le programme ? Non bien s\u00fbr, reconna\u00eet Marc Herv\u00e9. Les discussions renvoient aussi \u00e0 \u00ab l\u2019essentielle question du poids politique de chacun \u00bb dans la future liste.<\/p>\n<p>C\u2019est pr\u00e9cis\u00e9ment ce qui inqui\u00e8te les autres alli\u00e9s et explique l<a href=\"https:\/\/www.letelegramme.fr\/ille-et-vilaine\/rennes-35000\/nouvelle-gare-boite-de-nuit-municipale-extension-du-roazhon-park-a-rennes-comment-les-communistes-veulent-peser-sur-les-municipales-6911173.php\" target=\"_blank\" rel=\"noopener\">eur r\u00e9cent regain d\u2019agitation m\u00e9diatique<\/a>. Quelles concessions la maire a-t-elle l\u00e2ch\u00e9es aux \u00e9colos ? G\u00e9n\u00e9ration.s, le PCF et le PRG seront-ils sacrifi\u00e9s sur l\u2019autel de son \u00ab deal \u00bb ? Le microcosme bruisse de rumeurs inv\u00e9rifiables, pour l\u2019instant. Quels sont les crit\u00e8res pour d\u00e9terminer la composition de la future liste ? \u00ab C\u2019est compliqu\u00e9 de vous r\u00e9pondre sur un travail en cours, temp\u00e8re l\u2019\u00e9lu. \u00c7a peut vous para\u00eetre excessivement prudent mais une telle union n\u00e9cessite d\u2019avancer avec m\u00e9thode. \u00bb Et discr\u00e9tion.<\/p>\n","protected":false},"excerpt":{"rendered":"Nathalie App\u00e9r\u00e9 r\u00e9p\u00e8te \u00e0 qui veut bien la croire \u00ab qu\u2019elle n\u2019aime pas la poloche \u00bb. Elle s\u2019y&hellip;\n","protected":false},"author":2,"featured_media":498269,"comment_status":"","ping_status":"","sticky":false,"template":"","format":"standard","meta":{"footnotes":""},"categories":[2821],"tags":[1111,11,829,2761,765,1777,674,1011,27,10736,12,316,3364,584,25],"class_list":{"0":"post-498268","1":"post","2":"type-post","3":"status-publish","4":"format-standard","5":"has-post-thumbnail","7":"category-rennes","8":"tag-actu","9":"tag-actualites","10":"tag-bretagne","11":"tag-elections-municipales-2026","12":"tag-en-continu","13":"tag-eu","14":"tag-europe","15":"tag-fr","16":"tag-france","17":"tag-nathalie-appere","18":"tag-news","19":"tag-politique","20":"tag-politique-a-rennes","21":"tag-rennes","22":"tag-republique-francaise"},"share_on_mastodon":{"url":"https:\/\/pubeurope.com\/@fr\/115458929094823346","error":""},"_links":{"self":[{"href":"https:\/\/www.europesays.com\/fr\/wp-json\/wp\/v2\/posts\/498268","targetHints":{"allow":["GET"]}}],"collection":[{"href":"https:\/\/www.europesays.com\/fr\/wp-json\/wp\/v2\/posts"}],"about":[{"href":"https:\/\/www.europesays.com\/fr\/wp-json\/wp\/v2\/types\/post"}],"author":[{"embeddable":true,"href":"https:\/\/www.europesays.com\/fr\/wp-json\/wp\/v2\/users\/2"}],"replies":[{"embeddable":true,"href":"https:\/\/www.europesays.com\/fr\/wp-json\/wp\/v2\/comments?post=498268"}],"version-history":[{"count":0,"href":"https:\/\/www.europesays.com\/fr\/wp-json\/wp\/v2\/posts\/498268\/revisions"}],"wp:featuredmedia":[{"embeddable":true,"href":"https:\/\/www.europesays.com\/fr\/wp-json\/wp\/v2\/media\/498269"}],"wp:attachment":[{"href":"https:\/\/www.europesays.com\/fr\/wp-json\/wp\/v2\/media?parent=498268"}],"wp:term":[{"taxonomy":"category","embeddable":true,"href":"https:\/\/www.europesays.com\/fr\/wp-json\/wp\/v2\/categories?post=498268"},{"taxonomy":"post_tag","embeddable":true,"href":"https:\/\/www.europesays.com\/fr\/wp-json\/wp\/v2\/tags?post=498268"}],"curies":[{"name":"wp","href":"https:\/\/api.w.org\/{rel}","templated":true}]}}