{"id":498270,"date":"2025-10-29T18:43:26","date_gmt":"2025-10-29T18:43:26","guid":{"rendered":"https:\/\/www.europesays.com\/fr\/498270\/"},"modified":"2025-10-29T18:43:26","modified_gmt":"2025-10-29T18:43:26","slug":"plus-de-chauffage-ni-deau-chaude-dans-tout-un-quartier-de-rennes-voici-ce-que-lon-sait-sur-limportante-panne-en-cours-ce-mercredi","status":"publish","type":"post","link":"https:\/\/www.europesays.com\/fr\/498270\/","title":{"rendered":"Plus de chauffage ni d\u2019eau chaude dans tout un quartier de Rennes\u00a0: voici ce que l\u2019on sait sur l\u2019importante panne en cours ce mercredi"},"content":{"rendered":"<p>Le fond de l\u2019air est un peu frais dans les immeubles du quartier Colombier, dans le centre de Rennes. Alors que le mercure affiche \u00e0 l\u2019ext\u00e9rieur un timide 13\u00b0, la temp\u00e9rature a bien du mal \u00e0 monter dans de nombreux bureaux et logements de ce secteur dense de la ville. Et pour cause : \u00ab une perturbation importante du service est en cours ce mercredi 29 octobre 2025, affectant la production de chaleur et d\u2019eau chaude sanitaire \u00bb.<\/p>\n<p>L\u2019information a \u00e9t\u00e9 <a href=\"https:\/\/www.rezomee.fr\/enersud\/actu\/abonnes\/perturbationdeservicequartiercolombier\" target=\"_blank\" rel=\"noopener\">d\u00e9livr\u00e9e sur le site d\u2019Enersud<\/a>, la soci\u00e9t\u00e9 d\u2019\u00e9conomie mixte de Rennes m\u00e9tropole, qui g\u00e8re le r\u00e9seau de chaleur urbain du sud de la ville. \u00ab Cette interruption est due \u00e0 une fuite sur le r\u00e9seau primaire, \u00bb poursuit-elle. Avant d\u2019assurer que \u00ab les \u00e9quipes sont actuellement mobilis\u00e9es pour r\u00e9parer cette fuite dans les plus brefs d\u00e9lais \u00bb. Et ce, afin de r\u00e9tablir le chauffage aux plus de 6 000 habitants du quartier.<\/p>\n<p>Deux chaufferies sur le r\u00e9seau sud<\/p>\n<p>La chaufferie principale, majoritairement aliment\u00e9e par le bois, est aujourd\u2019hui install\u00e9e \u00e0 la Bintinais, pr\u00e8s de la porte d\u2019Alma. Une autre installation existe \u00e9galement au Blosne. On ignore encore laquelle des deux a rencontr\u00e9 le probl\u00e8me technique.<\/p>\n<p>Mis en service en 1969, le r\u00e9seau de chaleur dessert \u00e9galement les quartiers du Blosne et de Br\u00e9quigny, gr\u00e2ce \u00e0 quelque 47 km de r\u00e9seaux. D\u2019ici 2030, l\u2019ambition est de raccorder pr\u00e8s de 50 000 logements, en s\u2019\u00e9tendant dans d\u2019autres secteurs. Notamment Cleunay, la Courrouze, Pigeon-Blanc, Sud Gare, ou encore Francisco-Ferrer. Pour y parvenir, deux autres chaufferies doivent compl\u00e9ter le dispositif dans les prochaines ann\u00e9es.<\/p>\n","protected":false},"excerpt":{"rendered":"Le fond de l\u2019air est un peu frais dans les immeubles du quartier Colombier, dans le centre de&hellip;\n","protected":false},"author":2,"featured_media":498271,"comment_status":"","ping_status":"","sticky":false,"template":"","format":"standard","meta":{"footnotes":""},"categories":[2821],"tags":[1111,11,829,765,1777,674,1011,27,12,584,34357,25,10810],"class_list":{"0":"post-498270","1":"post","2":"type-post","3":"status-publish","4":"format-standard","5":"has-post-thumbnail","7":"category-rennes","8":"tag-actu","9":"tag-actualites","10":"tag-bretagne","11":"tag-en-continu","12":"tag-eu","13":"tag-europe","14":"tag-fr","15":"tag-france","16":"tag-news","17":"tag-rennes","18":"tag-rennes-metropole","19":"tag-republique-francaise","20":"tag-urbanisme-a-rennes"},"share_on_mastodon":{"url":"https:\/\/pubeurope.com\/@fr\/115458933057292650","error":""},"_links":{"self":[{"href":"https:\/\/www.europesays.com\/fr\/wp-json\/wp\/v2\/posts\/498270","targetHints":{"allow":["GET"]}}],"collection":[{"href":"https:\/\/www.europesays.com\/fr\/wp-json\/wp\/v2\/posts"}],"about":[{"href":"https:\/\/www.europesays.com\/fr\/wp-json\/wp\/v2\/types\/post"}],"author":[{"embeddable":true,"href":"https:\/\/www.europesays.com\/fr\/wp-json\/wp\/v2\/users\/2"}],"replies":[{"embeddable":true,"href":"https:\/\/www.europesays.com\/fr\/wp-json\/wp\/v2\/comments?post=498270"}],"version-history":[{"count":0,"href":"https:\/\/www.europesays.com\/fr\/wp-json\/wp\/v2\/posts\/498270\/revisions"}],"wp:featuredmedia":[{"embeddable":true,"href":"https:\/\/www.europesays.com\/fr\/wp-json\/wp\/v2\/media\/498271"}],"wp:attachment":[{"href":"https:\/\/www.europesays.com\/fr\/wp-json\/wp\/v2\/media?parent=498270"}],"wp:term":[{"taxonomy":"category","embeddable":true,"href":"https:\/\/www.europesays.com\/fr\/wp-json\/wp\/v2\/categories?post=498270"},{"taxonomy":"post_tag","embeddable":true,"href":"https:\/\/www.europesays.com\/fr\/wp-json\/wp\/v2\/tags?post=498270"}],"curies":[{"name":"wp","href":"https:\/\/api.w.org\/{rel}","templated":true}]}}