{"id":498272,"date":"2025-10-29T18:44:14","date_gmt":"2025-10-29T18:44:14","guid":{"rendered":"https:\/\/www.europesays.com\/fr\/498272\/"},"modified":"2025-10-29T18:44:14","modified_gmt":"2025-10-29T18:44:14","slug":"strasbourg-le-16e-forum-du-developpement-durable-commence-mardi-4-novembre-2025","status":"publish","type":"post","link":"https:\/\/www.europesays.com\/fr\/498272\/","title":{"rendered":"Strasbourg. Le 16e forum du d\u00e9veloppement durable commence mardi 4 novembre 2025"},"content":{"rendered":"<p>\u00ab Dans un monde o\u00f9 les d\u00e9fis climatiques, sociaux et \u00e9conomiques, s\u2019entrem\u00ealent, reconna\u00eetre sa vuln\u00e9rabilit\u00e9 n\u2019est pas une faiblesse, mais la premi\u00e8re \u00e9tape pour construire des r\u00e9ponses adapt\u00e9es et renforcer notre robustesse \u00bb, assure <a href=\"https:\/\/www.dna.fr\/edition-de-strasbourg\/2019\/10\/23\/pour-ses-dix-ans-le-forum-dd-monte-en-puissance\" target=\"_blank\" rel=\"nofollow noopener\">l\u2019association Initiatives Durables (Schiltigheim)<\/a> , qui a fait de ce credo le th\u00e8me central du 16e forum du d\u00e9veloppement durable, qu\u2019elle organise mardi 4 novembre au Palais des congr\u00e8s de Strasbourg. Le programme de cette journ\u00e9e de r\u00e9flexion, d\u2019\u00e9changes et de rencontres, qui s\u2019adresse aux entreprises et collectivit\u00e9s, comprend pas moins de quatorze tables rondes et entretiens avec des experts sur des sujets ayant trait \u00e0 la responsabilit\u00e9 soci\u00e9tale et environnementale (RSE).<\/p>\n<p>Lors de ce forum seront \u00e9galement d\u00e9voil\u00e9s les cinq laur\u00e9ats des <a href=\"https:\/\/www.dna.fr\/economie\/2022\/11\/08\/deux-laureats-alsaciens-aux-trophees-rse-grand-est\" target=\"_blank\" rel=\"nofollow noopener\">Troph\u00e9es RSE Grand Est<\/a> 2025, qui r\u00e9compensent les bonnes pratiques en mati\u00e8re de RSE et d\u2019\u00e9conomie circulaire. Pour cl\u00f4turer l\u2019\u00e9v\u00e9nement, trois invit\u00e9s particuli\u00e8rement inspirants viendront t\u00e9moigner de leurs engagements et r\u00e9alisations, \u00e0 savoir le \u00ab startupeur repenti \u00bb Yannick Servant, cofondateur et pr\u00e9sident de l\u2019Institut CEC (Convention des entreprises pour le climat, Paris), le philosophe et \u00e9crivain Josef Schovanec, auteur de nombreux ouvrages traitant de l\u2019autisme, et Jean-Fran\u00e7ois Dufresne, le fondateur de l\u2019association Vivre et travailler autrement (Paris), qui accompagne les autistes s\u00e9v\u00e8res dans leur inclusion dans le milieu professionnel.<\/p>\n<p>L\u2019an pass\u00e9, la 15e \u00e9dition du forum avait rassembl\u00e9 quelque 1 060 participants.<\/p>\n","protected":false},"excerpt":{"rendered":"\u00ab Dans un monde o\u00f9 les d\u00e9fis climatiques, sociaux et \u00e9conomiques, s\u2019entrem\u00ealent, reconna\u00eetre sa vuln\u00e9rabilit\u00e9 n\u2019est pas une&hellip;\n","protected":false},"author":2,"featured_media":498273,"comment_status":"","ping_status":"","sticky":false,"template":"","format":"standard","meta":{"footnotes":""},"categories":[2820],"tags":[1111,11,2389,2649,33,2880,1777,674,107,1011,27,775,12,25,640,2879],"class_list":{"0":"post-498272","1":"post","2":"type-post","3":"status-publish","4":"format-standard","5":"has-post-thumbnail","7":"category-strasbourg","8":"tag-actu","9":"tag-actualites","10":"tag-alsace","11":"tag-bas-rhin","12":"tag-economie","13":"tag-edition-strasbourg","14":"tag-eu","15":"tag-europe","16":"tag-fil-info","17":"tag-fr","18":"tag-france","19":"tag-grand-est","20":"tag-news","21":"tag-republique-francaise","22":"tag-strasbourg","23":"tag-strasbourg-ville"},"share_on_mastodon":{"url":"https:\/\/pubeurope.com\/@fr\/115458937055203759","error":""},"_links":{"self":[{"href":"https:\/\/www.europesays.com\/fr\/wp-json\/wp\/v2\/posts\/498272","targetHints":{"allow":["GET"]}}],"collection":[{"href":"https:\/\/www.europesays.com\/fr\/wp-json\/wp\/v2\/posts"}],"about":[{"href":"https:\/\/www.europesays.com\/fr\/wp-json\/wp\/v2\/types\/post"}],"author":[{"embeddable":true,"href":"https:\/\/www.europesays.com\/fr\/wp-json\/wp\/v2\/users\/2"}],"replies":[{"embeddable":true,"href":"https:\/\/www.europesays.com\/fr\/wp-json\/wp\/v2\/comments?post=498272"}],"version-history":[{"count":0,"href":"https:\/\/www.europesays.com\/fr\/wp-json\/wp\/v2\/posts\/498272\/revisions"}],"wp:featuredmedia":[{"embeddable":true,"href":"https:\/\/www.europesays.com\/fr\/wp-json\/wp\/v2\/media\/498273"}],"wp:attachment":[{"href":"https:\/\/www.europesays.com\/fr\/wp-json\/wp\/v2\/media?parent=498272"}],"wp:term":[{"taxonomy":"category","embeddable":true,"href":"https:\/\/www.europesays.com\/fr\/wp-json\/wp\/v2\/categories?post=498272"},{"taxonomy":"post_tag","embeddable":true,"href":"https:\/\/www.europesays.com\/fr\/wp-json\/wp\/v2\/tags?post=498272"}],"curies":[{"name":"wp","href":"https:\/\/api.w.org\/{rel}","templated":true}]}}