{"id":498276,"date":"2025-10-29T18:46:11","date_gmt":"2025-10-29T18:46:11","guid":{"rendered":"https:\/\/www.europesays.com\/fr\/498276\/"},"modified":"2025-10-29T18:46:11","modified_gmt":"2025-10-29T18:46:11","slug":"christian-estrosi-et-eric-dupond-moretti-sinsultent-dans-un-restaurant-du-vieux-nice","status":"publish","type":"post","link":"https:\/\/www.europesays.com\/fr\/498276\/","title":{"rendered":"Christian Estrosi et Eric Dupond-Moretti s\u2019insultent dans un restaurant du vieux Nice"},"content":{"rendered":"<p class=\"fs-5 \">Ces deux-l\u00e0 ne partiront pas en vacances ensemble&#8230; Le maire de Nice Christian Estrosi et l\u2019ancien ministre de la justice \u00c9ric Dupond-Moretti, qui habite d\u00e9sormais Nice, se sont \u00e9charp\u00e9s dans le c\u00e9l\u00e8bre restaurant du vieux Nice <strong>La Petite Maison, antre de la droite azur\u00e9enne et m\u00eame nationale<\/strong>, puisque Nicolas Sarkozy y allait r\u00e9guli\u00e8rement lorsqu\u2019il \u00e9tait encore en libert\u00e9.<\/p>\n<p class=\"fs-5 \">La sc\u00e8ne s\u2019est d\u00e9roul\u00e9e mercredi 22 octobre, <a href=\"https:\/\/www.lecanardenchaine.fr\/politique\/52225-dupond-moretti-et-estrosi-un-diner-aux-chataignes-a-la-nicoise\" target=\"_blank\" rel=\"nofollow noopener\">selon le Canard Encha\u00een\u00e9, qui r\u00e9v\u00e8le l\u2019histoire. <\/a>Christian Estrosi d\u00eenait avec son \u00e9pouse Laura Tenoudji et son beau-p\u00e8re, alors qu\u2019\u00c9ric Dupond-Moretti \u00e9tait attabl\u00e9 avec des amis.<\/p>\n<p>                                                                                \u00ab Esp\u00e8ce d\u2019intermittent du spectacle \u00bb<\/p>\n<p class=\"fs-5 \">D\u2019un coup, le maire de Nice se serait invit\u00e9 \u00e0 leur table, assis sur une chaise, et aurait lanc\u00e9 bruyamment, d\u2019un ton sarcastique : \u00ab Ici, je suis avec de vrais amis. \u00bb \u2013 \u00ab Toi, t\u2019es surtout un courtisan permanent ! \u00bb, lui a r\u00e9pondu \u00c9ric Dupond-Moretti. \u00ab Esp\u00e8ce d\u2019intermittent du spectacle \u00bb, a r\u00e9pliqu\u00e9 Christian Estrosi. \u00ab Et toi, pas un intermittent de la connerie ! \u00bb, a alors encha\u00een\u00e9 l\u2019ancien t\u00e9nor du barreau.<\/p>\n<p class=\"fs-5 \">Le ton est ensuite mont\u00e9, rapporte le Canard Encha\u00een\u00e9. \u00ab Je vais t\u2019en coller une \u00bb, a lanc\u00e9 Christian Estrosi. \u00ab On sort, si tu veux ? \u00bb, a alors r\u00e9pondu <strong>\u00c9ric Dupond-Moretti.<\/strong> \u00ab Tu seras bient\u00f4t sous OQTF \u00e0 Nice ! \u00bb, aurait alors r\u00e9pliqu\u00e9 Christian Estrosi.<\/p>\n<p>                                                                                \u00ab Estrosi est venu \u00e0 ma table me provoquer \u00bb<\/p>\n<p class=\"fs-5 \">Contact\u00e9 ce mercredi 29 octobre, \u00c9ric Dupond-Moretti ne d\u00e9ment pas l\u2019article du Canard. Mais que l\u2019altercation a fuit\u00e9 dans la presse, \u00e7a a le don de l\u2019\u00e9nerver. \u00ab \u00c7a n\u2019avait pas vocation \u00e0 \u00eatre dans le journal, c\u2019est pas moi qui ai balanc\u00e9 \u00e7a \u00e0 la presse, s\u2019agace-t-il. Demain si je m\u2019engueule avec un mec dans la rue, \u00e7a doit \u00eatre dans le journal ? <strong>J\u2019\u00e9tais attabl\u00e9 tranquille, Estrosi est venu \u00e0 ma table me provoquer, il ne s\u2019est pas bien tenu avec moi<\/strong>, on a eu des \u00e9changes de mots, c\u2019est tout. \u00bb Violents ? \u00ab Quand vous vous engueulez avec des gens, vous faites \u00e7a en douceur ? Non, et ben moi non plus. \u00bb<\/p>\n<p>                                                                                \u00ab Nous ne vous traiterons pas de clown, nous avons trop de respect pour cette profession \u00bb<\/p>\n<p class=\"fs-5 \">\u00ab Intermittent du spectacle \u00bb, \u00ab OQTF \u00bb&#8230; Bienvenue sur la C\u00f4te d\u2019Azur. \u00ab \u00c0 Nice, pendant qu\u2019Estrosi et Dupond-Moretti s\u2019\u00e9charpent dans un restaurant de luxe, les Ni\u00e7oises et Ni\u00e7ois, eux, comptent leurs euros \u00e0 la fin du mois \u00bb, a r\u00e9agi Julien Picot, secr\u00e9taire d\u00e9partemental du Parti communiste fran\u00e7ais.<\/p>\n<p class=\"fs-5 \">\u00c0 la CGT Spectacle, on n\u2019y va pas avec le dos de la cuill\u00e8re : \u00ab La Petite Maison semble devenir un \u00e9tablissement dangereux qu\u2019il serait peut-\u00eatre judicieux de nettoyer au Karcher, r\u00e9agit le syndicat dans un communiqu\u00e9. Les bourgeois ne savent d\u00e9cid\u00e9ment plus se tenir. \u00bb Et d\u2019encha\u00eener : \u00ab Pour insulter l\u2019ancien garde des Sceaux, Christian Estrosi l\u2019a trait\u00e9 d\u2019intermittent du spectacle. [&#8230;] Pour que la premi\u00e8re insulte qui sorte de sa bouche soit celle-ci, c<strong>\u2019est dire le peu de consid\u00e9ration et le m\u00e9pris qu\u2019il a pour les pr\u00e8s de 300 000 intermittents du spectacle de France<\/strong> ! Ces femmes et ces hommes qui cr\u00e9ent des d\u00e9cors, des lumi\u00e8res, des musiques, qui jouent et qui dansent, qui font vivre la culture dans les villes et les villages. Quel m\u00e9pris une fois de plus, quelle inculture, quelle tristesse. \u00bb Avant d\u2019enfoncer le clou : \u00ab Nous condamnons et d\u00e9non\u00e7ons une fois de plus ce d\u00e9rapage qui vous fait de plus en plus ressembler \u00e0 votre cousin Donald. Nous ne vous traiterons pas de clown Monsieur, nous avons trop de respect pour cette profession. \u00bb<\/p>\n<p>                                                                                \u00ab Une petite chicanerie \u00bb<\/p>\n<p class=\"fs-5 \">Nicole Rubi, qui g\u00e8re le restaurant Le Petite Maison, minimise l\u2019altercation, tout en pr\u00e9cisant que les faits se sont d\u00e9roul\u00e9s non pas le soir, comme l\u2019\u00e9crit le Canard, mais lors du d\u00e9jeuner, aux alentours de 15 h 30. \u00ab Ce n\u2019\u00e9tait pas une grosse dispute, ils se connaissent depuis tr\u00e8s longtemps, il y a m\u00eame de l\u2019affection entre eux, assure-t-elle. Mais Eric Dupond-Moretti aime tellement Macron \u2013 et c\u2019est tout en son honneur \u2013 qu\u2019il n\u2019a pas support\u00e9 que Christian Estrosi r\u00e9clame son d\u00e9part. C\u2019\u00e9tait une petite chicanerie entre deux hommes formidables que j\u2019aime beaucoup, et qui sont \u00e0 la base amis. Par contre, je ne comprends pas comment c\u2019est sorti dans le Canard, car il n\u2019y avait plus personne dans le restaurant \u00e0 cette heure. \u00bb<\/p>\n<p>                                                                                <strong>\u00ab\u00a0Je n\u2019ai pas pour habitude de m\u2019asseoir \u00e0 une table quand je n\u2019y suis pas invit\u00e9\u00a0\u00bb<\/strong><\/p>\n<p class=\"fs-5 \">Christian Estrosi a finalement r\u00e9agi dans la soir\u00e9e, en contre-attaquant\u00a0: \u00ab\u00a0Monsieur Dupond-Moretti, qui est aujourd\u2019hui un opposant politique, est aussi devenu <strong>un r\u00e9cidiviste en mati\u00e8re de fake news.<\/strong> Apr\u00e8s <strong>l\u2019\u00e9pisode de l\u2019UNOC o\u00f9 il s\u2019est incrust\u00e9 dans un d\u00eener en t\u00eate \u00e0 t\u00eate entre le Pr\u00e9sident de la R\u00e9publique et son \u00e9pouse<\/strong>, voil\u00e0 une nouvelle sc\u00e8ne de th\u00e9\u00e2tre qu\u2019il s\u2019amuse \u00e0 raconter mais qui est bien loin de la r\u00e9alit\u00e9 des faits. Je tiens donc \u00e0 relever quelques inexactitudes et \u00e0 pr\u00e9ciser les choses suivantes. Premi\u00e8rement, je n\u2019ai pas pour habitude de m\u2019asseoir \u00e0 une table quand je n\u2019y suis pas invit\u00e9. <strong>Encore moins lorsqu\u2019il s\u2019agit de celle d\u2019Eric Dupond-Moretti avec qui j\u2019ai aucune envie de partager un repas\u00a0!<\/strong> Par ailleurs, contrairement \u00e0 ce qu\u2019il affirme, je ne l\u2019ai pas \u2018\u2018insult\u00e9\u2019\u2019 d\u2019intermittent du spectacle pour la simple et bonne raison que j\u2019ai beaucoup trop de respect et de consid\u00e9ration pour eux que j\u2019ai d\u00e9fendus et soutenus toute ma vie. Je lui ai n\u00e9anmoins signifi\u00e9 qu\u2019il \u00e9tait \u2018\u2018meilleur en intermittent qu\u2019en politique\u2019\u2019, en ayant la conviction qu\u2019il peut y avoir d\u2019excellents intermittents du spectacle et d\u2019ex\u00e9crables ministres.\u00a0\u00bb<\/p>\n<p class=\"fs-5 \"><a href=\"https:\/\/www.nicematin.com\/societe\/politique\/je-n-ai-jamais-vu-pire-courtisan-eric-dupond-moretti-reagit-au-tweet-de-christian-estrosi-demandant-la-demission-d-emmanuel-macron-10651392\" rel=\"nofollow noopener\" target=\"_blank\">Le torchon br\u00fble entre le maire de Nice et \u00c9ric Dupond-Moretti, a minima depuis que Christian Estrosi a appel\u00e9 publiquement au d\u00e9part d\u2019Emmanuel Macron et \u00e0 l\u2019organisation d\u2019une pr\u00e9sidentielle anticip\u00e9e.<\/a> \u00ab Je n\u2019ai jamais vu pire courtisan que Christian Estrosi, avait alors ass\u00e9n\u00e9 l\u2019ex ministre de la justice. Il a \u00e9t\u00e9 le courtisan de tout le monde : d\u2019Emmanuel Macron, mais avant lui de M\u00e9decin, de Peyrat, de Le Pen, de Sarkozy \u00e0 qui il veut aujourd\u2019hui donner le nom d\u2019une place ! \u00bb.<\/p>\n","protected":false},"excerpt":{"rendered":"Ces deux-l\u00e0 ne partiront pas en vacances ensemble&#8230; Le maire de Nice Christian Estrosi et l\u2019ancien ministre de&hellip;\n","protected":false},"author":2,"featured_media":498277,"comment_status":"","ping_status":"","sticky":false,"template":"","format":"standard","meta":{"footnotes":""},"categories":[2819],"tags":[1111,11,1777,674,1011,27,3434,12,2401,882,25],"class_list":{"0":"post-498276","1":"post","2":"type-post","3":"status-publish","4":"format-standard","5":"has-post-thumbnail","7":"category-nice","8":"tag-actu","9":"tag-actualites","10":"tag-eu","11":"tag-europe","12":"tag-fr","13":"tag-france","14":"tag-municipales-2026","15":"tag-news","16":"tag-nice","17":"tag-provence-alpes-cote-dazur","18":"tag-republique-francaise"},"share_on_mastodon":{"url":"https:\/\/pubeurope.com\/@fr\/115458944798448096","error":""},"_links":{"self":[{"href":"https:\/\/www.europesays.com\/fr\/wp-json\/wp\/v2\/posts\/498276","targetHints":{"allow":["GET"]}}],"collection":[{"href":"https:\/\/www.europesays.com\/fr\/wp-json\/wp\/v2\/posts"}],"about":[{"href":"https:\/\/www.europesays.com\/fr\/wp-json\/wp\/v2\/types\/post"}],"author":[{"embeddable":true,"href":"https:\/\/www.europesays.com\/fr\/wp-json\/wp\/v2\/users\/2"}],"replies":[{"embeddable":true,"href":"https:\/\/www.europesays.com\/fr\/wp-json\/wp\/v2\/comments?post=498276"}],"version-history":[{"count":0,"href":"https:\/\/www.europesays.com\/fr\/wp-json\/wp\/v2\/posts\/498276\/revisions"}],"wp:featuredmedia":[{"embeddable":true,"href":"https:\/\/www.europesays.com\/fr\/wp-json\/wp\/v2\/media\/498277"}],"wp:attachment":[{"href":"https:\/\/www.europesays.com\/fr\/wp-json\/wp\/v2\/media?parent=498276"}],"wp:term":[{"taxonomy":"category","embeddable":true,"href":"https:\/\/www.europesays.com\/fr\/wp-json\/wp\/v2\/categories?post=498276"},{"taxonomy":"post_tag","embeddable":true,"href":"https:\/\/www.europesays.com\/fr\/wp-json\/wp\/v2\/tags?post=498276"}],"curies":[{"name":"wp","href":"https:\/\/api.w.org\/{rel}","templated":true}]}}