{"id":498288,"date":"2025-10-29T18:52:09","date_gmt":"2025-10-29T18:52:09","guid":{"rendered":"https:\/\/www.europesays.com\/fr\/498288\/"},"modified":"2025-10-29T18:52:09","modified_gmt":"2025-10-29T18:52:09","slug":"voie-coupee-et-bouchons-a-cause-de-carambolages","status":"publish","type":"post","link":"https:\/\/www.europesays.com\/fr\/498288\/","title":{"rendered":"voie coup\u00e9e et bouchons \u00e0 cause de carambolages"},"content":{"rendered":"<p>            Par<br \/>\n        <strong><br \/>\n            <a href=\"https:\/\/actu.fr\/auteur\/mareva-laville-actu-fr\" title=\"Consulter tous les articles de Mar\u00e9va Laville\" target=\"_blank\" rel=\"noopener\">Mar\u00e9va Laville<\/a><br \/>\n        <\/strong><\/p>\n<p>        Publi\u00e9 le<\/p>\n<p>            29 oct. 2025 \u00e0 19h18        <\/p>\n<p>Si les bouchons s\u2019accumulent aux portes de Toulouse, ce mercredi 29\u00a0octobre soir, vers 19\u00a0heures, ce n\u2019est pas anodin. Au sud de <a href=\"http:\/\/www.actu.fr\/toulouse\" target=\"_blank\" rel=\"noopener\">Toulouse<\/a>, en arrivant de <a href=\"https:\/\/actu.fr\/tag\/autoroute-64-a64\" target=\"_blank\" rel=\"noopener\">l\u2019A64<\/a> vers la Ville rose,<strong> deux voitures <\/strong>ont subi un <strong>accident<\/strong>.<\/p>\n<p class=\" wall-content\"><strong>La voie de gauche est par cons\u00e9quent neutralis\u00e9e<\/strong>, indique Bison Fut\u00e9, ce qui provoque quelques embouteillages \u00e0 l\u2019entr\u00e9e de Toulouse.<\/p>\n<p class=\" wall-content\">\n<p>Trois v\u00e9hicules accident\u00e9s vers l\u2019a\u00e9roport<\/p>\n<p class=\" wall-content\">Autre <strong>carambolage<\/strong>, plus au nord cette fois-ci. \u00c0 l\u2019ouest de Toulouse, pr\u00e8s de l\u2019a\u00e9roport de Toulouse-Blagnac,<strong> trois voitures<\/strong> ont subi un accident peu avant 19\u00a0heures aussi. Les v\u00e9hicules accident\u00e9s se trouvent sur <a href=\"https:\/\/actu.fr\/occitanie\/toulouse_31555\/un-gros-bouchon-est-en-cours-sur-une-voie-rapide-de-toulouse-en-raison-d-un-accident_63094832.html\" target=\"_blank\" rel=\"noopener\"><strong>l\u2019A621,<\/strong> <\/a>dans le sens ouest-est, depuis l\u2019a\u00e9roport vers Toulouse.<\/p>\n<p class=\" wall-content\">L\u2019accident g\u00e9n\u00e8re actuellement 1,5\u00a0km de bouchon sur toutes les voies de Blagnac en direction de la Ville rose.<\/p>\n<p>    <a href=\"https:\/\/www.google.com\/maps\/embed?pb=!1m14!1m12!1m3!1d14638.51796867124!2d1.3826690488515394!3d43.62901532568585!2m3!1f0!2f0!3f0!3m2!1i1024!2i768!4f13.1!5e0!3m2!1sfr!2sfr!4v1761761714449!5m2!1sfr!2sfr\" title=\"Ouvrie le lien\" target=\"_blank\" rel=\"noopener\">Cliquez ici pour visualiser le contenu<\/a><\/p>\n<p class=\" wall-content\">Personnalisez votre actualit\u00e9 en ajoutant vos villes et m\u00e9dias en favori avec <a href=\"https:\/\/moncompte.actu.fr\" title=\"D\u00e9couvez Mon Actu\" rel=\"nofollow noopener\" data-trk=\"{&quot;cta&quot;:{&quot;action&quot;:&quot;https:\\\/\\\/moncompte.actu.fr&quot;,&quot;category&quot;:&quot;mon compte&quot;,&quot;from&quot;:&quot;article footer&quot;,&quot;name&quot;:&quot;Mon actu&quot;,&quot;type&quot;:&quot;cta&quot;}}\" target=\"_blank\">Mon Actu<\/a>.<\/p>\n","protected":false},"excerpt":{"rendered":"Par Mar\u00e9va Laville Publi\u00e9 le 29 oct. 2025 \u00e0 19h18 Si les bouchons s\u2019accumulent aux portes de Toulouse,&hellip;\n","protected":false},"author":2,"featured_media":442530,"comment_status":"","ping_status":"","sticky":false,"template":"","format":"standard","meta":{"footnotes":""},"categories":[2816],"tags":[119,1111,11,1777,674,118,1011,27,803,12,2680,25,2312],"class_list":{"0":"post-498288","1":"post","2":"type-post","3":"status-publish","4":"format-standard","5":"has-post-thumbnail","7":"category-toulouse","8":"tag-accident","9":"tag-actu","10":"tag-actualites","11":"tag-eu","12":"tag-europe","13":"tag-faits-divers","14":"tag-fr","15":"tag-france","16":"tag-info-trafic","17":"tag-news","18":"tag-occitanie","19":"tag-republique-francaise","20":"tag-toulouse"},"share_on_mastodon":{"url":"https:\/\/pubeurope.com\/@fr\/115458968512369370","error":""},"_links":{"self":[{"href":"https:\/\/www.europesays.com\/fr\/wp-json\/wp\/v2\/posts\/498288","targetHints":{"allow":["GET"]}}],"collection":[{"href":"https:\/\/www.europesays.com\/fr\/wp-json\/wp\/v2\/posts"}],"about":[{"href":"https:\/\/www.europesays.com\/fr\/wp-json\/wp\/v2\/types\/post"}],"author":[{"embeddable":true,"href":"https:\/\/www.europesays.com\/fr\/wp-json\/wp\/v2\/users\/2"}],"replies":[{"embeddable":true,"href":"https:\/\/www.europesays.com\/fr\/wp-json\/wp\/v2\/comments?post=498288"}],"version-history":[{"count":0,"href":"https:\/\/www.europesays.com\/fr\/wp-json\/wp\/v2\/posts\/498288\/revisions"}],"wp:featuredmedia":[{"embeddable":true,"href":"https:\/\/www.europesays.com\/fr\/wp-json\/wp\/v2\/media\/442530"}],"wp:attachment":[{"href":"https:\/\/www.europesays.com\/fr\/wp-json\/wp\/v2\/media?parent=498288"}],"wp:term":[{"taxonomy":"category","embeddable":true,"href":"https:\/\/www.europesays.com\/fr\/wp-json\/wp\/v2\/categories?post=498288"},{"taxonomy":"post_tag","embeddable":true,"href":"https:\/\/www.europesays.com\/fr\/wp-json\/wp\/v2\/tags?post=498288"}],"curies":[{"name":"wp","href":"https:\/\/api.w.org\/{rel}","templated":true}]}}