{"id":498291,"date":"2025-10-29T18:54:34","date_gmt":"2025-10-29T18:54:34","guid":{"rendered":"https:\/\/www.europesays.com\/fr\/498291\/"},"modified":"2025-10-29T18:54:34","modified_gmt":"2025-10-29T18:54:34","slug":"mons-en-baroeul-un-ado-de-15-ans-propose-de-la-drogue-a-des-policiers-en-civil","status":"publish","type":"post","link":"https:\/\/www.europesays.com\/fr\/498291\/","title":{"rendered":"Mons-en-Bar\u0153ul. Un ado de 15 ans propose de la drogue&#8230; \u00e0 des policiers en civil"},"content":{"rendered":"<p>            Par<br \/>\n        <strong><br \/>\n            <a href=\"https:\/\/actu.fr\/auteur\/hervine-mahaud\" title=\"Consulter tous les articles de Hervine Mahaud\" rel=\"nofollow noopener\" target=\"_blank\">Hervine Mahaud<\/a><br \/>\n        <\/strong><\/p>\n<p>        Publi\u00e9 le<\/p>\n<p>            29 oct. 2025 \u00e0 7h40        <\/p>\n<p>Sc\u00e8ne insolite \u00e0 <a href=\"https:\/\/actu.fr\/hauts-de-france\/mons-en-baroeul_59410\" rel=\"nofollow noopener\" target=\"_blank\">Mons-en-Bar\u0153ul<\/a>, ce vendredi 24 octobre en fin d\u2019apr\u00e8s-midi. Un jeune homme de <b>15 ans<\/b> a \u00e9t\u00e9 interpell\u00e9 apr\u00e8s avoir <b>propos\u00e9 de la drogue\u2026 \u00e0 des policiers<\/b> en civil, sans se douter de leur identit\u00e9.<\/p>\n<p>Une vente improvis\u00e9e\u2026 devant la Bac<\/p>\n<p class=\" wall-content\">Vers <b>17h45<\/b>, une patrouille p\u00e9destre de la <b>brigade anticriminalit\u00e9 (Bac)<\/b> circule dans le secteur du <b>mail Lamartine<\/b>, lorsqu\u2019elle rep\u00e8re un adolescent <b>cagoul\u00e9<\/b> semblant manipuler des produits stup\u00e9fiants pr\u00e8s d\u2019une rampe d\u2019escalier. Intrigu\u00e9s, les fonctionnaires d\u00e9cident de s\u2019approcher discr\u00e8tement.<\/p>\n<p class=\" wall-content\">Ne reconnaissant pas les policiers, le jeune s\u2019adresse \u00e0 eux et leur <b>propose un pochon d\u2019herbe de cannabis pour 10 euros<\/b>. L\u2019\u00e9change n\u2019aura \u00e9videmment pas lieu : le vendeur est imm\u00e9diatement <b>interpell\u00e9<\/b>.<\/p>\n<p class=\" wall-content\">Lors de la fouille, les policiers d\u00e9couvrent <b>trois pochons d\u2019herbe<\/b>, soit environ <b>5 grammes de cannabis<\/b>.<\/p>\n<p class=\" wall-content\">De nouvelles recherches men\u00e9es \u00e0 proximit\u00e9 de la rampe d\u2019escalier permettent de retrouver <b>deux autres pochons<\/b> de 5 grammes chacun, ainsi que <b>10 grammes de r\u00e9sine<\/b>.<\/p>\n<p class=\" wall-content\">Le jeune mis en cause, <b>n\u00e9 en 2009<\/b>, a \u00e9t\u00e9 <b>plac\u00e9 en garde \u00e0 vue<\/b> pour <b>offre et cession de produits stup\u00e9fiants<\/b>.<\/p>\n<p class=\" wall-content\">Personnalisez votre actualit\u00e9 en ajoutant vos villes et m\u00e9dias en favori avec <a href=\"https:\/\/moncompte.actu.fr\" title=\"D\u00e9couvez Mon Actu\" rel=\"nofollow noopener\" data-trk=\"{&quot;cta&quot;:{&quot;action&quot;:&quot;https:\\\/\\\/moncompte.actu.fr&quot;,&quot;category&quot;:&quot;mon compte&quot;,&quot;from&quot;:&quot;article footer&quot;,&quot;name&quot;:&quot;Mon actu&quot;,&quot;type&quot;:&quot;cta&quot;}}\" target=\"_blank\">Mon Actu<\/a>.<\/p>\n","protected":false},"excerpt":{"rendered":"Par Hervine Mahaud Publi\u00e9 le 29 oct. 2025 \u00e0 7h40 Sc\u00e8ne insolite \u00e0 Mons-en-Bar\u0153ul, ce vendredi 24 octobre&hellip;\n","protected":false},"author":2,"featured_media":498292,"comment_status":"","ping_status":"","sticky":false,"template":"","format":"standard","meta":{"footnotes":""},"categories":[2815],"tags":[1111,11,1052,1777,674,118,1011,27,811,1307,12,25],"class_list":{"0":"post-498291","1":"post","2":"type-post","3":"status-publish","4":"format-standard","5":"has-post-thumbnail","7":"category-lille","8":"tag-actu","9":"tag-actualites","10":"tag-drogue","11":"tag-eu","12":"tag-europe","13":"tag-faits-divers","14":"tag-fr","15":"tag-france","16":"tag-hauts-de-france","17":"tag-lille","18":"tag-news","19":"tag-republique-francaise"},"share_on_mastodon":{"url":"https:\/\/pubeurope.com\/@fr\/115458976381260683","error":""},"_links":{"self":[{"href":"https:\/\/www.europesays.com\/fr\/wp-json\/wp\/v2\/posts\/498291","targetHints":{"allow":["GET"]}}],"collection":[{"href":"https:\/\/www.europesays.com\/fr\/wp-json\/wp\/v2\/posts"}],"about":[{"href":"https:\/\/www.europesays.com\/fr\/wp-json\/wp\/v2\/types\/post"}],"author":[{"embeddable":true,"href":"https:\/\/www.europesays.com\/fr\/wp-json\/wp\/v2\/users\/2"}],"replies":[{"embeddable":true,"href":"https:\/\/www.europesays.com\/fr\/wp-json\/wp\/v2\/comments?post=498291"}],"version-history":[{"count":0,"href":"https:\/\/www.europesays.com\/fr\/wp-json\/wp\/v2\/posts\/498291\/revisions"}],"wp:featuredmedia":[{"embeddable":true,"href":"https:\/\/www.europesays.com\/fr\/wp-json\/wp\/v2\/media\/498292"}],"wp:attachment":[{"href":"https:\/\/www.europesays.com\/fr\/wp-json\/wp\/v2\/media?parent=498291"}],"wp:term":[{"taxonomy":"category","embeddable":true,"href":"https:\/\/www.europesays.com\/fr\/wp-json\/wp\/v2\/categories?post=498291"},{"taxonomy":"post_tag","embeddable":true,"href":"https:\/\/www.europesays.com\/fr\/wp-json\/wp\/v2\/tags?post=498291"}],"curies":[{"name":"wp","href":"https:\/\/api.w.org\/{rel}","templated":true}]}}