{"id":498303,"date":"2025-10-29T19:01:11","date_gmt":"2025-10-29T19:01:11","guid":{"rendered":"https:\/\/www.europesays.com\/fr\/498303\/"},"modified":"2025-10-29T19:01:11","modified_gmt":"2025-10-29T19:01:11","slug":"plus-de-550-kilometres-de-bouchons-en-ile-de-france-ce-mercredi-soir-un-niveau-exceptionnellement-haut","status":"publish","type":"post","link":"https:\/\/www.europesays.com\/fr\/498303\/","title":{"rendered":"Plus de 550 kilom\u00e8tres de bouchons en \u00cele-de-France ce mercredi soir, un niveau exceptionnellement haut"},"content":{"rendered":"<p class=\"paragraph text_align_left lp-f-body-02\">Si vous circulez sur les routes franciliennes en ce mercredi soir, bon courage. Car selon <a href=\"https:\/\/www.sytadin.fr\/sys\/barometre_bouchon.jsp.html\" target=\"_blank\" rel=\"noreferrer noopener\">les donn\u00e9es de Sytadin<\/a>, le cumul des bouchons recens\u00e9s est immense. Aux alentours de 19 heures, il est pass\u00e9 au-dessus des 550 kilom\u00e8tres, soit beaucoup plus que le niveau \u00ab exceptionnel \u00bb \u2014 plus de 100 kilom\u00e8tres en de\u00e7\u00e0.<\/p>\n<p class=\"paragraph text_align_left lp-f-body-02\">Surtout, ce pic de bouchons intervient pendant les vacances scolaires, o\u00f9 les ralentissements sont beaucoup plus bas que d\u2019habitude. Ce qui \u00e9tait d\u2019ailleurs le cas depuis le d\u00e9but des vacances de la Toussaint lundi dernier. Or, le cumul des bouchons s\u2019est litt\u00e9ralement envol\u00e9 ce mercredi, \u00e0 partir de 16 heures.<\/p>\n<p class=\"paragraph text_align_left lp-f-body-02\">Sur son site, Sytadin fait savoir que la circulation est difficile sur l\u2019autoroute A3 entre Aulnay-sous-Bois (Seine-Saint-Denis) et Bondy (Seine-Saint-Denis). Il faut 40 minutes pour parcourir cinq kilom\u00e8tres, l\u00e0 o\u00f9 il en faut moins de 20 d\u2019ordinaire. M\u00eame chose dans le Val-d\u2019Oise, o\u00f9 la circulation entre \u00c9piais-l\u00e8s-Louvres et Villiers-Adam est tout aussi difficile. Pour parcours 23 kilom\u00e8tres, il faut compter pr\u00e8s d\u2019une heure contre 22 minutes en temps normal.<\/p>\n<p class=\"paragraph text_align_left lp-f-body-02\">Aussi, plusieurs accidents qui ont eu lieu dans la r\u00e9gion peuvent expliquer <a href=\"https:\/\/www.leparisien.fr\/info-paris-ile-de-france-oise\/transports\/matin-dembouteillages-a-paris-et-en-ile-de-france-plus-de-410-km-de-bouchons-24-06-2025-N7PB6OWWAVCWHDTC7EZUD32ZMY.php\" target=\"_blank\" rel=\"noreferrer noopener\">ce cumul particuli\u00e8rement \u00e9lev\u00e9<\/a>. Exemple en Seine-et-Marne \u00e0 Combs-la-Ville o\u00f9 une voiture et un poids lourd sont entr\u00e9s en collision, avant un autre accident quasiment dans la m\u00eame minute au niveau de Villepinte. Sur l\u2019A104N, trois v\u00e9hicules sont impliqu\u00e9s, for\u00e7ant la neutralisation d\u2019une voie.<\/p>\n","protected":false},"excerpt":{"rendered":"Si vous circulez sur les routes franciliennes en ce mercredi soir, bon courage. Car selon les donn\u00e9es de&hellip;\n","protected":false},"author":2,"featured_media":498304,"comment_status":"","ping_status":"","sticky":false,"template":"","format":"standard","meta":{"footnotes":""},"categories":[1592],"tags":[1111,11,1777,674,1011,27,662,1944,12,626,25,2382],"class_list":{"0":"post-498303","1":"post","2":"type-post","3":"status-publish","4":"format-standard","5":"has-post-thumbnail","7":"category-ile-de-france","8":"tag-actu","9":"tag-actualites","10":"tag-eu","11":"tag-europe","12":"tag-fr","13":"tag-france","14":"tag-ile-de-france","15":"tag-ma-ville","16":"tag-news","17":"tag-paris","18":"tag-republique-francaise","19":"tag-transport-idf-oise"},"share_on_mastodon":{"url":"https:\/\/pubeurope.com\/@fr\/115459003893179063","error":""},"_links":{"self":[{"href":"https:\/\/www.europesays.com\/fr\/wp-json\/wp\/v2\/posts\/498303","targetHints":{"allow":["GET"]}}],"collection":[{"href":"https:\/\/www.europesays.com\/fr\/wp-json\/wp\/v2\/posts"}],"about":[{"href":"https:\/\/www.europesays.com\/fr\/wp-json\/wp\/v2\/types\/post"}],"author":[{"embeddable":true,"href":"https:\/\/www.europesays.com\/fr\/wp-json\/wp\/v2\/users\/2"}],"replies":[{"embeddable":true,"href":"https:\/\/www.europesays.com\/fr\/wp-json\/wp\/v2\/comments?post=498303"}],"version-history":[{"count":0,"href":"https:\/\/www.europesays.com\/fr\/wp-json\/wp\/v2\/posts\/498303\/revisions"}],"wp:featuredmedia":[{"embeddable":true,"href":"https:\/\/www.europesays.com\/fr\/wp-json\/wp\/v2\/media\/498304"}],"wp:attachment":[{"href":"https:\/\/www.europesays.com\/fr\/wp-json\/wp\/v2\/media?parent=498303"}],"wp:term":[{"taxonomy":"category","embeddable":true,"href":"https:\/\/www.europesays.com\/fr\/wp-json\/wp\/v2\/categories?post=498303"},{"taxonomy":"post_tag","embeddable":true,"href":"https:\/\/www.europesays.com\/fr\/wp-json\/wp\/v2\/tags?post=498303"}],"curies":[{"name":"wp","href":"https:\/\/api.w.org\/{rel}","templated":true}]}}