{"id":498305,"date":"2025-10-29T19:02:18","date_gmt":"2025-10-29T19:02:18","guid":{"rendered":"https:\/\/www.europesays.com\/fr\/498305\/"},"modified":"2025-10-29T19:02:18","modified_gmt":"2025-10-29T19:02:18","slug":"les-bijoux-nont-pas-encore-ete-retrouves-annonce-la-procureure-de-paris-liberation","status":"publish","type":"post","link":"https:\/\/www.europesays.com\/fr\/498305\/","title":{"rendered":"les bijoux n\u2019ont \u00abpas encore \u00e9t\u00e9 retrouv\u00e9s\u00bb, annonce la procureure de Paris \u2013 Lib\u00e9ration"},"content":{"rendered":"<p class=\"sc-cPiKLX AiZTS text-element\">Plus de dix jours apr\u00e8s le <a href=\"https:\/\/www.liberation.fr\/checknews\/cambriolage-au-louvre-les-vitrines-netaient-pas-aux-normes-de-securite-les-plus-elevees-20251024_WBDJT5JO6JA5NFS3UFGXYOCPOQ\/?redirected=1\" target=\"_blank\" rel=\"noreferrer noopener\" title=\"https:\/\/www.liberation.fr\/checknews\/cambriolage-au-louvre-les-vitrines-netaient-pas-aux-normes-de-securite-les-plus-elevees-20251024_WBDJT5JO6JA5NFS3UFGXYOCPOQ\/?redirected=1\">\u00abcasse du si\u00e8cle\u00bb<\/a>, l\u2019enqu\u00eate sur le braquage du Louvre livre ses premi\u00e8res avanc\u00e9es. Lors d\u2019une conf\u00e9rence organis\u00e9e ce mercredi 29 octobre, la procureure de Paris Laure Beccuau a annonc\u00e9 que les deux hommes interpell\u00e9s samedi en r\u00e9gion parisienne ont <a href=\"https:\/\/www.liberation.fr\/societe\/police-justice\/gardes-a-vue-traces-adn-pistes-evoquees-une-semaine-apres-le-braquage-du-louvre-ou-en-est-lenquete-20251026_QE3DKPANBNCUDCLGGR4U5LCIKY\/\" target=\"_blank\" rel=\"noreferrer noopener\" title=\"https:\/\/www.liberation.fr\/societe\/police-justice\/gardes-a-vue-traces-adn-pistes-evoquees-une-semaine-apres-le-braquage-du-louvre-ou-en-est-lenquete-20251026_QE3DKPANBNCUDCLGGR4U5LCIKY\/\">\u00abpartiellement reconnu les faits\u00bb lors de leur garde \u00e0 vue, qui se termine ce soir.<\/a> Ces derniers \u00absont actuellement en cours de pr\u00e9sentation devant les magistrats\u00bb en vue de \u00ableur mise en examen pour les infractions de vol en bande organis\u00e9e, faisant encourir la peine de 15 ans de r\u00e9clusion criminelle\u00bb, et pour \u00abassociation de malfaiteurs\u00bb, faisant encourir la peine de 10 ans en prison, a pr\u00e9cis\u00e9 la magistrate.<\/p>\n<p class=\"sc-cPiKLX AiZTS text-element\">Les deux hommes seront ensuite pr\u00e9sent\u00e9s devant un juge des libert\u00e9s et de la d\u00e9tention, puisque leur placement en d\u00e9tention provisoire a \u00e9t\u00e9 requis par le parquet, a-t-elle ajout\u00e9. \u00abC\u2019est un dossier difficile pour tout le monde\u00bb, avec un \u00abdroit au proc\u00e8s \u00e9quitable difficile\u00bb en raison notamment de son ultram\u00e9diatisation, avait soulign\u00e9 plus t\u00f4t <a href=\"https:\/\/www.liberation.fr\/societe\/police-justice\/nadia-el-bouroumi-lavocate-polemique-du-proces-de-mazan-bientot-fixee-sur-une-eventuelle-suspension-20250422_AIOJV7IL7FB33L2AOR7SKDDLMY\/?redirected=1\" target=\"_blank\" rel=\"noopener\" title=\"https:\/\/www.liberation.fr\/societe\/police-justice\/nadia-el-bouroumi-lavocate-polemique-du-proces-de-mazan-bientot-fixee-sur-une-eventuelle-suspension-20250422_AIOJV7IL7FB33L2AOR7SKDDLMY\/?redirected=1\">Nadia El Bouroumi<\/a>, avocate d\u2019un des suspects en garde \u00e0 vue. Son client \u00abressent la pression, il est abattu\u00bb, avait-elle d\u00e9plor\u00e9 \u00e0 l\u2019AFP, confirmant des propos tenus aupr\u00e8s de TF1.<\/p>\n<p class=\"sc-cPiKLX AiZTS text-element\">Par ailleurs, la procureure de Paris a annonc\u00e9 que plus d\u2019une semaine apr\u00e8s le vol spectaculaire de huit joyaux de la couronne de France en quelques minutes au mus\u00e9e du Louvre, les bijoux \u00abn\u2019ont pas encore \u00e9t\u00e9 retrouv\u00e9s\u00bb. \u00abLes bijoux ne sont pas encore en notre possession. Je veux garder l\u2019espoir qu\u2019ils seront retrouv\u00e9s et pourront \u00eatre rendus au mus\u00e9e du Louvre et plus largement \u00e0 la nation\u00bb, a-t-elle exhort\u00e9.<\/p>\n<p class=\"sc-cPiKLX AiZTS text-element\">\u00abCes joyaux sont dor\u00e9navant bien \u00e9videmment invendables. Pour rappel, [\u2026] quiconque les ach\u00e8terait se rendrait coupable \u00e0 son tour de recel de ce crime\u00bb, a-t-elle soulign\u00e9, avant de lancer, comme une suggestion : \u00abil est encore temps de les restituer\u00bb. Laure Beccuau a par ailleurs pr\u00e9cis\u00e9 qu\u2019il sera \u00abd\u00e9licat\u00bb de restaurer la couronne de l\u2019imp\u00e9ratrice Eug\u00e9nie abandonn\u00e9e par les malfaiteurs au Louvre.<\/p>\n<p class=\"sc-cPiKLX AiZTS text-element\">Enfin, avant de conclure sa br\u00e8ve conf\u00e9rence de presse, la magistrate a pr\u00e9cis\u00e9 que les enqu\u00eateurs mobilis\u00e9s sur ce casse rocambolesque n\u2019excluent pas \u00abla possibilit\u00e9\u00bb d\u2019un groupe beaucoup plus large que quatre malfaiteurs. Et, a contrario d\u2019une information diffus\u00e9e par certains m\u00e9dias, \u00abrien ne permet\u00bb de parler de complicit\u00e9 au sein du mus\u00e9e, a-t-elle tranch\u00e9.<\/p>\n<p class=\"sc-cPiKLX AiZTS text-element\">Pour rappel, vers 9 h 30 le 19 octobre, les membres du commando en question avaient install\u00e9 un camion-\u00e9l\u00e9vateur au pied du mus\u00e9e, sur le quai Fran\u00e7ois-Mitterrand, et deux d\u2019entre eux, visages masqu\u00e9s, s\u2019\u00e9taient hiss\u00e9s avec une nacelle jusqu\u2019\u00e0 la galerie Apollon. Apr\u00e8s avoir bris\u00e9 une fen\u00eatre et les vitrines contenant les bijoux \u00e0 l\u2019aide de disqueuses, les voleurs \u00e9taient repartis \u00e0 bord de deux scooters conduits par leurs complices.<\/p>\n<p class=\"sc-cPiKLX AiZTS text-element\">Le cambriolage a dur\u00e9 en tout moins de huit minutes. Les investigations, confi\u00e9es \u00e0 la BRB et \u00e0 l\u2019OCBC, mobilisent d\u00e9sormais une centaine d\u2019enqu\u00eateurs. Plus \u00abde 150 pr\u00e9l\u00e8vements de traces ADN, papillaires et autres ont \u00e9t\u00e9 r\u00e9alis\u00e9s\u00bb sur les lieux du cambriolage, selon la procureure de Paris.<\/p>\n<p class=\"sc-cPiKLX AiZTS text-element\">Les conclusions de l\u2019enqu\u00eate administrative sur la s\u00e9curit\u00e9 du mus\u00e9e devraient, pour leur part, \u00eatre d\u00e9voil\u00e9es mercredi soir.<\/p>\n<p class=\"sc-cPiKLX AiZTS text-element\"><b>Mise \u00e0 jour <\/b>\u00e0 17 h 40 avec les d\u00e9clarations de la procureure de Paris.<\/p>\n","protected":false},"excerpt":{"rendered":"Plus de dix jours apr\u00e8s le \u00abcasse du si\u00e8cle\u00bb, l\u2019enqu\u00eate sur le braquage du Louvre livre ses premi\u00e8res&hellip;\n","protected":false},"author":2,"featured_media":498306,"comment_status":"","ping_status":"","sticky":false,"template":"","format":"standard","meta":{"footnotes":""},"categories":[1888],"tags":[1111,1928,11,1927,1777,674,1011,27,3094,12,1926,626,1925,25],"class_list":{"0":"post-498305","1":"post","2":"type-post","3":"status-publish","4":"format-standard","5":"has-post-thumbnail","7":"category-paris","8":"tag-actu","9":"tag-actu-paris","10":"tag-actualites","11":"tag-actualites-paris","12":"tag-eu","13":"tag-europe","14":"tag-fr","15":"tag-france","16":"tag-musee-du-louvre","17":"tag-news","18":"tag-news-paris","19":"tag-paris","20":"tag-paris-news","21":"tag-republique-francaise"},"share_on_mastodon":{"url":"https:\/\/pubeurope.com\/@fr\/115459007764263003","error":""},"_links":{"self":[{"href":"https:\/\/www.europesays.com\/fr\/wp-json\/wp\/v2\/posts\/498305","targetHints":{"allow":["GET"]}}],"collection":[{"href":"https:\/\/www.europesays.com\/fr\/wp-json\/wp\/v2\/posts"}],"about":[{"href":"https:\/\/www.europesays.com\/fr\/wp-json\/wp\/v2\/types\/post"}],"author":[{"embeddable":true,"href":"https:\/\/www.europesays.com\/fr\/wp-json\/wp\/v2\/users\/2"}],"replies":[{"embeddable":true,"href":"https:\/\/www.europesays.com\/fr\/wp-json\/wp\/v2\/comments?post=498305"}],"version-history":[{"count":0,"href":"https:\/\/www.europesays.com\/fr\/wp-json\/wp\/v2\/posts\/498305\/revisions"}],"wp:featuredmedia":[{"embeddable":true,"href":"https:\/\/www.europesays.com\/fr\/wp-json\/wp\/v2\/media\/498306"}],"wp:attachment":[{"href":"https:\/\/www.europesays.com\/fr\/wp-json\/wp\/v2\/media?parent=498305"}],"wp:term":[{"taxonomy":"category","embeddable":true,"href":"https:\/\/www.europesays.com\/fr\/wp-json\/wp\/v2\/categories?post=498305"},{"taxonomy":"post_tag","embeddable":true,"href":"https:\/\/www.europesays.com\/fr\/wp-json\/wp\/v2\/tags?post=498305"}],"curies":[{"name":"wp","href":"https:\/\/api.w.org\/{rel}","templated":true}]}}