{"id":498309,"date":"2025-10-29T19:04:12","date_gmt":"2025-10-29T19:04:12","guid":{"rendered":"https:\/\/www.europesays.com\/fr\/498309\/"},"modified":"2025-10-29T19:04:12","modified_gmt":"2025-10-29T19:04:12","slug":"tout-ce-quil-faut-savoir-sur-la-ceremonie-de-commemoration","status":"publish","type":"post","link":"https:\/\/www.europesays.com\/fr\/498309\/","title":{"rendered":"tout ce qu&rsquo;il faut savoir sur la c\u00e9r\u00e9monie de comm\u00e9moration"},"content":{"rendered":"<p>            Par<br \/>\n        <strong><br \/>\n            <a href=\"https:\/\/actu.fr\/auteur\/redaction-paris\" title=\"Consulter tous les articles de R\u00e9daction Paris\" target=\"_blank\" rel=\"noopener\">R\u00e9daction Paris<\/a><br \/>\n        <\/strong><\/p>\n<p>        Publi\u00e9 le<\/p>\n<p>            29 oct. 2025 \u00e0 19h22        <\/p>\n<p>La journ\u00e9e s\u2019annonce charg\u00e9e en \u00e9motions. Dix ans, jour pour jour, apr\u00e8s les attentats du 13 novembre 2015, la <a href=\"https:\/\/actu.fr\/tag\/mairie-de-paris\" target=\"_blank\" rel=\"noopener\">Ville de Paris<\/a> s\u2019appr\u00eate \u00e0 comm\u00e9morer l\u2019un des jours les plus sombres de son histoire. Mercredi 13 novembre 2025 sera d\u00e9voil\u00e9, place Saint-Gervais, dans le 4\u1d49 arrondissement, le <strong>Jardin du 13-Novembre-2015<\/strong>, inaugur\u00e9 lors d\u2019une c\u00e9r\u00e9monie imagin\u00e9e par Thierry Reboul, directeur ex\u00e9cutif des C\u00e9r\u00e9monies, de la Cr\u00e9ation et des Projets sp\u00e9ciaux du Comit\u00e9 d\u2019organisation de Paris 2024.<\/p>\n<p>\u00ab\u00a0J\u2019ai dit oui tout de suite\u00a0\u00bb<\/p>\n<p class=\" wall-content\">\u00ab Lorsque la maire de Paris m\u2019a demand\u00e9 si je voulais cr\u00e9er la comm\u00e9moration des dix ans des attentats du 13 novembre 2015, <strong>j\u2019ai dit oui tout de suite<\/strong>. Sans r\u00e9fl\u00e9chir \u00bb, confie le chef d\u2019orchestre de l\u2019\u00e9v\u00e9nement. La c\u00e9r\u00e9monie aura lieu de 18 heures \u00e0 20 heures, en pr\u00e9sence des associations de victimes Life for Paris et 13onze15, mais aussi d\u2019<a href=\"https:\/\/actu.fr\/tag\/anne-hidalgo\" target=\"_blank\" rel=\"noopener\">Anne Hidalgo<\/a> et du pr\u00e9sident de la R\u00e9publique, <a href=\"https:\/\/actu.fr\/tag\/emmanuel-macron\" target=\"_blank\" rel=\"noopener\">Emmanuel Macron<\/a>. Elle sera retransmise en direct \u00e0 la t\u00e9l\u00e9vision.\u00a0<\/p>\n<p class=\" wall-content\">Conscient de la d\u00e9licate mission qui lui a \u00e9t\u00e9 confi\u00e9e, Thierry Reboul a d\u00e9cid\u00e9 de <strong>faire des victimes des attentats le fil rouge<\/strong> de cette soir\u00e9e. \u00ab Qui \u00e9taient-ils ? Qu\u2019aimaient-ils ? Voil\u00e0 le fil que j\u2019ai tent\u00e9 de suivre, accompagn\u00e9 de la bienveillance des associations de victimes m\u2019accueillant comme l\u2019un des leurs \u00bb, a-t-il d\u00e9taill\u00e9. Un hommage qui passera notamment par la musique et le rock, \u00ab plut\u00f4t anglo-saxon \u00bb, ajoute-t-il.<\/p>\n<p class=\" wall-content\">\u00ab Cette <strong>int\u00e9gration forte des arts<\/strong> et des artistes \u00e0 une comm\u00e9moration, usuellement plus traditionnelle, marquera, je crois, la personnalit\u00e9 de ces dix ans, avec une tonalit\u00e9 affirm\u00e9e, proche \u2014 je l\u2019imagine \u2014 de celles et ceux \u00e0 qui nous rendrons hommage ce soir. \u00bb<\/p>\n<p>Un lieu \u00ab\u00a0de m\u00e9moire et de vie\u00a0\u00bb<\/p>\n<p class=\" wall-content\">Le Jardin du 13-Novembre-2015\u00a0 est un lieu \u00ab de m\u00e9moire et de vie au c\u0153ur de la capitale \u00bb, pens\u00e9 comme une travers\u00e9e. Les all\u00e9es du jardin, qui r\u00e9unit symboliquement les <strong>six sites touch\u00e9s par la trag\u00e9die<\/strong>, sont inspir\u00e9es des plans des quartiers parisiens meurtris. \u00ab Les rues deviennent des all\u00e9es, les parcours multiples \u00e9voquent \u00e0 la fois les errances, les fuites et la solidarit\u00e9 au cours de cette nuit-l\u00e0 \u00bb, explique la Ville de Paris.<\/p>\n<p>    <img   decoding=\"async\" loading=\"lazy\" src=\"https:\/\/www.europesays.com\/fr\/wp-content\/uploads\/2025\/10\/122604-c-jean-baptiste-gurliat-ville-de-paris-960x640.jpg\" alt=\"Chaque site du jardin aura une st\u00e8le avec le nom des victimes. \" width=\"960\" height=\"640\"\/><br \/>\n    Chaque site du jardin aura une st\u00e8le avec le nom des victimes. (\u00a9Jean-Baptiste Gurliat \/ Mairie de Paris)<\/p>\n<p class=\" wall-content\">\u00c0 l\u2019entr\u00e9e de chaque \u00ab site \u00bb, deux arbres : <strong>l\u2019orme<\/strong> de la justice et <strong>l\u2019olivier<\/strong> de la paix. Une st\u00e8le avec les noms des victimes a \u00e9t\u00e9 install\u00e9e au c\u0153ur de chaque espace. En face, un banc en pierre permet \u00e0 celles et ceux qui le souhaitent de se recueillir.<\/p>\n<p>Votre r\u00e9gion, votre actu !<\/p>\n<p>Recevez chaque jour les infos qui comptent pour vous.<\/p>\n<p>\t<a href=\"https:\/\/actu.fr\/newsletter\" class=\"ac-btn ac-btn--corner ac-btn--medium ac-btn--blue800\" target=\"_blank\" rel=\"noopener\">S&rsquo;incrire<\/a><\/p>\n<p class=\" wall-content\">\u00c0 la nuit tomb\u00e9e, le jardin s\u2019illuminera des <strong>\u00ab\u202flueurs de la m\u00e9moire\u202f\u00bb<\/strong>, une constellation de lumi\u00e8res ambr\u00e9es reproduisant la vo\u00fbte c\u00e9leste du 13 novembre 2015.<\/p>\n<p class=\" wall-content\">Personnalisez votre actualit\u00e9 en ajoutant vos villes et m\u00e9dias en favori avec <a href=\"https:\/\/moncompte.actu.fr\" title=\"D\u00e9couvez Mon Actu\" rel=\"nofollow noopener\" data-trk=\"{&quot;cta&quot;:{&quot;action&quot;:&quot;https:\\\/\\\/moncompte.actu.fr&quot;,&quot;category&quot;:&quot;mon compte&quot;,&quot;from&quot;:&quot;article footer&quot;,&quot;name&quot;:&quot;Mon actu&quot;,&quot;type&quot;:&quot;cta&quot;}}\" target=\"_blank\">Mon Actu<\/a>.<\/p>\n","protected":false},"excerpt":{"rendered":"Par R\u00e9daction Paris Publi\u00e9 le 29 oct. 2025 \u00e0 19h22 La journ\u00e9e s\u2019annonce charg\u00e9e en \u00e9motions. Dix ans,&hellip;\n","protected":false},"author":2,"featured_media":498310,"comment_status":"","ping_status":"","sticky":false,"template":"","format":"standard","meta":{"footnotes":""},"categories":[1888],"tags":[11,5581,1777,674,1011,27,2381,12,626,25,104],"class_list":{"0":"post-498309","1":"post","2":"type-post","3":"status-publish","4":"format-standard","5":"has-post-thumbnail","7":"category-paris","8":"tag-actualites","9":"tag-attentat","10":"tag-eu","11":"tag-europe","12":"tag-fr","13":"tag-france","14":"tag-mairie-de-paris","15":"tag-news","16":"tag-paris","17":"tag-republique-francaise","18":"tag-societe"},"share_on_mastodon":{"url":"https:\/\/pubeurope.com\/@fr\/115459015699419690","error":""},"_links":{"self":[{"href":"https:\/\/www.europesays.com\/fr\/wp-json\/wp\/v2\/posts\/498309","targetHints":{"allow":["GET"]}}],"collection":[{"href":"https:\/\/www.europesays.com\/fr\/wp-json\/wp\/v2\/posts"}],"about":[{"href":"https:\/\/www.europesays.com\/fr\/wp-json\/wp\/v2\/types\/post"}],"author":[{"embeddable":true,"href":"https:\/\/www.europesays.com\/fr\/wp-json\/wp\/v2\/users\/2"}],"replies":[{"embeddable":true,"href":"https:\/\/www.europesays.com\/fr\/wp-json\/wp\/v2\/comments?post=498309"}],"version-history":[{"count":0,"href":"https:\/\/www.europesays.com\/fr\/wp-json\/wp\/v2\/posts\/498309\/revisions"}],"wp:featuredmedia":[{"embeddable":true,"href":"https:\/\/www.europesays.com\/fr\/wp-json\/wp\/v2\/media\/498310"}],"wp:attachment":[{"href":"https:\/\/www.europesays.com\/fr\/wp-json\/wp\/v2\/media?parent=498309"}],"wp:term":[{"taxonomy":"category","embeddable":true,"href":"https:\/\/www.europesays.com\/fr\/wp-json\/wp\/v2\/categories?post=498309"},{"taxonomy":"post_tag","embeddable":true,"href":"https:\/\/www.europesays.com\/fr\/wp-json\/wp\/v2\/tags?post=498309"}],"curies":[{"name":"wp","href":"https:\/\/api.w.org\/{rel}","templated":true}]}}