{"id":498311,"date":"2025-10-29T19:05:22","date_gmt":"2025-10-29T19:05:22","guid":{"rendered":"https:\/\/www.europesays.com\/fr\/498311\/"},"modified":"2025-10-29T19:05:22","modified_gmt":"2025-10-29T19:05:22","slug":"sinner-deroule-face-a-bergs","status":"publish","type":"post","link":"https:\/\/www.europesays.com\/fr\/498311\/","title":{"rendered":"Sinner d\u00e9roule face \u00e0 Bergs"},"content":{"rendered":"<p>\n    Pas de souci pour le num\u00e9ro 2 mondial italien ce mercredi, au deuxi\u00e8me tour du Masters 1000 de Paris.<\/p>\n<p class=\"fig-paragraph\">Le N.2 mondial Jannik Sinner a \u00e9cart\u00e9 sans difficult\u00e9 au deuxi\u00e8me tour le Belge Zizou Bergs (41e)\u00a0<a href=\"https:\/\/www.lefigaro.fr\/sports\/tennis\/live\/paris-masters-messieurs-2025\/406976\/bergs-sinner\" target=\"_blank\" rel=\"sponsored noopener\" data-gtm-custom-categorie=\"navigation\" data-gtm-custom-action=\"crossclick\" data-gtm-custom-label=\"Contextuel\" data-gtm-event=\"customEventSPE\">6-4, 6-2<\/a>\u00a0mercredi pour se qualifier pour les huiti\u00e8mes de finale du Masters 1000 de Paris. L&rsquo;Italien de 24 ans \u00e9gale sa meilleure performance dans le dernier Masters 1000 de la saison, deux ans apr\u00e8s avoir d\u00e9j\u00e0 atteint les huiti\u00e8mes de finale dans la capitale fran\u00e7aise. Il avait alors d\u00e9clar\u00e9 forfait avant d&rsquo;affronter l&rsquo;Australien Alex De Minaur pour une place en quarts.<\/p>\n<p class=\"fig-paragraph\">Trois jours apr\u00e8s\u00a0<a href=\"http:\/\/www.lefigaro.fr\/sports\/tennis\/tennis-jannik-sinner-plus-fort-qu-alexander-zverev-remporte-l-atp-500-de-vienne-20251026\" data-fig-type=\"NewsFlash\" data-gtm-custom-categorie=\"navigation\" data-gtm-custom-action=\"crossclick\" data-gtm-custom-label=\"Contextuel\" data-gtm-event=\"customEventSPE\" data-fig-domain=\"LEFIGARO\" target=\"_blank\" rel=\"noopener\">son sacre au tournoi ATP 500 de Vienne<\/a>, o\u00f9 il avait surmont\u00e9 des crampes en fin de match, Sinner n&rsquo;a gu\u00e8re sembl\u00e9 g\u00ean\u00e9 physiquement et a sign\u00e9 mercredi sa 22e victoire d&rsquo;affil\u00e9e sur dur en salle.<\/p>\n<p>                                    <a class=\"fig-a11y-skip a11y-hidden\" href=\"#fig-a11y-skip-main-inarticle\"><br \/>\n        Passer la publicit\u00e9<br \/>\n    <\/a><\/p>\n<p>Cerundolo \u00e0 suivre&#8230;<\/p>\n<p class=\"fig-paragraph\">Assur\u00e9 de redevenir N.1 mondial en cas de premier titre \u00e0 Paris, le quadruple laur\u00e9at de tournois du Grand Chelem affrontera jeudi l&rsquo;Argentin Francisco Cerundolo (21e) pour une place en quarts de finale. Le N.2 mondial est le joueur le mieux class\u00e9 encore en lice \u00e0 Paris apr\u00e8s l&rsquo;\u00e9limination surprise de son grand rival espagnol Carlos Alcaraz (1er) mardi d\u00e8s le deuxi\u00e8me tour.<\/p>\n","protected":false},"excerpt":{"rendered":"Pas de souci pour le num\u00e9ro 2 mondial italien ce mercredi, au deuxi\u00e8me tour du Masters 1000 de&hellip;\n","protected":false},"author":2,"featured_media":498312,"comment_status":"","ping_status":"","sticky":false,"template":"","format":"standard","meta":{"footnotes":""},"categories":[1888],"tags":[11,1777,674,1011,27,20859,12,626,25],"class_list":{"0":"post-498311","1":"post","2":"type-post","3":"status-publish","4":"format-standard","5":"has-post-thumbnail","7":"category-paris","8":"tag-actualites","9":"tag-eu","10":"tag-europe","11":"tag-fr","12":"tag-france","13":"tag-jannik-sinner","14":"tag-news","15":"tag-paris","16":"tag-republique-francaise"},"share_on_mastodon":{"url":"https:\/\/pubeurope.com\/@fr\/115459019636157722","error":""},"_links":{"self":[{"href":"https:\/\/www.europesays.com\/fr\/wp-json\/wp\/v2\/posts\/498311","targetHints":{"allow":["GET"]}}],"collection":[{"href":"https:\/\/www.europesays.com\/fr\/wp-json\/wp\/v2\/posts"}],"about":[{"href":"https:\/\/www.europesays.com\/fr\/wp-json\/wp\/v2\/types\/post"}],"author":[{"embeddable":true,"href":"https:\/\/www.europesays.com\/fr\/wp-json\/wp\/v2\/users\/2"}],"replies":[{"embeddable":true,"href":"https:\/\/www.europesays.com\/fr\/wp-json\/wp\/v2\/comments?post=498311"}],"version-history":[{"count":0,"href":"https:\/\/www.europesays.com\/fr\/wp-json\/wp\/v2\/posts\/498311\/revisions"}],"wp:featuredmedia":[{"embeddable":true,"href":"https:\/\/www.europesays.com\/fr\/wp-json\/wp\/v2\/media\/498312"}],"wp:attachment":[{"href":"https:\/\/www.europesays.com\/fr\/wp-json\/wp\/v2\/media?parent=498311"}],"wp:term":[{"taxonomy":"category","embeddable":true,"href":"https:\/\/www.europesays.com\/fr\/wp-json\/wp\/v2\/categories?post=498311"},{"taxonomy":"post_tag","embeddable":true,"href":"https:\/\/www.europesays.com\/fr\/wp-json\/wp\/v2\/tags?post=498311"}],"curies":[{"name":"wp","href":"https:\/\/api.w.org\/{rel}","templated":true}]}}