{"id":498313,"date":"2025-10-29T19:06:13","date_gmt":"2025-10-29T19:06:13","guid":{"rendered":"https:\/\/www.europesays.com\/fr\/498313\/"},"modified":"2025-10-29T19:06:13","modified_gmt":"2025-10-29T19:06:13","slug":"on-est-dans-lingerence-sous-steroides-macron-charge-lintervention-de-la-russie-sur-les-reseaux-sociaux","status":"publish","type":"post","link":"https:\/\/www.europesays.com\/fr\/498313\/","title":{"rendered":"\u00ab\u00a0On est dans l\u2019ing\u00e9rence sous st\u00e9ro\u00efdes\u00a0\u00bb\u2026 Macron charge l\u2019intervention de la Russie sur les r\u00e9seaux sociaux"},"content":{"rendered":"<p>A l\u2019Est, rien de nouveau\u00a0? Le pr\u00e9sident <a href=\"https:\/\/www.20minutes.fr\/politique\/emmanuel-macron\/\" class=\"c-link c-link--is-underlined\" rel=\"nofollow noopener\" target=\"_blank\">Emmanuel Macron<\/a> a appel\u00e9 ce mercredi \u00e0 un \u00ab\u00a0agenda beaucoup plus puissant de protection et de r\u00e9gulation en <a href=\"https:\/\/www.20minutes.fr\/dossier\/europe\" class=\"c-link c-link--is-underlined\" rel=\"nofollow noopener\" target=\"_blank\">Europe<\/a>\u00a0\u00bb, notamment face aux ing\u00e9rences \u00e9trang\u00e8res via les <a href=\"https:\/\/www.20minutes.fr\/dossier\/reseaux_sociaux\" class=\"c-link c-link--is-underlined\" rel=\"nofollow noopener\" target=\"_blank\">r\u00e9seaux sociaux<\/a>.<\/p>\n<p>Outre leur mod\u00e8le \u00e9conomique bas\u00e9 sur la pol\u00e9mique et l\u2019engagement, le pr\u00e9sident, dans une intervention au Forum pour la paix, a estim\u00e9 que \u00ab\u00a0tout l\u2019ordre de m\u00e9rite qui fondait nos d\u00e9mocraties, un rapport \u00e0 l\u2019argumentation, la v\u00e9rit\u00e9, est compl\u00e8tement mis en l\u2019air\u00a0\u00bb.<\/p>\n<p>\u00ab\u00a0Les plus gros acheteurs de faux compte, ce sont les Russes\u00a0\u00bb<\/p>\n<p>Sur le r\u00e9seau social \u00ab\u00a0<a href=\"https:\/\/www.20minutes.fr\/high-tech\/twitter\/\" class=\"c-link c-link--is-underlined\" rel=\"nofollow noopener\" target=\"_blank\">X<\/a>, si vous ne tombez pas imm\u00e9diatement sur des contenus d\u2019extr\u00eame droite, c\u2019est que vous \u00eates mal organis\u00e9s\u00a0\u00bb, a affirm\u00e9 le chef de l\u2019Etat. Aujourd\u2019hui, \u00ab\u00a0les plus gros acheteurs de faux comptes, ce sont les Russes [\u2026] pour venir d\u00e9stabiliser les d\u00e9mocraties europ\u00e9ennes, a-t-il encore affirm\u00e9. On est dans l\u2019ing\u00e9rence sous st\u00e9ro\u00efdes.\u00a0\u00bb<\/p>\n<\/p>\n<p>Dans ce contexte, \u00ab\u00a0on va porter un agenda beaucoup plus puissant de protection et de r\u00e9gulation en Europe\u00a0\u00bb, a indiqu\u00e9 Emmanuel Macron. \u00ab\u00a0Je crois tr\u00e8s profond\u00e9ment dans l\u2019innovation, mais je ne crois pas une seule seconde dans l\u2019innovation qui est au service des lumi\u00e8res noires\u00a0\u00bb, a-t-il insist\u00e9.<\/p>\n","protected":false},"excerpt":{"rendered":"A l\u2019Est, rien de nouveau\u00a0? Le pr\u00e9sident Emmanuel Macron a appel\u00e9 ce mercredi \u00e0 un \u00ab\u00a0agenda beaucoup plus&hellip;\n","protected":false},"author":2,"featured_media":498314,"comment_status":"","ping_status":"","sticky":false,"template":"","format":"standard","meta":{"footnotes":""},"categories":[1591],"tags":[11,7904,1073,842,1887,142,12,938,1885,1886,132],"class_list":{"0":"post-498313","1":"post","2":"type-post","3":"status-publish","4":"format-standard","5":"has-post-thumbnail","7":"category-russie","8":"tag-actualites","9":"tag-by-the-web","10":"tag-emmanuel-macron","11":"tag-fake-news","12":"tag-federation-de-russie","13":"tag-high-tech","14":"tag-news","15":"tag-reseaux-sociaux","16":"tag-russia","17":"tag-russian-federation","18":"tag-russie"},"share_on_mastodon":{"url":"https:\/\/pubeurope.com\/@fr\/115459023683640778","error":""},"_links":{"self":[{"href":"https:\/\/www.europesays.com\/fr\/wp-json\/wp\/v2\/posts\/498313","targetHints":{"allow":["GET"]}}],"collection":[{"href":"https:\/\/www.europesays.com\/fr\/wp-json\/wp\/v2\/posts"}],"about":[{"href":"https:\/\/www.europesays.com\/fr\/wp-json\/wp\/v2\/types\/post"}],"author":[{"embeddable":true,"href":"https:\/\/www.europesays.com\/fr\/wp-json\/wp\/v2\/users\/2"}],"replies":[{"embeddable":true,"href":"https:\/\/www.europesays.com\/fr\/wp-json\/wp\/v2\/comments?post=498313"}],"version-history":[{"count":0,"href":"https:\/\/www.europesays.com\/fr\/wp-json\/wp\/v2\/posts\/498313\/revisions"}],"wp:featuredmedia":[{"embeddable":true,"href":"https:\/\/www.europesays.com\/fr\/wp-json\/wp\/v2\/media\/498314"}],"wp:attachment":[{"href":"https:\/\/www.europesays.com\/fr\/wp-json\/wp\/v2\/media?parent=498313"}],"wp:term":[{"taxonomy":"category","embeddable":true,"href":"https:\/\/www.europesays.com\/fr\/wp-json\/wp\/v2\/categories?post=498313"},{"taxonomy":"post_tag","embeddable":true,"href":"https:\/\/www.europesays.com\/fr\/wp-json\/wp\/v2\/tags?post=498313"}],"curies":[{"name":"wp","href":"https:\/\/api.w.org\/{rel}","templated":true}]}}