{"id":498315,"date":"2025-10-29T19:07:16","date_gmt":"2025-10-29T19:07:16","guid":{"rendered":"https:\/\/www.europesays.com\/fr\/498315\/"},"modified":"2025-10-29T19:07:16","modified_gmt":"2025-10-29T19:07:16","slug":"poutine-se-moque-de-trump-un-hopital-pour-enfants-bombarde","status":"publish","type":"post","link":"https:\/\/www.europesays.com\/fr\/498315\/","title":{"rendered":"Poutine se moque de Trump, un h\u00f4pital pour enfants bombard\u00e9"},"content":{"rendered":"<p>Vous avez rat\u00e9 les derniers \u00e9v\u00e9nements sur la <a href=\"https:\/\/www.20minutes.fr\/monde\/ukraine\/\" class=\"c-link c-link--is-underlined\" rel=\"nofollow noopener\" target=\"_blank\">guerre en Ukraine<\/a>\u00a0? 20 Minutes fait le point pour vous tous les soirs. Voici l\u2019essentiel de ce mercredi 29\u00a0octobre, 1.344e jour du conflit.<\/p>\n<p>Le fait du jour<\/p>\n<p>Il bombe le torse et semble ne craindre personne. <a href=\"https:\/\/www.20minutes.fr\/monde\/vladimir_poutine\/\" class=\"c-link c-link--is-underlined\" rel=\"nofollow noopener\" target=\"_blank\">Vladimir Poutine<\/a> a d\u00e9fi\u00e9 mercredi les avertissements de Donald Trump en annon\u00e7ant le test d\u2019un drone sous-marin russe \u00e0 capacit\u00e9 nucl\u00e9aire, quelques jours apr\u00e8s <a href=\"https:\/\/www.20minutes.fr\/monde\/russie\/4182086-20251029-russie-missile-bourevestnik-prouesse-technologique-avant-tout-objet-communication\" class=\"c-link c-link--is-underlined\" rel=\"nofollow noopener\" target=\"_blank\">avoir annonc\u00e9 l\u2019essai d\u2019un missile<\/a> qui a \u00e9t\u00e9 critiqu\u00e9 par le pr\u00e9sident am\u00e9ricain.<\/p>\n<p>\u00ab\u00a0Hier, nous avons effectu\u00e9 encore un essai, d\u2019un autre syst\u00e8me prometteur: un drone sous-marin Pos\u00e9idon\u00a0\u00bb, a d\u00e9clar\u00e9 Vladimir Poutine, lors d\u2019une visite d\u2019un h\u00f4pital militaire diffus\u00e9e mercredi \u00e0 la t\u00e9l\u00e9vision publique russe. Le drone Pos\u00e9idon, selon Moscou, est \u00e0 propulsion nucl\u00e9aire et <a href=\"https:\/\/www.20minutes.fr\/monde\/russie\/4182376-20251029-russie-apres-missile-bourevestnik-poutine-annonce-test-poseidon-drone-sous-marin-nucleaire\" class=\"c-link c-link--is-underlined\" rel=\"nofollow noopener\" target=\"_blank\">peut \u00e9galement transporter des charges atomiques<\/a>. \u00ab\u00a0Aucun autre appareil dans le monde n\u2019est \u00e9gal \u00e0 celui-l\u00e0 par sa vitesse et la profondeur\u00a0\u00bb \u00e0 laquelle il op\u00e8re, a assur\u00e9 le ma\u00eetre du Kremlin, en affirmant qu\u2019il n\u2019existait \u00ab\u00a0aucun moyen de l\u2019intercepter\u00a0\u00bb.<\/p>\n<p>Dimanche, le pr\u00e9sident russe s\u2019\u00e9tait f\u00e9licit\u00e9 de l\u2019essai final r\u00e9ussi du missile de croisi\u00e8re \u00e0 propulsion nucl\u00e9aire Bourevestnik, \u00ab d\u2019une port\u00e9e illimit\u00e9e \u00bb et capable de tenir en \u00e9chec, selon lui, quasiment tous les syst\u00e8mes d\u2019interception. \u00ab C\u2019est inappropri\u00e9 de la part de Poutine de dire cela. Il devrait mettre fin \u00e0 la guerre en Ukraine plut\u00f4t que de tester des missiles \u00bb, avait r\u00e9agi son homologue am\u00e9ricain. Mais le dirigeant russe n\u2019a pas tenu compte de ces reproches.<\/p>\n<p>La d\u00e9claration du jour<\/p>\n<blockquote class=\"mx-m@xs mx-xxl@md color-ultramarine c-citation\">\n<p class=\"font-weight-regular@xs text-italic font-source-serif-pro text-l@xs c-citation__content\">\u00ab\u00a0Il s\u2019agissait d\u2019une attaque russe d\u00e9lib\u00e9r\u00e9e visant sp\u00e9cifiquement les enfants, le personnel m\u00e9dical\u00a0\u00bb<\/p>\n<\/blockquote>\n<p>Les paroles sont sign\u00e9es Volodymyr Zelensky. Le pr\u00e9sident ukrainien a d\u00e9nonc\u00e9 mercredi une \u00ab\u00a0attaque russe d\u00e9lib\u00e9r\u00e9e\u00a0\u00bb contre un h\u00f4pital p\u00e9diatrique dans la ville ukrainienne de <a href=\"https:\/\/www.20minutes.fr\/monde\/kherson\/\" class=\"c-link c-link--is-underlined\" rel=\"nofollow noopener\" target=\"_blank\">Kherson<\/a> (sud) qui a fait neuf bless\u00e9s dont quatre enfants. \u00ab\u00a0Une centaine de personnes se trouvaient \u00e0 l\u2019int\u00e9rieur\u00a0\u00bb de l\u2019\u00e9tablissement, a-t-il affirm\u00e9, pr\u00e9cisant que le plus jeune des enfants bless\u00e9s \u00e9tait \u00e2g\u00e9 de huit ans. La Russie est la \u00ab\u00a0plus grande organisation terroriste au monde \u00bb, a-t-il ajout\u00e9.<\/p>\n<p>Un peu plus t\u00f4t, le m\u00e9diateur ukrainien pour les droits humains Dmytro Loubinets avait annonc\u00e9 un bilan de neuf bless\u00e9s, dont \u00ab\u00a0quatre enfants et trois membres du personnel m\u00e9dical\u00a0\u00bb, et d\u00e9nonc\u00e9 \u00ab\u00a0un nouveau crime de guerre\u00a0\u00bb russe. Dmytro Loubinets a publi\u00e9 une vid\u00e9o non v\u00e9rifi\u00e9e par l\u2019AFP montrant un b\u00e2timent aux fen\u00eatres souffl\u00e9es et \u00e0 la fa\u00e7ade endommag\u00e9e, ainsi que des pi\u00e8ces avec du mat\u00e9riel m\u00e9dical au milieu de d\u00e9combres et ce qui semble \u00eatre des taches de sang sur le sol.<\/p>\n<\/p>\n<p>Le chiffre du jour<\/p>\n<p>85.000. C\u2019est le nombre de soldats am\u00e9ricains actuellement stationn\u00e9s en Europe. Mais ce chiffre va diminuer compte tenu de l\u2019annonce ce mercredi, par les Etats-Unis, d\u2019une r\u00e9duction de leur pr\u00e9sence militaire sur le front oriental de l\u2019Europe. Ce reploiement concernera en tout premier lieu la Roumanie, bien que le conflit ukrainien continue de faire rage \u00e0 ses portes.<\/p>\n<p>Mais, \u00ab\u00a0ce n\u2019est pas un retrait am\u00e9ricain d\u2019Europe ni un signe d\u2019un engagement r\u00e9duit envers l\u2019Otan\u00a0\u00bb, a soulign\u00e9 l\u2019arm\u00e9e am\u00e9ricaine dans un communiqu\u00e9 de son \u00e9tat-major en Europe. Il s\u2019agit d\u2019un \u00ab\u00a0ajustement\u00a0\u00bb qui n\u2019emp\u00eachera pas les forces am\u00e9ricaines de rester \u00ab\u00a0plus importantes\u00a0\u00bb qu\u2019avant\u00a02022, a r\u00e9agi de son c\u00f4t\u00e9 un responsable de l\u2019<a href=\"https:\/\/www.20minutes.fr\/monde\/otan\/\" class=\"c-link c-link--is-underlined\" rel=\"nofollow noopener\" target=\"_blank\">Otan<\/a>.<\/p>\n<p>Selon les derni\u00e8res statistiques disponibles, 1.700 soldats am\u00e9ricains sont actuellement d\u00e9ploy\u00e9s en <a href=\"https:\/\/www.20minutes.fr\/dossier\/roumanie\" class=\"c-link c-link--is-underlined\" rel=\"nofollow noopener\" target=\"_blank\">Roumanie<\/a>. En Allemagne, o\u00f9 se trouve le plus gros contingent de troupes am\u00e9ricaines en Europe, un porte-parole du gouvernement a affirm\u00e9 de son c\u00f4t\u00e9 que le pays n\u2019\u00e9tait pas concern\u00e9 par ce red\u00e9ploiement.<\/p>\n<p>La tendance<\/p>\n<p>Les Services de s\u00e9curit\u00e9 ukrainiens (SBU) ont d\u00e9clar\u00e9 mercredi avoir arr\u00eat\u00e9 un ancien instructeur militaire ayant travaill\u00e9 en Ukraine et originaire d\u2019un pays europ\u00e9en non identifi\u00e9, l\u2019accusant d\u2019espionnage pour le compte de la Russie. \u00ab\u00a0Selon les \u00e9l\u00e9ments du dossier, cet \u00e9tranger a fourni \u00e0 l\u2019ennemi des informations officielles sur les forces de d\u00e9fense ukrainiennes et se pr\u00e9parait \u00e0 commettre des actes terroristes\u00a0\u00bb, a affirm\u00e9 le SBU.<\/p>\n<p>Le suspect est arriv\u00e9 en Ukraine d\u00e9but\u00a02024 pour \u00ab\u00a0travailler en tant qu\u2019instructeur charg\u00e9 de former le personnel mobilis\u00e9\u00a0\u00bb et avait des \u00ab\u00a0comp\u00e9tences dans le maniement des armes \u00e0 feu et l\u2019entra\u00eenement tactique\u00a0\u00bb, selon ce communiqu\u00e9 qui ne pr\u00e9cise ni sa nationalit\u00e9 ni son poste. Selon cette source, il a commenc\u00e9 \u00e0 collaborer avec Moscou quelques mois plus tard et les services de s\u00e9curit\u00e9 russes (FSB) lui ont donn\u00e9 des instructions sur la fabrication d\u2019engins explosifs et fourni une arme de poing et des munitions.<\/p>\n<p>Depuis le d\u00e9but de la guerre, l\u2019Ukraine a ouvert des milliers d\u2019affaires p\u00e9nales pour collaboration avec l\u2019ennemi et arr\u00eate r\u00e9guli\u00e8rement des agents pr\u00e9sum\u00e9s travaillant pour la Russie.<\/p>\n","protected":false},"excerpt":{"rendered":"Vous avez rat\u00e9 les derniers \u00e9v\u00e9nements sur la guerre en Ukraine\u00a0? 20 Minutes fait le point pour vous&hellip;\n","protected":false},"author":2,"featured_media":498316,"comment_status":"","ping_status":"","sticky":false,"template":"","format":"standard","meta":{"footnotes":""},"categories":[1590],"tags":[47,11,73,1777,674,131,28370,4998,74,1916,12,136,4868,132,220,135,134],"class_list":{"0":"post-498315","1":"post","2":"type-post","3":"status-publish","4":"format-standard","5":"has-post-thumbnail","7":"category-ukraine","8":"tag-actualite","9":"tag-actualites","10":"tag-etats-unis","11":"tag-eu","12":"tag-europe","13":"tag-guerre-en-ukraine","14":"tag-kherson","15":"tag-kremlin","16":"tag-monde","17":"tag-moscou","18":"tag-news","19":"tag-otan","20":"tag-roumanie","21":"tag-russie","22":"tag-ukraine","23":"tag-vladimir-poutine","24":"tag-volodymyr-zelensky"},"share_on_mastodon":{"url":"https:\/\/pubeurope.com\/@fr\/115459027414119378","error":""},"_links":{"self":[{"href":"https:\/\/www.europesays.com\/fr\/wp-json\/wp\/v2\/posts\/498315","targetHints":{"allow":["GET"]}}],"collection":[{"href":"https:\/\/www.europesays.com\/fr\/wp-json\/wp\/v2\/posts"}],"about":[{"href":"https:\/\/www.europesays.com\/fr\/wp-json\/wp\/v2\/types\/post"}],"author":[{"embeddable":true,"href":"https:\/\/www.europesays.com\/fr\/wp-json\/wp\/v2\/users\/2"}],"replies":[{"embeddable":true,"href":"https:\/\/www.europesays.com\/fr\/wp-json\/wp\/v2\/comments?post=498315"}],"version-history":[{"count":0,"href":"https:\/\/www.europesays.com\/fr\/wp-json\/wp\/v2\/posts\/498315\/revisions"}],"wp:featuredmedia":[{"embeddable":true,"href":"https:\/\/www.europesays.com\/fr\/wp-json\/wp\/v2\/media\/498316"}],"wp:attachment":[{"href":"https:\/\/www.europesays.com\/fr\/wp-json\/wp\/v2\/media?parent=498315"}],"wp:term":[{"taxonomy":"category","embeddable":true,"href":"https:\/\/www.europesays.com\/fr\/wp-json\/wp\/v2\/categories?post=498315"},{"taxonomy":"post_tag","embeddable":true,"href":"https:\/\/www.europesays.com\/fr\/wp-json\/wp\/v2\/tags?post=498315"}],"curies":[{"name":"wp","href":"https:\/\/api.w.org\/{rel}","templated":true}]}}