{"id":498321,"date":"2025-10-29T19:10:31","date_gmt":"2025-10-29T19:10:31","guid":{"rendered":"https:\/\/www.europesays.com\/fr\/498321\/"},"modified":"2025-10-29T19:10:31","modified_gmt":"2025-10-29T19:10:31","slug":"lallemagne-annonce-une-hausse-exceptionnelle-du-salaire-minimum","status":"publish","type":"post","link":"https:\/\/www.europesays.com\/fr\/498321\/","title":{"rendered":"L\u2019Allemagne annonce une hausse exceptionnelle du salaire minimum"},"content":{"rendered":"<p>Le <a href=\"https:\/\/www.20minutes.fr\/dossier\/smic\" class=\"c-link c-link--is-underlined\" rel=\"nofollow noopener\" target=\"_blank\">smic<\/a> allemand augmente. Le gouvernement a adopt\u00e9 ce mercredi la plus importante hausse du <a href=\"https:\/\/www.20minutes.fr\/dossier\/salaire\" class=\"c-link c-link--is-underlined\" rel=\"nofollow noopener\" target=\"_blank\">salaire<\/a> minimum depuis sa cr\u00e9ation il y a dix ans. Elle reste cependant l\u00e9g\u00e8rement moins ambitieuse qu\u2019attendue par les sociaux-d\u00e9mocrates, membres de la coalition au pouvoir.<\/p>\n<p>Actuellement \u00e0 12,82 euros bruts de l\u2019heure, il passera donc \u00e0 13,90 euros au d\u00e9but de l\u2019an prochain, puis \u00e0 14,60 euros au 1er\u00a0janvier 2027, ce qui correspond \u00e0 une hausse totale de 13,9\u00a0%. D\u2019apr\u00e8s le minist\u00e8re allemand du Travail, environ six millions de travailleurs profiteront de cette augmentation.<\/p>\n<p>Un salaire minimum pr\u00e9sent depuis seulement onze ans<\/p>\n<p>Le gouvernement a suivi les recommandations formul\u00e9es en juin par une commission ind\u00e9pendante o\u00f9 si\u00e8gent les repr\u00e9sentants des employeurs et des salari\u00e9s. Les sociaux-d\u00e9mocrates auraient souhait\u00e9 une hausse \u00e0 15 euros d\u00e8s\u00a02026.<\/p>\n<\/p>\n<p>Selon l\u2019office statistique allemand Destatis, le salaire minimum allemand est actuellement le quatri\u00e8me plus \u00e9lev\u00e9 dans l\u2019<a href=\"https:\/\/www.20minutes.fr\/dossier\/ue\" class=\"c-link c-link--is-underlined\" rel=\"nofollow noopener\" target=\"_blank\">UE<\/a>, derri\u00e8re le <a href=\"https:\/\/www.20minutes.fr\/dossier\/luxembourg\" class=\"c-link c-link--is-underlined\" rel=\"nofollow noopener\" target=\"_blank\">Luxembourg<\/a>, l\u2019<a href=\"https:\/\/www.20minutes.fr\/dossier\/irlande\" class=\"c-link c-link--is-underlined\" rel=\"nofollow noopener\" target=\"_blank\">Irlande<\/a> et les <a href=\"https:\/\/www.20minutes.fr\/monde\/pays-bas\/\" class=\"c-link c-link--is-underlined\" rel=\"nofollow noopener\" target=\"_blank\">Pays-Bas<\/a>. Le gouvernement allemand sous la houlette de la chanceli\u00e8re conservatrice <a href=\"https:\/\/www.20minutes.fr\/dossier\/angela_merkel\" class=\"c-link c-link--is-underlined\" rel=\"nofollow noopener\" target=\"_blank\">Angela Merkel<\/a>, alors \u00e0 la t\u00eate d\u2019une coalition avec des sociaux-d\u00e9mocrates, a d\u00e9cid\u00e9 \u00e0 l\u2019\u00e9t\u00e9\u00a02014 d\u2019introduire un salaire minimum en <a href=\"https:\/\/www.20minutes.fr\/dossier\/allemagne\" class=\"c-link c-link--is-underlined\" rel=\"nofollow noopener\" target=\"_blank\">Allemagne<\/a>. Il est entr\u00e9 pour la premi\u00e8re fois en vigueur le 1er\u00a0janvier 2015, fix\u00e9 au d\u00e9part \u00e0 8,50 euros bruts de l\u2019heure.<\/p>\n<p>A l\u2019\u00e9poque, c\u2019\u00e9tait une petite r\u00e9volution, l\u2019Allemagne ayant une tradition sociale bien ancr\u00e9e de non-ing\u00e9rence de la puissance publique dans les relations salariales. Les sociaux-d\u00e9mocrates avaient r\u00e9ussi \u00e0 convaincre les conservateurs d\u2019Angela Merkel du bien fond\u00e9 de cette mesure, au nom de la justice sociale et devant le d\u00e9veloppement d\u2019un large secteur de bas salaires.<\/p>\n","protected":false},"excerpt":{"rendered":"Le smic allemand augmente. Le gouvernement a adopt\u00e9 ce mercredi la plus importante hausse du salaire minimum depuis&hellip;\n","protected":false},"author":2,"featured_media":498322,"comment_status":"","ping_status":"","sticky":false,"template":"","format":"standard","meta":{"footnotes":""},"categories":[1587],"tags":[47,11,672,8438,1804,1805,1803,33,1777,674,1801,74,12,1802,14099,37358],"class_list":{"0":"post-498321","1":"post","2":"type-post","3":"status-publish","4":"format-standard","5":"has-post-thumbnail","7":"category-allemagne","8":"tag-actualite","9":"tag-actualites","10":"tag-allemagne","11":"tag-allemand","12":"tag-bundesrepublik-deutschland","13":"tag-de","14":"tag-deutschland","15":"tag-economie","16":"tag-eu","17":"tag-europe","18":"tag-germany","19":"tag-monde","20":"tag-news","21":"tag-republique-federale-dallemagne","22":"tag-salaire","23":"tag-smic"},"share_on_mastodon":{"url":"https:\/\/pubeurope.com\/@fr\/115459039364951854","error":""},"_links":{"self":[{"href":"https:\/\/www.europesays.com\/fr\/wp-json\/wp\/v2\/posts\/498321","targetHints":{"allow":["GET"]}}],"collection":[{"href":"https:\/\/www.europesays.com\/fr\/wp-json\/wp\/v2\/posts"}],"about":[{"href":"https:\/\/www.europesays.com\/fr\/wp-json\/wp\/v2\/types\/post"}],"author":[{"embeddable":true,"href":"https:\/\/www.europesays.com\/fr\/wp-json\/wp\/v2\/users\/2"}],"replies":[{"embeddable":true,"href":"https:\/\/www.europesays.com\/fr\/wp-json\/wp\/v2\/comments?post=498321"}],"version-history":[{"count":0,"href":"https:\/\/www.europesays.com\/fr\/wp-json\/wp\/v2\/posts\/498321\/revisions"}],"wp:featuredmedia":[{"embeddable":true,"href":"https:\/\/www.europesays.com\/fr\/wp-json\/wp\/v2\/media\/498322"}],"wp:attachment":[{"href":"https:\/\/www.europesays.com\/fr\/wp-json\/wp\/v2\/media?parent=498321"}],"wp:term":[{"taxonomy":"category","embeddable":true,"href":"https:\/\/www.europesays.com\/fr\/wp-json\/wp\/v2\/categories?post=498321"},{"taxonomy":"post_tag","embeddable":true,"href":"https:\/\/www.europesays.com\/fr\/wp-json\/wp\/v2\/tags?post=498321"}],"curies":[{"name":"wp","href":"https:\/\/api.w.org\/{rel}","templated":true}]}}