{"id":498325,"date":"2025-10-29T19:12:18","date_gmt":"2025-10-29T19:12:18","guid":{"rendered":"https:\/\/www.europesays.com\/fr\/498325\/"},"modified":"2025-10-29T19:12:18","modified_gmt":"2025-10-29T19:12:18","slug":"exportations-de-produits-de-la-mer-du-maroc-vers-lue-le-point-sur-la-situation-avec-amer-zghinou","status":"publish","type":"post","link":"https:\/\/www.europesays.com\/fr\/498325\/","title":{"rendered":"Exportations de produits de la mer du Maroc vers l\u2019UE.. le point sur la situation avec Amer Zghinou"},"content":{"rendered":"<p><strong>Les exportations de produits de la mer du Maroc vers l\u2019Union Europ\u00e9enne (UE) ont franchi un nouveau cap, atteignant plus de 112 millions d\u2019euros d\u00e9but 2025. <\/strong><\/p>\n<p>Ce r\u00e9sultat propulse le Royaume au 4\u00e8me rang des principaux fournisseurs du march\u00e9 europ\u00e9en o\u00f9 la mise en place d&rsquo;un nouveau syst\u00e8me \u00e9lectronique pour plus de rapidit\u00e9 semble pour l&rsquo;heure ralentir les op\u00e9rations d&rsquo;inspection des marchandises notamment au port d&rsquo;Alg\u00e9siras.<\/p>\n<p>Quelle est la situation qui pr\u00e9vaut actuellement au port d&rsquo;Alg\u00e9siras ?\u00a0Est-ce qu&rsquo;on peut parler de blocage op\u00e9rationnel li\u00e9 \u00e0 la mise en place par les services douaniers espagnols du syst\u00e8me \u00e9lectronqiue \u00a0\u00bbH1&Prime; ?\u00a0Quels sont les sc\u00e9narios envisageables pour d\u00e9bloquer la situation dans les meilleurs d\u00e9lais ?<\/p>\n<p>El\u00e9ments de r\u00e9ponses avec\u00a0Amer Zghinou, pr\u00e9sident de l&rsquo;Association marocaine du transport routier international.<\/p>\n","protected":false},"excerpt":{"rendered":"Les exportations de produits de la mer du Maroc vers l\u2019Union Europ\u00e9enne (UE) ont franchi un nouveau cap,&hellip;\n","protected":false},"author":2,"featured_media":498326,"comment_status":"","ping_status":"","sticky":false,"template":"","format":"standard","meta":{"footnotes":""},"categories":[1586],"tags":[11,1777,674,1779,62076,62077,1011,27,12,25,1778,364],"class_list":{"0":"post-498325","1":"post","2":"type-post","3":"status-publish","4":"format-standard","5":"has-post-thumbnail","7":"category-europe","8":"tag-actualites","9":"tag-eu","10":"tag-europe","11":"tag-european-union","12":"tag-exportations-de-produits-de-la-mer","13":"tag-exportations-maroc-ue","14":"tag-fr","15":"tag-france","16":"tag-news","17":"tag-republique-francaise","18":"tag-ue","19":"tag-union-europeenne"},"share_on_mastodon":{"url":"https:\/\/pubeurope.com\/@fr\/115459047124057160","error":""},"_links":{"self":[{"href":"https:\/\/www.europesays.com\/fr\/wp-json\/wp\/v2\/posts\/498325","targetHints":{"allow":["GET"]}}],"collection":[{"href":"https:\/\/www.europesays.com\/fr\/wp-json\/wp\/v2\/posts"}],"about":[{"href":"https:\/\/www.europesays.com\/fr\/wp-json\/wp\/v2\/types\/post"}],"author":[{"embeddable":true,"href":"https:\/\/www.europesays.com\/fr\/wp-json\/wp\/v2\/users\/2"}],"replies":[{"embeddable":true,"href":"https:\/\/www.europesays.com\/fr\/wp-json\/wp\/v2\/comments?post=498325"}],"version-history":[{"count":0,"href":"https:\/\/www.europesays.com\/fr\/wp-json\/wp\/v2\/posts\/498325\/revisions"}],"wp:featuredmedia":[{"embeddable":true,"href":"https:\/\/www.europesays.com\/fr\/wp-json\/wp\/v2\/media\/498326"}],"wp:attachment":[{"href":"https:\/\/www.europesays.com\/fr\/wp-json\/wp\/v2\/media?parent=498325"}],"wp:term":[{"taxonomy":"category","embeddable":true,"href":"https:\/\/www.europesays.com\/fr\/wp-json\/wp\/v2\/categories?post=498325"},{"taxonomy":"post_tag","embeddable":true,"href":"https:\/\/www.europesays.com\/fr\/wp-json\/wp\/v2\/tags?post=498325"}],"curies":[{"name":"wp","href":"https:\/\/api.w.org\/{rel}","templated":true}]}}