{"id":498330,"date":"2025-10-29T19:15:14","date_gmt":"2025-10-29T19:15:14","guid":{"rendered":"https:\/\/www.europesays.com\/fr\/498330\/"},"modified":"2025-10-29T19:15:14","modified_gmt":"2025-10-29T19:15:14","slug":"allemagne-il-y-a-70-ans-la-sarre-disait-non-a-la-france-et-choisissait-de-redevenir-allemande","status":"publish","type":"post","link":"https:\/\/www.europesays.com\/fr\/498330\/","title":{"rendered":"Allemagne. Il y a 70 ans, la Sarre disait non \u00e0 la France et choisissait de redevenir allemande"},"content":{"rendered":"<p>Plus question d\u2019\u00eatre sous tutelle de la France. Les habitants de la Sarre, situ\u00e9e \u00e0 la fronti\u00e8re avec la Moselle, ont rejet\u00e9 par r\u00e9f\u00e9rendum le destin que les politiques leur pr\u00e9paraient. C\u2019\u00e9tait le 23\u00a0octobre 1955, il y a 70 ans. \u00ab\u00a0La question politique cach\u00e9e du r\u00e9f\u00e9rendum sur un \u00e9ventuel statut europ\u00e9en de la Sarre \u00e9tait en fait\u00a0: voulez-vous \u00eatre de nouveau des Allemands\u00a0?\u00a0\u00bb, r\u00e9sume Jessica Siebeneich, directrice adjointe du mus\u00e9e historique de Sarrebruck.<\/p>\n<p>En 1945, dix ans et une guerre apr\u00e8s la fin de l\u2019occupation fran\u00e7aise de la Sarre (lire <a href=\"https:\/\/www.dna.fr\/encadres\/2025\/10\/29\/le-second-non-en-vingt-ans\" target=\"_blank\" rel=\"noopener\">l\u2019encadr\u00e9<\/a> ), les militaires fran\u00e7ais remplacent leurs homologues am\u00e9ricains dans ce qui est devenu une partie de la zone d\u2019occupation fran\u00e7aise \u00e0 l\u2019issue de la Seconde Guerre mondiale. \u00ab\u00a0Remettre la main sur la Sarre \u00e9tait un moyen d\u2019obtenir des r\u00e9parations en exploitant ses ressources mini\u00e8res\u00a0\u00bb, glisse Cyrille Schott, ancien pr\u00e9fet et ancien directeur de l\u2019Institut national des hautes \u00e9tudes de la s\u00e9curit\u00e9 et de la justice, \u00e9manation du&#8230;<\/p>\n","protected":false},"excerpt":{"rendered":"Plus question d\u2019\u00eatre sous tutelle de la France. Les habitants de la Sarre, situ\u00e9e \u00e0 la fronti\u00e8re avec&hellip;\n","protected":false},"author":2,"featured_media":498331,"comment_status":"","ping_status":"","sticky":false,"template":"","format":"standard","meta":{"footnotes":""},"categories":[4],"tags":[11,672,2389,2649,2880,107,1011,27,937,12,316,25,1806,104,640,2879],"class_list":{"0":"post-498330","1":"post","2":"type-post","3":"status-publish","4":"format-standard","5":"has-post-thumbnail","7":"category-france","8":"tag-actualites","9":"tag-allemagne","10":"tag-alsace","11":"tag-bas-rhin","12":"tag-edition-strasbourg","13":"tag-fil-info","14":"tag-fr","15":"tag-france","16":"tag-histoire","17":"tag-news","18":"tag-politique","19":"tag-republique-francaise","20":"tag-rheinblick","21":"tag-societe","22":"tag-strasbourg","23":"tag-strasbourg-ville"},"share_on_mastodon":{"url":"https:\/\/pubeurope.com\/@fr\/115459058891378962","error":""},"_links":{"self":[{"href":"https:\/\/www.europesays.com\/fr\/wp-json\/wp\/v2\/posts\/498330","targetHints":{"allow":["GET"]}}],"collection":[{"href":"https:\/\/www.europesays.com\/fr\/wp-json\/wp\/v2\/posts"}],"about":[{"href":"https:\/\/www.europesays.com\/fr\/wp-json\/wp\/v2\/types\/post"}],"author":[{"embeddable":true,"href":"https:\/\/www.europesays.com\/fr\/wp-json\/wp\/v2\/users\/2"}],"replies":[{"embeddable":true,"href":"https:\/\/www.europesays.com\/fr\/wp-json\/wp\/v2\/comments?post=498330"}],"version-history":[{"count":0,"href":"https:\/\/www.europesays.com\/fr\/wp-json\/wp\/v2\/posts\/498330\/revisions"}],"wp:featuredmedia":[{"embeddable":true,"href":"https:\/\/www.europesays.com\/fr\/wp-json\/wp\/v2\/media\/498331"}],"wp:attachment":[{"href":"https:\/\/www.europesays.com\/fr\/wp-json\/wp\/v2\/media?parent=498330"}],"wp:term":[{"taxonomy":"category","embeddable":true,"href":"https:\/\/www.europesays.com\/fr\/wp-json\/wp\/v2\/categories?post=498330"},{"taxonomy":"post_tag","embeddable":true,"href":"https:\/\/www.europesays.com\/fr\/wp-json\/wp\/v2\/tags?post=498330"}],"curies":[{"name":"wp","href":"https:\/\/api.w.org\/{rel}","templated":true}]}}