{"id":498332,"date":"2025-10-29T19:16:16","date_gmt":"2025-10-29T19:16:16","guid":{"rendered":"https:\/\/www.europesays.com\/fr\/498332\/"},"modified":"2025-10-29T19:16:16","modified_gmt":"2025-10-29T19:16:16","slug":"gregory-havret-caddie-de-luxe-pour-oscar-couilleau-sur-le-pga-tour","status":"publish","type":"post","link":"https:\/\/www.europesays.com\/fr\/498332\/","title":{"rendered":"Gr\u00e9gory Havret, caddie de luxe pour Oscar Couilleau sur le PGA Tour"},"content":{"rendered":"<p>\t\t\t\t\t\t<img width=\"770\" height=\"556\" src=\"https:\/\/www.europesays.com\/fr\/wp-content\/uploads\/2025\/10\/greghavret-770x556.jpg\" class=\"img-responsive wp-post-image\" alt=\"\" decoding=\"async\" fetchpriority=\"high\"  \/>\t\t\t\t\t<\/p>\n<p>\t\t\t\t\t\t Partager cet article <\/p>\n<p class=\"screen-reader-text juiz_sps_maybe_hidden_text\">Partager la publication \u00ab\u00a0Gr\u00e9gory Havret, caddie de luxe pour Oscar Couilleau sur le PGA Tour\u00a0\u00bb<\/p>\n<p><strong>Victorieux le 26 juillet dernier du Monroe Invitational, l\u2019un des plus prestigieux tournois amateurs aux Etats-Unis, Oscar Couilleau a valid\u00e9 sa pr\u00e9sence le 13 novembre prochain au Butterfield Bermuda Championship. Le jeune espoir du golf tricolore sera pour l\u2019occasion caddey\u00e9 par le responsable de la fili\u00e8re messieurs \u00e0 la ffgolf, Gr\u00e9gory Havret (photo).<\/strong><\/p>\n<p>\t\t\t\t\t<a id=\"189047\" href=\"https:\/\/heritagegolfclub.mu\/fr\/sejournez-jouez\/?utm_medium=digital%20&amp;utm_source=banners&amp;utm_campaign=golf%20planete%20digital%20banners\" target=\"_blank\" rel=\"sponsorised nofollow noopener\"><img decoding=\"async\" src=\"data:image\/svg+xml,%3Csvg%20xmlns=\" http:=\"\" class=\"img-responsive\" alt=\"\" data-lazy-src=\"https:\/\/www.europesays.com\/fr\/wp-content\/uploads\/2025\/10\/heritage-e02-sejournez-jouez-v2-1170x275-1.gif\"\/><\/a><\/p>\n<p><strong>L.V.<\/strong><\/p>\n<p>Un attelage 100 % fran\u00e7ais sera au d\u00e9part du <strong>Butterfield Bermuda Championship<\/strong>, tournoi des <strong>Falls Series<\/strong> du <strong>PGA Tour<\/strong> programm\u00e9 du 13 au 16 novembre au<strong> Port Royal Golf Course<\/strong> de Southampton, aux <strong>Bermudes<\/strong>.<\/p>\n<p><strong>Oscar Couilleau<\/strong>, 17 ans, grand espoir du golf tricolore, membre de l\u2019\u00e9quipe europ\u00e9enne de la <strong>Ryder Cup Junior<\/strong> fin septembre \u00e0 <strong>Bethpage<\/strong> et vainqueur au mois de mai de la <strong>Gounouilhou<\/strong> avec <strong>St-Nom-la-Bret\u00e8che<\/strong>, aura \u00e0 ses c\u00f4t\u00e9s en tant que caddie l\u2019actuel responsable de la fili\u00e8re messieurs \u00e0 la ffgolf, <strong>Gr\u00e9gory Havret<\/strong>.<\/p>\n<p>Champion d\u2019Europe Boys en Autriche<\/p>\n<p>\u00ab\u00a0J\u2019\u00e9tais en vacances et j\u2019ai re\u00e7u un coup de fil de son p\u00e8re, nous explique Gr\u00e9gory Havret. Il m\u2019a demand\u00e9 si j\u2019\u00e9tais int\u00e9ress\u00e9 pour le caddeyer l\u00e0-bas. Je ne m\u2019y attendais pas. Mais je m\u2019entends tr\u00e8s bien avec Oscar. On passe pas mal de temps ensemble depuis un an maintenant. J\u2019\u00e9tais avec lui quand il a \u00e9t\u00e9 sacr\u00e9 champion d\u2019Europe Boys par \u00e9quipes en Autriche au mois de juillet 2024. Je les ai accompagn\u00e9s derni\u00e8rement en Irlande. Il y avait aussi Hugo Le Goff\u2026 \u00bb<\/p>\n<p>\u00ab\u00a0J\u2019ai accept\u00e9 rapidement sa proposition d\u2019\u00eatre son caddie, poursuit le triple vainqueur sur le Tour europ\u00e9en entre 2001 et 2008. Je trouve \u00e7a g\u00e9nial. C\u2019est hyper int\u00e9ressant, et passionnant. C\u2019est super d\u2019avoir cette confiance mais il va falloir que je sois bien \u00e0 la hauteur.\u00a0\u00bb<\/p>\n<blockquote><p>&#13;<br \/>\nLe but est que je lui profite un maximum. Avec des conseils pertinents et une attitude digne d\u2019un caddie de haut niveau.&#13;<br \/>\n&#13;<br \/>\nGr\u00e9gory Havret<\/p><\/blockquote>\n<p>Pour mettre toutes \u00ab\u00a0ses chances\u00a0\u00bb de son c\u00f4t\u00e9, le d\u00e9sormais cadre \u00e0 la <strong>F\u00e9d\u00e9ration fran\u00e7aise de golf<\/strong> s\u2019envolera le 8 novembre vers les Bermudes. Pour pr\u00e9parer au mieux ce rendez-vous pas comme les autres, r\u00e9sultat de cette victoire de l\u2019actuel 66e joueur mondial amateur le 26 juillet dernier au <strong>Monroe Invitational<\/strong>, \u00e0 <strong>Rochester<\/strong> (New York), l\u2019un des plus prestigieux tournois amateurs aux Etats-Unis.<\/p>\n<p>\u00ab J\u2019arriverai l\u00e0-bas assez t\u00f4t, le dimanche avant le tournoi, pr\u00e9cise encore Gr\u00e9gory Havret. On aura pas mal de jours d\u2019entra\u00eenement, pas mal de jours pour se faire l\u2019un \u00e0 l\u2019autre aussi. Et puis surtout pour essayer de faire du mieux possible durant cette semaine. Le but est que je lui profite un maximum. Avec des conseils pertinents et une attitude digne d\u2019un caddie de haut niveau. C\u2019est \u00e0 \u00e7a que je vais essayer de m\u2019atteler dans les prochains jours pour \u00eatre au point. \u00bb<\/p>\n<p>Photo : Luke Walker \/ GETTY IMAGES EUROPE \/ Getty Images via AFP<\/p>\n","protected":false},"excerpt":{"rendered":"Partager cet article Partager la publication \u00ab\u00a0Gr\u00e9gory Havret, caddie de luxe pour Oscar Couilleau sur le PGA Tour\u00a0\u00bb&hellip;\n","protected":false},"author":2,"featured_media":498333,"comment_status":"","ping_status":"","sticky":false,"template":"","format":"standard","meta":{"footnotes":""},"categories":[1418],"tags":[1011,27,1472,60],"class_list":{"0":"post-498332","1":"post","2":"type-post","3":"status-publish","4":"format-standard","5":"has-post-thumbnail","7":"category-golf","8":"tag-fr","9":"tag-france","10":"tag-golf","11":"tag-sports"},"share_on_mastodon":{"url":"https:\/\/pubeurope.com\/@fr\/115459063237613047","error":""},"_links":{"self":[{"href":"https:\/\/www.europesays.com\/fr\/wp-json\/wp\/v2\/posts\/498332","targetHints":{"allow":["GET"]}}],"collection":[{"href":"https:\/\/www.europesays.com\/fr\/wp-json\/wp\/v2\/posts"}],"about":[{"href":"https:\/\/www.europesays.com\/fr\/wp-json\/wp\/v2\/types\/post"}],"author":[{"embeddable":true,"href":"https:\/\/www.europesays.com\/fr\/wp-json\/wp\/v2\/users\/2"}],"replies":[{"embeddable":true,"href":"https:\/\/www.europesays.com\/fr\/wp-json\/wp\/v2\/comments?post=498332"}],"version-history":[{"count":0,"href":"https:\/\/www.europesays.com\/fr\/wp-json\/wp\/v2\/posts\/498332\/revisions"}],"wp:featuredmedia":[{"embeddable":true,"href":"https:\/\/www.europesays.com\/fr\/wp-json\/wp\/v2\/media\/498333"}],"wp:attachment":[{"href":"https:\/\/www.europesays.com\/fr\/wp-json\/wp\/v2\/media?parent=498332"}],"wp:term":[{"taxonomy":"category","embeddable":true,"href":"https:\/\/www.europesays.com\/fr\/wp-json\/wp\/v2\/categories?post=498332"},{"taxonomy":"post_tag","embeddable":true,"href":"https:\/\/www.europesays.com\/fr\/wp-json\/wp\/v2\/tags?post=498332"}],"curies":[{"name":"wp","href":"https:\/\/api.w.org\/{rel}","templated":true}]}}