{"id":498339,"date":"2025-10-29T19:25:13","date_gmt":"2025-10-29T19:25:13","guid":{"rendered":"https:\/\/www.europesays.com\/fr\/498339\/"},"modified":"2025-10-29T19:25:13","modified_gmt":"2025-10-29T19:25:13","slug":"gros-blaireau-le-jour-ou-laurent-lafitte-a-declenche-la-colere-dune-actrice-tres-connue","status":"publish","type":"post","link":"https:\/\/www.europesays.com\/fr\/498339\/","title":{"rendered":"\u201cGros blaireau\u201d : le jour o\u00f9 Laurent Lafitte a d\u00e9clench\u00e9 la col\u00e8re d\u2019une actrice tr\u00e8s connue"},"content":{"rendered":"<p>Alors qu\u2019il est actuellement \u00e0 l\u2019affiche du film La Femme la<br \/>\nplus riche du monde <a href=\"https:\/\/www.closermag.fr\/people\/cannes-2025-isabelle-huppert-accident-de-robe-sur-le-tapis-rouge-marina-fois-et-laurent-lafitte-en-font-les-frais-photos-3546242\" target=\"_blank\" rel=\"noopener\"><br \/>\naux c\u00f4t\u00e9s d\u2019Isabelle Huppert<\/a>, Laurent Lafitte, <a href=\"https:\/\/www.closermag.fr\/people\/cannes-2025-ose-une-vanne-sur-woody-allen-laurent-lafitte-sen-mord-encore-les-doigts-3543555\" target=\"_blank\" rel=\"noopener\"><br \/>\nqui \u00e9tait pr\u00e9sent \u00e0 Cannes 2025<\/a>, continue de fasciner autant<br \/>\nqu\u2019il divise. Talentueux, audacieux et parfois provocateur, le<br \/>\n<a href=\"https:\/\/www.closermag.fr\/people\/laurent-lafitte-a-quoi-ressemble-son-magnifique-appartement-parisien-3545025\" target=\"_blank\" rel=\"noopener\"><br \/>\ncom\u00e9dien de la Com\u00e9die-Fran\u00e7aise, qui poss\u00e8de un luxueux<br \/>\nappartement,<\/a> n\u2019a jamais eu peur de bousculer les codes.<\/p>\n<p>Et ce n\u2019est pas la c\u00e9r\u00e9monie d\u2019ouverture du Festival de Cannes<br \/>\n2016 qui dira le contraire. Ce soir-l\u00e0, alors qu\u2019il officiait en<br \/>\ntant que ma\u00eetre de c\u00e9r\u00e9monie, <a href=\"https:\/\/www.closermag.fr\/people\/laurent-lafitte-est-il-en-couple-1602986\" target=\"_blank\" rel=\"noopener\"><br \/>\nl\u2019acteur, qui s&rsquo;est confi\u00e9 sur sa vie priv\u00e9e,<\/a> a d\u00e9clench\u00e9 une<br \/>\nvive pol\u00e9mique apr\u00e8s une blague visant Roman Polanski. Durant son<br \/>\ndiscours, Laurent Lafitte, fid\u00e8le \u00e0 son humour grin\u00e7ant, s\u2019adresse<br \/>\ndirectement au r\u00e9alisateur franco-polonais, en m\u00ealant le scandale<br \/>\nPolanski \u00e0 celui entourant Woody Allen, alors accus\u00e9 par sa fille<br \/>\nadoptive Dylan Farrow. Il l\u00e2che alors, sourire aux l\u00e8vres :<br \/>\n\u201cCes derni\u00e8res ann\u00e9es, vous avez beaucoup tourn\u00e9 en Europe<br \/>\nalors que vous n\u2019\u00eates m\u00eame pas condamn\u00e9 pour viol aux<br \/>\n\u00c9tats-Unis.\u201d\u00a0<\/p>\n<p>Laurent Lafitte dans le collimateur d&rsquo;une actrice c\u00e9l\u00e8bre<\/p>\n<p>Une pique qui provoque un rire g\u00ean\u00e9 dans la salle, mais aussi<br \/>\nune temp\u00eate dans les jours qui suivent. <a href=\"https:\/\/www.closermag.fr\/people\/blacklistee-en-france-emmanuelle-seigner-evoque-sa-carriere-perturbee-par-son-mariage-avec-roman-polanski-1660139\" target=\"_blank\" rel=\"noopener\"><br \/>\nL\u2019\u00e9pouse du r\u00e9alisateur, Emmanuelle Seigner,<\/a> est la premi\u00e8re \u00e0<br \/>\nr\u00e9agir. Ulc\u00e9r\u00e9e par ce qu\u2019elle juge \u00eatre une attaque humiliante et<br \/>\nd\u00e9plac\u00e9e, l\u2019actrice pousse un coup de gueule sur Instagram. Elle<br \/>\npublie la photo d\u2019une Palme d\u2019or, accompagn\u00e9e d\u2019un commentaire<br \/>\ncinglant : \u201cPath\u00e9tique Laurent Lafitte. <strong>Gros<br \/>\nblaireau.<\/strong> Quelle lose cette c\u00e9r\u00e9monie. <strong>Vulgaire.<br \/>\nM\u00e9diocre.<\/strong>\u201d<\/p>\n<p>Des mots violents, qui font imm\u00e9diatement le tour des r\u00e9seaux<br \/>\nsociaux. Face \u00e0 la pol\u00e9mique, Laurent Lafitte garde le silence,<br \/>\nlaissant chacun interpr\u00e9ter son trait d\u2019humour comme bon lui<br \/>\nsemble. Certains saluent une audace salutaire, d\u2019autres d\u00e9noncent<br \/>\nune provocation gratuite. Depuis, l\u2019acteur a su rebondir,<br \/>\nencha\u00eenant les r\u00f4les marquants au cin\u00e9ma et \u00e0 la t\u00e9l\u00e9vision. Mais<br \/>\ncette s\u00e9quence cannoise reste l\u2019un des moments les plus comment\u00e9s<br \/>\nde sa carri\u00e8re.<\/p>\n<p>Un acteur qui fait d\u00e9bat<\/p>\n<p>Habitu\u00e9 \u00e0 flirter avec la provocation, <a href=\"https:\/\/www.closermag.fr\/people\/assez-banal-laurent-lafitte-evasif-sur-sa-vie-privee-face-a-nathalie-levy-il-ne-lache-presque-rien-3376793\" target=\"_blank\" rel=\"noopener\"><br \/>\nle com\u00e9dien discret sur sa vie priv\u00e9e<\/a>, n\u2019en est pas \u00e0 son<br \/>\npremier coup d\u2019\u00e9clat. Il avait de nouveau fait parler de lui avec<br \/>\nun projet controvers\u00e9 : <strong>la s\u00e9rie Wonderman<br \/>\ncommand\u00e9e par Netflix<\/strong>, dans laquelle il pr\u00eate ses traits \u00e0<br \/>\nBernard Tapie. Une id\u00e9e qui n\u2019avait pas vraiment plu \u00e0 l\u2019homme<br \/>\nd\u2019affaires, alors encore en vie. \u201cJe ne suis pas ravi qu\u2019il<br \/>\nm\u2019incarne\u201d, confiait <a href=\"https:\/\/www.closermag.fr\/people\/exclu.-laurent-lafitte-en-bernard-tapie-le-tournage-interrompu-l-acteur-prie-de-changer-radicalement-1565906\" target=\"_blank\" rel=\"noopener\"><br \/>\nBernard Tapie dans une interview,<\/a> visiblement irrit\u00e9.<\/p>\n<p>Entre humour piquant, second degr\u00e9 et prises de risque assum\u00e9es,<br \/>\nLaurent Lafitte cultive cette image de com\u00e9dien sans filtre. Et<br \/>\ns\u2019il a parfois le mot de trop, il reste, quoi qu\u2019on en dise, l\u2019un<br \/>\ndes acteurs les plus impr\u00e9visibles et les plus fascinants du cin\u00e9ma<br \/>\nfran\u00e7ais.<strong>\u00a0<\/strong><\/p>\n","protected":false},"excerpt":{"rendered":"Alors qu\u2019il est actuellement \u00e0 l\u2019affiche du film La Femme la plus riche du monde aux c\u00f4t\u00e9s d\u2019Isabelle&hellip;\n","protected":false},"author":2,"featured_media":498340,"comment_status":"","ping_status":"","sticky":false,"template":"","format":"standard","meta":{"footnotes":""},"categories":[1359],"tags":[58,62078,59,1011,27,23272,973],"class_list":{"0":"post-498339","1":"post","2":"type-post","3":"status-publish","4":"format-standard","5":"has-post-thumbnail","7":"category-people","8":"tag-divertissement","9":"tag-emmanuelle-seigner","10":"tag-entertainment","11":"tag-fr","12":"tag-france","13":"tag-laurent-lafitte","14":"tag-people"},"share_on_mastodon":{"url":"https:\/\/pubeurope.com\/@fr\/115459098383636975","error":""},"_links":{"self":[{"href":"https:\/\/www.europesays.com\/fr\/wp-json\/wp\/v2\/posts\/498339","targetHints":{"allow":["GET"]}}],"collection":[{"href":"https:\/\/www.europesays.com\/fr\/wp-json\/wp\/v2\/posts"}],"about":[{"href":"https:\/\/www.europesays.com\/fr\/wp-json\/wp\/v2\/types\/post"}],"author":[{"embeddable":true,"href":"https:\/\/www.europesays.com\/fr\/wp-json\/wp\/v2\/users\/2"}],"replies":[{"embeddable":true,"href":"https:\/\/www.europesays.com\/fr\/wp-json\/wp\/v2\/comments?post=498339"}],"version-history":[{"count":0,"href":"https:\/\/www.europesays.com\/fr\/wp-json\/wp\/v2\/posts\/498339\/revisions"}],"wp:featuredmedia":[{"embeddable":true,"href":"https:\/\/www.europesays.com\/fr\/wp-json\/wp\/v2\/media\/498340"}],"wp:attachment":[{"href":"https:\/\/www.europesays.com\/fr\/wp-json\/wp\/v2\/media?parent=498339"}],"wp:term":[{"taxonomy":"category","embeddable":true,"href":"https:\/\/www.europesays.com\/fr\/wp-json\/wp\/v2\/categories?post=498339"},{"taxonomy":"post_tag","embeddable":true,"href":"https:\/\/www.europesays.com\/fr\/wp-json\/wp\/v2\/tags?post=498339"}],"curies":[{"name":"wp","href":"https:\/\/api.w.org\/{rel}","templated":true}]}}