{"id":498343,"date":"2025-10-29T19:28:15","date_gmt":"2025-10-29T19:28:15","guid":{"rendered":"https:\/\/www.europesays.com\/fr\/498343\/"},"modified":"2025-10-29T19:28:15","modified_gmt":"2025-10-29T19:28:15","slug":"avant-premiere-la-villa-saison-10-episode-61-du-31-octobre-2025-la-villa-des-coeurs-brises","status":"publish","type":"post","link":"https:\/\/www.europesays.com\/fr\/498343\/","title":{"rendered":"Avant-premi\u00e8re &#8211; La Villa &#8211; Saison 10 Episode 61 du 31 octobre 2025 &#8211; La Villa des C\u0153urs Bris\u00e9s"},"content":{"rendered":"<p id=\"descriptionPanel\" class=\"text-secondary mr-2 line-clamp-2 pr-2.5 overflow-visible\">L&rsquo;heure des grandes d\u00e9cisions a sonn\u00e9 \u00e0 la villa. L&rsquo;\u00e9pisode est marqu\u00e9 par la fin du coaching de Daniel, qui se lib\u00e8re enfin de sa col\u00e8re dans un cri puissant. Mais un autre C\u0153ur Bris\u00e9 est face \u00e0 un choix crucial : M\u00e9lanie voit d\u00e9barquer ses deux pr\u00e9tendants, Samy et Adriano, et doit d\u00e9cider entre la passion et la raison. Alors que Ma\u00efssane et Clarysse jouent les enqu\u00eatrices pour l&rsquo;aider, un couple, fatigu\u00e9 de la vie en communaut\u00e9, prend une d\u00e9cision radicale qui marque un tournant dans leur aventure. Entre larmes de lib\u00e9ration et dilemmes amoureux, les destins basculent. La Villa des C\u0153urs Bris\u00e9s Saison 10 Episode 61<\/p>\n<p>Afficher la version longue du r\u00e9sum\u00e9<a class=\"shrink-0\" href=\"https:\/\/www.tf1.fr\/tfx\/la-villa-des-coeurs-brises\" target=\"_blank\" rel=\"noopener\"><img decoding=\"async\" src=\"https:\/\/www.europesays.com\/fr\/wp-content\/uploads\/2025\/08\/program-card-portrait-1-la-villa-2025-75e2fc-899f4e-0@1x.jpg\" width=\"138\" height=\"184\" alt=\"\" loading=\"eager\" fetchpriority=\"auto\" class=\"rounded-3px aspect-[3\/4] h-24 w-auto\" aria-hidden=\"true\"\/><\/a><img alt=\"Sous-Titrage T\u00e9l\u00e9texte\" loading=\"lazy\" width=\"27\" height=\"20\" decoding=\"async\" data-nimg=\"1\" style=\"color:transparent\" src=\"https:\/\/www.tf1.fr\/public\/_next\/static\/media\/sme.b8f879c0.svg\"\/>31 oct. 2025 \u00e0 20:06<\/p>\n","protected":false},"excerpt":{"rendered":"L&rsquo;heure des grandes d\u00e9cisions a sonn\u00e9 \u00e0 la villa. L&rsquo;\u00e9pisode est marqu\u00e9 par la fin du coaching de&hellip;\n","protected":false},"author":2,"featured_media":498344,"comment_status":"","ping_status":"","sticky":false,"template":"","format":"standard","meta":{"footnotes":""},"categories":[1356],"tags":[58,59,1365,44370,44371,43632,1011,27,38731,44372,44373,44380,44384,44369,44381,44385,44377,44376,44382,44383,44378,44379,252,1364,44374,44375],"class_list":{"0":"post-498343","1":"post","2":"type-post","3":"status-publish","4":"format-standard","5":"has-post-thumbnail","7":"category-television","8":"tag-divertissement","9":"tag-entertainment","10":"tag-episode","11":"tag-episode-la-villa-des-coeurs-brises","12":"tag-episode-la-villa-des-coeurs-brises-tfx","13":"tag-episode-tfx","14":"tag-fr","15":"tag-france","16":"tag-la-villa-des-coeurs-brises","17":"tag-la-villa-des-coeurs-brises-episode","18":"tag-la-villa-des-coeurs-brises-episode-tfx","19":"tag-la-villa-des-coeurs-brises-streaming","20":"tag-la-villa-des-coeurs-brises-streaming-gratuit","21":"tag-la-villa-des-coeurs-brises-tfx","22":"tag-la-villa-des-coeurs-brises-tfx-streaming","23":"tag-la-villa-des-coeurs-brises-tfx-streaming-gratuit","24":"tag-la-villa-des-coeurs-brises-tfx-video","25":"tag-la-villa-des-coeurs-brises-video","26":"tag-streaming-gratuit-la-villa-des-coeurs-brises","27":"tag-streaming-gratuit-la-villa-des-coeurs-brises-tfx","28":"tag-streaming-la-villa-des-coeurs-brises","29":"tag-streaming-la-villa-des-coeurs-brises-tfx","30":"tag-television","31":"tag-tv","32":"tag-video-la-villa-des-coeurs-brises","33":"tag-video-la-villa-des-coeurs-brises-tfx"},"share_on_mastodon":{"url":"","error":"Validation failed: Text character limit of 500 exceeded"},"_links":{"self":[{"href":"https:\/\/www.europesays.com\/fr\/wp-json\/wp\/v2\/posts\/498343","targetHints":{"allow":["GET"]}}],"collection":[{"href":"https:\/\/www.europesays.com\/fr\/wp-json\/wp\/v2\/posts"}],"about":[{"href":"https:\/\/www.europesays.com\/fr\/wp-json\/wp\/v2\/types\/post"}],"author":[{"embeddable":true,"href":"https:\/\/www.europesays.com\/fr\/wp-json\/wp\/v2\/users\/2"}],"replies":[{"embeddable":true,"href":"https:\/\/www.europesays.com\/fr\/wp-json\/wp\/v2\/comments?post=498343"}],"version-history":[{"count":0,"href":"https:\/\/www.europesays.com\/fr\/wp-json\/wp\/v2\/posts\/498343\/revisions"}],"wp:featuredmedia":[{"embeddable":true,"href":"https:\/\/www.europesays.com\/fr\/wp-json\/wp\/v2\/media\/498344"}],"wp:attachment":[{"href":"https:\/\/www.europesays.com\/fr\/wp-json\/wp\/v2\/media?parent=498343"}],"wp:term":[{"taxonomy":"category","embeddable":true,"href":"https:\/\/www.europesays.com\/fr\/wp-json\/wp\/v2\/categories?post=498343"},{"taxonomy":"post_tag","embeddable":true,"href":"https:\/\/www.europesays.com\/fr\/wp-json\/wp\/v2\/tags?post=498343"}],"curies":[{"name":"wp","href":"https:\/\/api.w.org\/{rel}","templated":true}]}}