{"id":498361,"date":"2025-10-29T19:38:12","date_gmt":"2025-10-29T19:38:12","guid":{"rendered":"https:\/\/www.europesays.com\/fr\/498361\/"},"modified":"2025-10-29T19:38:12","modified_gmt":"2025-10-29T19:38:12","slug":"les-deputes-deboutes-par-la-justice","status":"publish","type":"post","link":"https:\/\/www.europesays.com\/fr\/498361\/","title":{"rendered":"les d\u00e9put\u00e9s d\u00e9bout\u00e9s par la justice"},"content":{"rendered":"<p>\n    Mercredi, le tribunal administratif a rejet\u00e9 leur r\u00e9f\u00e9r\u00e9-libert\u00e9, estimant que leur demande d\u2019acc\u00e8s \u00e0 l\u2019isolement, o\u00f9 est d\u00e9tenu Nicolas Sarkozy, \u00e9tait infond\u00e9e.<\/p>\n<p class=\"fig-paragraph\">\u00ab\u00a0Si nous gagnons aujourd\u2019hui, je vais directement \u00e0 la maison de la Sant\u00e9 cet apr\u00e8s-midi, ce soir, cette nuit, pour exercer imm\u00e9diatement mon droit de visite parlementaire.\u00a0\u00bb\u00a0<a href=\"http:\/\/www.lefigaro.fr\/politique\/loi-immigration-a-l-assemblee-l-insoumis-bernalicis-provoque-une-altercation-physique-et-une-grave-interruption-de-seance-20231130\" target=\"_blank\" data-fig-type=\"NewsFlash\" rel=\"noopener nofollow\" data-gtm-custom-categorie=\"navigation\" data-gtm-custom-action=\"crossclick\" data-gtm-custom-label=\"Contextuel\" data-gtm-event=\"customEventSPE\" data-fig-domain=\"LEFIGARO\">Ugo Bernalicis<\/a>, d\u00e9put\u00e9 LFI du Pas-de-Calais, qui \u00e9tait arriv\u00e9 comme une pile \u00e9lectrique, mercredi matin, au tribunal administratif de Paris pour exercer son recours en r\u00e9f\u00e9r\u00e9-libert\u00e9, a \u00e9t\u00e9 d\u00e9bout\u00e9. Tout comme sa coll\u00e8gue LFI\u00a0<a href=\"http:\/\/www.lefigaro.fr\/politique\/la-deputee-lfi-daniele-obono-regrette-que-son-mouvement-soit-reste-celui-de-la-gauche-blanche-20250213\" target=\"_blank\" data-fig-type=\"NewsFlash\" rel=\"noopener nofollow\" data-gtm-custom-categorie=\"navigation\" data-gtm-custom-action=\"crossclick\" data-gtm-custom-label=\"Contextuel\" data-gtm-event=\"customEventSPE\" data-fig-domain=\"LEFIGARO\">Dani\u00e8le Obono<\/a>.<\/p>\n<p class=\"fig-paragraph\">Voil\u00e0\u00a0<a href=\"http:\/\/www.lefigaro.fr\/politique\/c-etait-du-voyeurisme-a-la-prison-de-la-sante-deux-deputes-lfi-ont-echoue-a-rencontrer-nicolas-sarkozy-20251027\" target=\"_blank\" data-fig-type=\"NewsFlash\" rel=\"noopener nofollow\" data-gtm-custom-categorie=\"navigation\" data-gtm-custom-action=\"crossclick\" data-gtm-custom-label=\"Contextuel\" data-gtm-event=\"customEventSPE\" data-fig-domain=\"LEFIGARO\">trois jours que la pol\u00e9mique court<\/a>, apr\u00e8s que les deux d\u00e9put\u00e9s sont all\u00e9s visiter de mani\u00e8re inopin\u00e9e la prison parisienne\u00a0<a href=\"http:\/\/www.lefigaro.fr\/actualite-france\/nicolas-sarkozy-en-prison-le-recit-d-une-incarceration-inedite-20251021\" target=\"_blank\" data-fig-type=\"Article\" rel=\"noopener nofollow\" data-gtm-custom-categorie=\"navigation\" data-gtm-custom-action=\"crossclick\" data-gtm-custom-label=\"Contextuel\" data-gtm-event=\"customEventSPE\" data-fig-domain=\"LEFIGARO\">o\u00f9 est d\u00e9tenu l\u2019ex-pr\u00e9sident de la R\u00e9publique Nicolas Sarkozy<\/a>. Au c\u0153ur du psychodrame\u00a0: la restriction d\u2019acc\u00e8s au quartier d\u2019isolement. Les parlementaires ont pu s\u2019y rendre, mais sans leurs t\u00e9l\u00e9phones portables, sans attach\u00e9s parlementaires et sans journalistes. Un scandale d\u00e9mocratique, selon eux, estimant que c\u2019est une entrave \u00ab\u200a\u00e0 la libert\u00e9 d\u2019expression\u00a0\u00bb et \u00ab\u200a\u00e0 l\u2019exercice du mandat parlementaire\u00a0\u00bb.<\/p>\n<p>\u00abInterdiction g\u00e9n\u00e9rale et absolue\u00bb<\/p>\n<p class=\"fig-paragraph\">Le tribunal a estim\u00e9 que les parlementaires\u2026<\/p>\n<p class=\"fig-premium-paywall__infos\">\n        Cet article est r\u00e9serv\u00e9 aux abonn\u00e9s.        Il vous reste 84% \u00e0 d\u00e9couvrir.\n    <\/p>\n<p>                <img  data- alt=\"Le Figaro\" class=\"fig-img--complete fig-img\"\/><\/p>\n<p class=\"fig-premium-paywall__title\">Vous avez envie de lire la suite ?<\/p>\n<p class=\"fig-premium-paywall__subtitle\">D\u00e9bloquez tous les articles imm\u00e9diatement.<\/p>\n<p class=\"fig-premium-paywall__connect\">\n                D\u00e9j\u00e0 abonn\u00e9\u00a0?                <a class=\"fig-premium-paywall__connect-link\" href=\"https:\/\/connect.lefigaro.fr\/login?client=horizon_web&amp;type=main&amp;redirect_uri=https%3A%2F%2Fwww.lefigaro.fr%2Factualite-france%2Fvisite-de-lfi-a-la-sante-les-deputes-deboutes-par-la-justice-20251029\" data-js-gtm=\"{&quot;customCategorie&quot;: &quot;conversion&quot;, &quot;customAction&quot;: &quot;before_Landing_Connexion_paywall_auto&quot;, &quot;customLabel&quot;: &quot;bGVmaWdhcm8uZnJfXzFmMGI0YjczLTI5YzktNjcwZS1iNjdiLTFkMDllYTljMWQ2YV9fQXJ0aWNsZQ==_Visite de LFI \u00e0 la Sant\u00e9\u00a0: les d\u00e9put\u00e9s d\u00e9bout\u00e9s par la justice_30&quot;, &quot;customIDSPE&quot;: &quot;bGVmaWdhcm8uZnJfXzFmMGI0YjczLTI5YzktNjcwZS1iNjdiLTFkMDllYTljMWQ2YV9fQXJ0aWNsZQ==&quot;, &quot;event&quot;: &quot;customEventSPE&quot;}\" rel=\"nofollow noopener\" target=\"_blank\"><br \/>\n                    Connectez-vous<br \/>\n                <\/a>\n            <\/p>\n","protected":false},"excerpt":{"rendered":"Mercredi, le tribunal administratif a rejet\u00e9 leur r\u00e9f\u00e9r\u00e9-libert\u00e9, estimant que leur demande d\u2019acc\u00e8s \u00e0 l\u2019isolement, o\u00f9 est d\u00e9tenu&hellip;\n","protected":false},"author":2,"featured_media":498362,"comment_status":"","ping_status":"","sticky":false,"template":"","format":"standard","meta":{"footnotes":""},"categories":[4],"tags":[11,1011,27,780,12,3091,25],"class_list":{"0":"post-498361","1":"post","2":"type-post","3":"status-publish","4":"format-standard","5":"has-post-thumbnail","7":"category-france","8":"tag-actualites","9":"tag-fr","10":"tag-france","11":"tag-lfi","12":"tag-news","13":"tag-nicolas-sarkozy","14":"tag-republique-francaise"},"share_on_mastodon":{"url":"https:\/\/pubeurope.com\/@fr\/115459149276148625","error":""},"_links":{"self":[{"href":"https:\/\/www.europesays.com\/fr\/wp-json\/wp\/v2\/posts\/498361","targetHints":{"allow":["GET"]}}],"collection":[{"href":"https:\/\/www.europesays.com\/fr\/wp-json\/wp\/v2\/posts"}],"about":[{"href":"https:\/\/www.europesays.com\/fr\/wp-json\/wp\/v2\/types\/post"}],"author":[{"embeddable":true,"href":"https:\/\/www.europesays.com\/fr\/wp-json\/wp\/v2\/users\/2"}],"replies":[{"embeddable":true,"href":"https:\/\/www.europesays.com\/fr\/wp-json\/wp\/v2\/comments?post=498361"}],"version-history":[{"count":0,"href":"https:\/\/www.europesays.com\/fr\/wp-json\/wp\/v2\/posts\/498361\/revisions"}],"wp:featuredmedia":[{"embeddable":true,"href":"https:\/\/www.europesays.com\/fr\/wp-json\/wp\/v2\/media\/498362"}],"wp:attachment":[{"href":"https:\/\/www.europesays.com\/fr\/wp-json\/wp\/v2\/media?parent=498361"}],"wp:term":[{"taxonomy":"category","embeddable":true,"href":"https:\/\/www.europesays.com\/fr\/wp-json\/wp\/v2\/categories?post=498361"},{"taxonomy":"post_tag","embeddable":true,"href":"https:\/\/www.europesays.com\/fr\/wp-json\/wp\/v2\/tags?post=498361"}],"curies":[{"name":"wp","href":"https:\/\/api.w.org\/{rel}","templated":true}]}}