{"id":498365,"date":"2025-10-29T19:40:38","date_gmt":"2025-10-29T19:40:38","guid":{"rendered":"https:\/\/www.europesays.com\/fr\/498365\/"},"modified":"2025-10-29T19:40:38","modified_gmt":"2025-10-29T19:40:38","slug":"sorbiers-controverse-ce-projet-de-lotissement-dans-le-grand-quartier-pourra-t-il-se-faire","status":"publish","type":"post","link":"https:\/\/www.europesays.com\/fr\/498365\/","title":{"rendered":"Sorbiers. Controvers\u00e9, ce projet de lotissement dans le Grand Quartier pourra-t-il se faire\u00a0?"},"content":{"rendered":"<p>Tout est parti du Plan local d\u2019urbanisme de 2015. La municipalit\u00e9 identifie une zone dans le Grand Quartier pour r\u00e9duire le nombre de terrains constructibles vacants\u00a0: \u00ab C\u2019\u00e9tait un choix politique pour conforter ce quartier, amener une population nouvelle, et \u00e9quilibrer par rapport au Bourg et au Valjoly\u00a0\u00bb, raconte Marie-Christine Thivant, maire de Sorbiers.<\/p>\n<p>Quelques ann\u00e9es plus tard, le promoteur Viabilis, via son antenne Rh\u00f4ne-Alpes, propose un projet de 42 lots \u00e0 cet endroit. Apr\u00e8s n\u00e9gociations avec les propri\u00e9taires des parcelles, un permis d\u2019am\u00e9nager est affich\u00e9 rue du Sapey&#8230;<\/p>\n","protected":false},"excerpt":{"rendered":"Tout est parti du Plan local d\u2019urbanisme de 2015. La municipalit\u00e9 identifie une zone dans le Grand Quartier&hellip;\n","protected":false},"author":2,"featured_media":498366,"comment_status":"","ping_status":"","sticky":false,"template":"","format":"standard","meta":{"footnotes":""},"categories":[9653],"tags":[1111,11,2430,7539,1777,674,1011,27,1908,12,316,25,4001,9664,104,17204],"class_list":{"0":"post-498365","1":"post","2":"type-post","3":"status-publish","4":"format-standard","5":"has-post-thumbnail","7":"category-saint-etienne","8":"tag-actu","9":"tag-actualites","10":"tag-auvergne-rhone-alpes","11":"tag-edition-loire-sud","12":"tag-eu","13":"tag-europe","14":"tag-fr","15":"tag-france","16":"tag-logement","17":"tag-news","18":"tag-politique","19":"tag-republique-francaise","20":"tag-saint-etienne","21":"tag-saint-etienne-bassin","22":"tag-societe","23":"tag-sorbiers"},"share_on_mastodon":{"url":"https:\/\/pubeurope.com\/@fr\/115459157192512751","error":""},"_links":{"self":[{"href":"https:\/\/www.europesays.com\/fr\/wp-json\/wp\/v2\/posts\/498365","targetHints":{"allow":["GET"]}}],"collection":[{"href":"https:\/\/www.europesays.com\/fr\/wp-json\/wp\/v2\/posts"}],"about":[{"href":"https:\/\/www.europesays.com\/fr\/wp-json\/wp\/v2\/types\/post"}],"author":[{"embeddable":true,"href":"https:\/\/www.europesays.com\/fr\/wp-json\/wp\/v2\/users\/2"}],"replies":[{"embeddable":true,"href":"https:\/\/www.europesays.com\/fr\/wp-json\/wp\/v2\/comments?post=498365"}],"version-history":[{"count":0,"href":"https:\/\/www.europesays.com\/fr\/wp-json\/wp\/v2\/posts\/498365\/revisions"}],"wp:featuredmedia":[{"embeddable":true,"href":"https:\/\/www.europesays.com\/fr\/wp-json\/wp\/v2\/media\/498366"}],"wp:attachment":[{"href":"https:\/\/www.europesays.com\/fr\/wp-json\/wp\/v2\/media?parent=498365"}],"wp:term":[{"taxonomy":"category","embeddable":true,"href":"https:\/\/www.europesays.com\/fr\/wp-json\/wp\/v2\/categories?post=498365"},{"taxonomy":"post_tag","embeddable":true,"href":"https:\/\/www.europesays.com\/fr\/wp-json\/wp\/v2\/tags?post=498365"}],"curies":[{"name":"wp","href":"https:\/\/api.w.org\/{rel}","templated":true}]}}