{"id":498369,"date":"2025-10-29T19:42:38","date_gmt":"2025-10-29T19:42:38","guid":{"rendered":"https:\/\/www.europesays.com\/fr\/498369\/"},"modified":"2025-10-29T19:42:38","modified_gmt":"2025-10-29T19:42:38","slug":"derniers-jours-pour-visiter-le-jardin-ephemere","status":"publish","type":"post","link":"https:\/\/www.europesays.com\/fr\/498369\/","title":{"rendered":"Derniers jours pour visiter le Jardin \u00e9ph\u00e9m\u00e8re"},"content":{"rendered":"<p>Le 22e\u00a0 Jardin \u00e9ph\u00e9m\u00e8re, cr\u00e9\u00e9 sur le th\u00e8me De graines d\u2019Art d\u00e9co , \u00e9voque l\u2019influence de ce mouvement majeur, grande source d\u2019inspiration pour les jardiniers de la ville de Nancy. La r\u00e9alisation vit ses derniers instants. Les personnes qui ne l\u2019ont pas encore visit\u00e9 ou qui souhaitent profiter encore un peu de cet \u00eelot de verdure en plein centre-ville, peuvent le faire jusqu\u2019au dimanche 2\u00a0novembre.<\/p>\n<p class=\"note\">Tous les jours, de 8\u00a0h \u00e0 22\u00a0h, place Stanislas, \u00e0 Nancy. Entr\u00e9e libre.<\/p>\n","protected":false},"excerpt":{"rendered":"Le 22e\u00a0 Jardin \u00e9ph\u00e9m\u00e8re, cr\u00e9\u00e9 sur le th\u00e8me De graines d\u2019Art d\u00e9co , \u00e9voque l\u2019influence de ce mouvement&hellip;\n","protected":false},"author":2,"featured_media":498370,"comment_status":"","ping_status":"","sticky":false,"template":"","format":"standard","meta":{"footnotes":""},"categories":[9635],"tags":[1111,11,1687,1704,1777,674,1011,27,775,1702,1703,12,25],"class_list":{"0":"post-498369","1":"post","2":"type-post","3":"status-publish","4":"format-standard","5":"has-post-thumbnail","7":"category-nancy","8":"tag-actu","9":"tag-actualites","10":"tag-culture-loisirs","11":"tag-edition-nancy-et-agglomeration","12":"tag-eu","13":"tag-europe","14":"tag-fr","15":"tag-france","16":"tag-grand-est","17":"tag-nancy","18":"tag-nancy-ville-54b","19":"tag-news","20":"tag-republique-francaise"},"share_on_mastodon":{"url":"https:\/\/pubeurope.com\/@fr\/115459165020199395","error":""},"_links":{"self":[{"href":"https:\/\/www.europesays.com\/fr\/wp-json\/wp\/v2\/posts\/498369","targetHints":{"allow":["GET"]}}],"collection":[{"href":"https:\/\/www.europesays.com\/fr\/wp-json\/wp\/v2\/posts"}],"about":[{"href":"https:\/\/www.europesays.com\/fr\/wp-json\/wp\/v2\/types\/post"}],"author":[{"embeddable":true,"href":"https:\/\/www.europesays.com\/fr\/wp-json\/wp\/v2\/users\/2"}],"replies":[{"embeddable":true,"href":"https:\/\/www.europesays.com\/fr\/wp-json\/wp\/v2\/comments?post=498369"}],"version-history":[{"count":0,"href":"https:\/\/www.europesays.com\/fr\/wp-json\/wp\/v2\/posts\/498369\/revisions"}],"wp:featuredmedia":[{"embeddable":true,"href":"https:\/\/www.europesays.com\/fr\/wp-json\/wp\/v2\/media\/498370"}],"wp:attachment":[{"href":"https:\/\/www.europesays.com\/fr\/wp-json\/wp\/v2\/media?parent=498369"}],"wp:term":[{"taxonomy":"category","embeddable":true,"href":"https:\/\/www.europesays.com\/fr\/wp-json\/wp\/v2\/categories?post=498369"},{"taxonomy":"post_tag","embeddable":true,"href":"https:\/\/www.europesays.com\/fr\/wp-json\/wp\/v2\/tags?post=498369"}],"curies":[{"name":"wp","href":"https:\/\/api.w.org\/{rel}","templated":true}]}}