{"id":498378,"date":"2025-10-29T19:48:14","date_gmt":"2025-10-29T19:48:14","guid":{"rendered":"https:\/\/www.europesays.com\/fr\/498378\/"},"modified":"2025-10-29T19:48:14","modified_gmt":"2025-10-29T19:48:14","slug":"le-tourangeau-lilian-bardet-sincline-dentree-contre-simon-gauzy","status":"publish","type":"post","link":"https:\/\/www.europesays.com\/fr\/498378\/","title":{"rendered":"le Tourangeau Lilian Bardet s\u2019incline d\u2019entr\u00e9e contre Simon Gauzy"},"content":{"rendered":"<p>Malgr\u00e9 un d\u00e9but de match parfait contre son compatriote Simon Gauzy, le Tourangeau Lilian Bardet s\u2019est finalement inclin\u00e9 3 \u00e0 1 (4-11, 11-8, 12-10, 11-7), ce mercredi, en seizi\u00e8mes de finale du WTT Champions de Montpellier. Gauzy, couronn\u00e9 <a target=\"_blank\" href=\"https:\/\/www.lanouvellerepublique.fr\/sports\/les-lebrun-et-gauzy-champions-d-europe-par-equipes-1760895451\" rel=\"noopener\">champion d\u2019Europe par \u00e9quipes<\/a> il y a un peu plus d\u2019une semaine, retrouvera F\u00e9lix Lebrun, son partenaire de sacre en Croatie, jeudi soir dans l\u2019H\u00e9rault.<\/p>\n<p>Pour ce faire, il a d\u00fb retourner une situation mal embarqu\u00e9e contre Lilian Bardet, qui b\u00e9n\u00e9ficiait d\u2019une invitation, et laisser passer l\u2019orage d\u2019un premier set o\u00f9 il a sembl\u00e9 en manque de solutions. \u00ab\u00a0Bravo \u00e0 Lilian pour tout ce qu\u2019il a fait ces derniers mois, moi je vais rejouer un Fran\u00e7ais, le gars de la maison comme l\u2019ann\u00e9e derni\u00e8re\u00a0\u00bb, a-t-il lanc\u00e9 au public dans un sourire, lui qui avait \u00e9t\u00e9 \u00e9limin\u00e9 d\u00e8s le premier tour par ce m\u00eame F\u00e9lix Lebrun en 2024. \u00ab\u00a0J\u2019arrive \u00e0 Montpellier gonfl\u00e9 \u00e0 bloc, pr\u00eat \u00e0 jouer mon meilleur niveau\u00a0\u00bb, avait de son c\u00f4t\u00e9 pr\u00e9venu \u00ab\u00a0F\u00e9f\u00e9\u00a0\u00bb, apr\u00e8s sa qualification de mardi soir.<\/p>\n<p>Pavade passe \u00e9galement<\/p>\n<p>L\u2019autre duel 100\u00a0% fran\u00e7ais de la journ\u00e9e, opposant chez les femmes Charlotte Lutz \u00e0 Prithika Pavade, a tourn\u00e9 \u00e0 l\u2019avantage de cette derni\u00e8re, victorieuse \u00e0 la belle 3 \u00e0 2 (8-11, 11-9, 11-8, 7-11, 11-7). \u00ab\u00a0Ce n\u2019est jamais \u00e9vident de se jouer en tant que co\u00e9quipi\u00e8res et c\u2019est une joueuse tr\u00e8s, tr\u00e8s dangereuse, mais j\u2019avais tr\u00e8s envie de gagner et je suis tr\u00e8s contente d\u2019\u00eatre sortie vainqueure\u00a0\u00bb, a souri Pavade. La Fran\u00e7aise ne rejouera que vendredi soir.<\/p>\n<p class=\"alireaussi\"><b>&gt;\u00a0Rejoignez la communaut\u00e9 NR\u00a0&#8211; Les sports en Touraine sur Facebook.<\/b><\/p>\n","protected":false},"excerpt":{"rendered":"Malgr\u00e9 un d\u00e9but de match parfait contre son compatriote Simon Gauzy, le Tourangeau Lilian Bardet s\u2019est finalement inclin\u00e9&hellip;\n","protected":false},"author":2,"featured_media":498379,"comment_status":"","ping_status":"","sticky":false,"template":"","format":"standard","meta":{"footnotes":""},"categories":[9599],"tags":[1111,11,1777,674,1011,27,1387,2208,12,2680,25,60,16149,1390],"class_list":{"0":"post-498378","1":"post","2":"type-post","3":"status-publish","4":"format-standard","5":"has-post-thumbnail","7":"category-montpellier","8":"tag-actu","9":"tag-actualites","10":"tag-eu","11":"tag-europe","12":"tag-fr","13":"tag-france","14":"tag-indre-et-loire","15":"tag-montpellier","16":"tag-news","17":"tag-occitanie","18":"tag-republique-francaise","19":"tag-sports","20":"tag-tennis-de-table","21":"tag-tours"},"share_on_mastodon":{"url":"https:\/\/pubeurope.com\/@fr\/115459188535858331","error":""},"_links":{"self":[{"href":"https:\/\/www.europesays.com\/fr\/wp-json\/wp\/v2\/posts\/498378","targetHints":{"allow":["GET"]}}],"collection":[{"href":"https:\/\/www.europesays.com\/fr\/wp-json\/wp\/v2\/posts"}],"about":[{"href":"https:\/\/www.europesays.com\/fr\/wp-json\/wp\/v2\/types\/post"}],"author":[{"embeddable":true,"href":"https:\/\/www.europesays.com\/fr\/wp-json\/wp\/v2\/users\/2"}],"replies":[{"embeddable":true,"href":"https:\/\/www.europesays.com\/fr\/wp-json\/wp\/v2\/comments?post=498378"}],"version-history":[{"count":0,"href":"https:\/\/www.europesays.com\/fr\/wp-json\/wp\/v2\/posts\/498378\/revisions"}],"wp:featuredmedia":[{"embeddable":true,"href":"https:\/\/www.europesays.com\/fr\/wp-json\/wp\/v2\/media\/498379"}],"wp:attachment":[{"href":"https:\/\/www.europesays.com\/fr\/wp-json\/wp\/v2\/media?parent=498378"}],"wp:term":[{"taxonomy":"category","embeddable":true,"href":"https:\/\/www.europesays.com\/fr\/wp-json\/wp\/v2\/categories?post=498378"},{"taxonomy":"post_tag","embeddable":true,"href":"https:\/\/www.europesays.com\/fr\/wp-json\/wp\/v2\/tags?post=498378"}],"curies":[{"name":"wp","href":"https:\/\/api.w.org\/{rel}","templated":true}]}}