{"id":498382,"date":"2025-10-29T19:53:38","date_gmt":"2025-10-29T19:53:38","guid":{"rendered":"https:\/\/www.europesays.com\/fr\/498382\/"},"modified":"2025-10-29T19:53:38","modified_gmt":"2025-10-29T19:53:38","slug":"la-securite-publique-releve-de-letat","status":"publish","type":"post","link":"https:\/\/www.europesays.com\/fr\/498382\/","title":{"rendered":"La s\u00e9curit\u00e9 publique rel\u00e8ve de l&rsquo;Etat"},"content":{"rendered":"<p melodystyle=\"texte\">\u00ab\u00a0La Ville de Rouen interpelle l&rsquo;Etat sur le respect de ses engagements\u00a0\u00bb, peut-on lire dans un communiqu\u00e9 de la municipalit\u00e9 rouennaise ce mercredi 29\u00a0octobre.\u00a0Dans la nuit du lundi 27\u00a0octobre au mardi 28\u00a0octobre, le bureau de poste de la Grand&rsquo;Mare a fait l&rsquo;objet d&rsquo;une tentative de braquage \u00ab\u00a0par des malfaiteurs, \u00e0 l&rsquo;aide d&rsquo;un engin de chantier\u00a0\u00bb, indique la Ville. Une attaque qui intervient apr\u00e8s un incendie lors des <a href=\"https:\/\/www.tendanceouest.com\/actualite-410565-violences-urbaines-apres-la-mort-de-nahel-et-les-emeutes-a-rouen-le-maire-appelle-au-calme-et-a-la-justice\" target=\"_blank\" rel=\"nofollow noopener\">\u00e9meutes urbaines<\/a> de l&rsquo;\u00e9t\u00e9 2023 et un braquage en <a href=\"https:\/\/www.tendanceouest.com\/actualite-426533-rouen-le-maire-demande-de-nouveaux-effectifs-de-police-au-lendemain-d-un-braquage-a-main-armee-a-la-grand-mare\" target=\"_blank\" rel=\"nofollow noopener\">f\u00e9vrier\u00a02025<\/a>.<\/p>\n<p melodystyle=\"texte\">\u2022<b> A lire aussi.<\/b> <a href=\"https:\/\/www.tendanceouest.com\/actualite-428157-commerce-victime-d-un-braquage-a-main-armee-en-fevrier-un-bureau-de-poste-des-hauts-de-rouen-rouvre-ses-portes\" target=\"_blank\" rel=\"nofollow noopener\">Commerce. Victime d&rsquo;un braquage \u00e0 main arm\u00e9e en f\u00e9vrier, un bureau de poste des Hauts de Rouen rouvre ses portes<\/a><\/p>\n<p>Un manque de policiers nationaux\u00a0?<\/p>\n<p melodystyle=\"texte\">Comme l&rsquo;explique Nicolas Mayer-Rossignol, le maire de Rouen, \u00ab\u00a0cette nouvelle attaque visant le bureau de poste de la Grand&rsquo;Mare, un service public essentiel \u00e0 la population pour lequel la municipalit\u00e9 s&rsquo;est battue pour obtenir la r\u00e9ouverture, est inacceptable\u00a0\u00bb.\u00a0Selon ce dernier, \u00ab\u00a0la s\u00e9curit\u00e9 publique rel\u00e8ve de l&rsquo;Etat, a fortiori sur les Hauts de Rouen, o\u00f9 la police nationale est seule \u00e0 pouvoir intervenir en raison du statut de quartier de reconqu\u00eate r\u00e9publicaine\u00a0\u00bb.\u00a0En 2019, \u00ab\u00a0le ministre de l&rsquo;Int\u00e9rieur venait sur la dalle de la Grand Mare et annoncer des renforts de policiers nationaux, qui ne sont jamais arriv\u00e9s\u00a0\u00bb, rench\u00e9rit-il.\u00a0<\/p>\n<p>\u00ab\u00a0Il y a urgence\u00a0\u00bb<\/p>\n<p melodystyle=\"texte\">Face \u00e0\u00a0cette nouvelle tentative de braquage dans les Hauts-de-Rouen, \u00ab\u00a0nous attendons et demandons toujours un renforcement des moyens de la police nationale \u00e0 Rouen et sur notre agglom\u00e9ration o\u00f9 il manque une centaine de policiers nationaux. Il y a urgence\u00a0!\u00a0\u00bb, conclut Nicolas Mayer-Rossignol.<\/p>\n<p>La Ville de Rouen met l&rsquo;accent sur la tranquillit\u00e9 publique<\/p>\n<p melodystyle=\"texte\">Depuis 2020, la Ville de Rouen fait de la tranquillit\u00e9 publique une priorit\u00e9. Le nombre de cam\u00e9ras de vid\u00e9oprotection a tripl\u00e9, passant de 42 \u00e0 111, puis \u00e0 126 en 2025, pour un total de 277 cam\u00e9ras. 18 policiers municipaux suppl\u00e9mentaires ont \u00e9t\u00e9 recrut\u00e9s, soit une hausse de 33%, et une brigade de nuit a \u00e9t\u00e9 cr\u00e9\u00e9e. Une unit\u00e9 cynophile a \u00e9galement vu le jour et la police municipale s&rsquo;est \u00e9quip\u00e9e de v\u00e9los et de motos \u00e9lectriques, sa pr\u00e9sence a \u00e9t\u00e9 renforc\u00e9e dans plusieurs quartiers rouennais comme celui de Saint-Sever. Et en 2025, la <a href=\"https:\/\/www.tendanceouest.com\/actualite-426651-rouen-videoverbalisation-les-premieres-amendes-vont-tomber-en-mars\" target=\"_blank\" rel=\"nofollow noopener\">vid\u00e9overbalisation<\/a> a \u00e9t\u00e9 mise en place.<\/p>\n","protected":false},"excerpt":{"rendered":"\u00ab\u00a0La Ville de Rouen interpelle l&rsquo;Etat sur le respect de ses engagements\u00a0\u00bb, peut-on lire dans un communiqu\u00e9 de&hellip;\n","protected":false},"author":2,"featured_media":498383,"comment_status":"","ping_status":"","sticky":false,"template":"","format":"standard","meta":{"footnotes":""},"categories":[9587],"tags":[1111,11,1777,674,1011,27,12,5161,25,9590],"class_list":{"0":"post-498382","1":"post","2":"type-post","3":"status-publish","4":"format-standard","5":"has-post-thumbnail","7":"category-rouen","8":"tag-actu","9":"tag-actualites","10":"tag-eu","11":"tag-europe","12":"tag-fr","13":"tag-france","14":"tag-news","15":"tag-normandie","16":"tag-republique-francaise","17":"tag-rouen"},"share_on_mastodon":{"url":"https:\/\/pubeurope.com\/@fr\/115459208204968591","error":""},"_links":{"self":[{"href":"https:\/\/www.europesays.com\/fr\/wp-json\/wp\/v2\/posts\/498382","targetHints":{"allow":["GET"]}}],"collection":[{"href":"https:\/\/www.europesays.com\/fr\/wp-json\/wp\/v2\/posts"}],"about":[{"href":"https:\/\/www.europesays.com\/fr\/wp-json\/wp\/v2\/types\/post"}],"author":[{"embeddable":true,"href":"https:\/\/www.europesays.com\/fr\/wp-json\/wp\/v2\/users\/2"}],"replies":[{"embeddable":true,"href":"https:\/\/www.europesays.com\/fr\/wp-json\/wp\/v2\/comments?post=498382"}],"version-history":[{"count":0,"href":"https:\/\/www.europesays.com\/fr\/wp-json\/wp\/v2\/posts\/498382\/revisions"}],"wp:featuredmedia":[{"embeddable":true,"href":"https:\/\/www.europesays.com\/fr\/wp-json\/wp\/v2\/media\/498383"}],"wp:attachment":[{"href":"https:\/\/www.europesays.com\/fr\/wp-json\/wp\/v2\/media?parent=498382"}],"wp:term":[{"taxonomy":"category","embeddable":true,"href":"https:\/\/www.europesays.com\/fr\/wp-json\/wp\/v2\/categories?post=498382"},{"taxonomy":"post_tag","embeddable":true,"href":"https:\/\/www.europesays.com\/fr\/wp-json\/wp\/v2\/tags?post=498382"}],"curies":[{"name":"wp","href":"https:\/\/api.w.org\/{rel}","templated":true}]}}