{"id":498384,"date":"2025-10-29T19:56:12","date_gmt":"2025-10-29T19:56:12","guid":{"rendered":"https:\/\/www.europesays.com\/fr\/498384\/"},"modified":"2025-10-29T19:56:12","modified_gmt":"2025-10-29T19:56:12","slug":"une-nonagenaire-flouee-place-saint-bruno","status":"publish","type":"post","link":"https:\/\/www.europesays.com\/fr\/498384\/","title":{"rendered":"une nonag\u00e9naire flou\u00e9e place Saint-Bruno"},"content":{"rendered":"<p>Une nonag\u00e9naire domicili\u00e9e place saint-Bruno\u00a0\u00e0 Grenoble a \u00e9t\u00e9 victime mercredi matin d\u2019un vol par ruse commis par deux faux ouvriers.<\/p>\n<p>Les voleurs se sont pr\u00e9sent\u00e9s \u00e0 la porte de cette femme de 95 ans en se faisant passer pour des personnes charg\u00e9es de proc\u00e9der au nettoyage des balcons de l\u2019immeuble.<\/p>\n<p>Une fois dans l\u2019appartement, le premier aigrefin a retenu l\u2019attention de la vieille dame pendant que son complice fouillait l\u2019appartement. Les deux hommes ont pris la fuite apr\u00e8s avoir fait main basse sur une somme de quelques centaines d\u2019euros en esp\u00e8ces. La police a proc\u00e9d\u00e9 aux constatations et a ouvert une enqu\u00eate.<\/p>\n","protected":false},"excerpt":{"rendered":"Une nonag\u00e9naire domicili\u00e9e place saint-Bruno\u00a0\u00e0 Grenoble a \u00e9t\u00e9 victime mercredi matin d\u2019un vol par ruse commis par deux&hellip;\n","protected":false},"author":2,"featured_media":498385,"comment_status":"","ping_status":"","sticky":false,"template":"","format":"standard","meta":{"footnotes":""},"categories":[9566],"tags":[1111,11,2430,271,272,112,1777,674,274,1011,27,2731,2732,108,12,25],"class_list":{"0":"post-498384","1":"post","2":"type-post","3":"status-publish","4":"format-standard","5":"has-post-thumbnail","7":"category-grenoble","8":"tag-actu","9":"tag-actualites","10":"tag-auvergne-rhone-alpes","11":"tag-crime","12":"tag-delit-et-contravention","13":"tag-edition-grenoble-agglomeration","14":"tag-eu","15":"tag-europe","16":"tag-faits-divers-justice","17":"tag-fr","18":"tag-france","19":"tag-grenoble","20":"tag-grenoble-bassin","21":"tag-isere","22":"tag-news","23":"tag-republique-francaise"},"share_on_mastodon":{"url":"https:\/\/pubeurope.com\/@fr\/115459220107567012","error":""},"_links":{"self":[{"href":"https:\/\/www.europesays.com\/fr\/wp-json\/wp\/v2\/posts\/498384","targetHints":{"allow":["GET"]}}],"collection":[{"href":"https:\/\/www.europesays.com\/fr\/wp-json\/wp\/v2\/posts"}],"about":[{"href":"https:\/\/www.europesays.com\/fr\/wp-json\/wp\/v2\/types\/post"}],"author":[{"embeddable":true,"href":"https:\/\/www.europesays.com\/fr\/wp-json\/wp\/v2\/users\/2"}],"replies":[{"embeddable":true,"href":"https:\/\/www.europesays.com\/fr\/wp-json\/wp\/v2\/comments?post=498384"}],"version-history":[{"count":0,"href":"https:\/\/www.europesays.com\/fr\/wp-json\/wp\/v2\/posts\/498384\/revisions"}],"wp:featuredmedia":[{"embeddable":true,"href":"https:\/\/www.europesays.com\/fr\/wp-json\/wp\/v2\/media\/498385"}],"wp:attachment":[{"href":"https:\/\/www.europesays.com\/fr\/wp-json\/wp\/v2\/media?parent=498384"}],"wp:term":[{"taxonomy":"category","embeddable":true,"href":"https:\/\/www.europesays.com\/fr\/wp-json\/wp\/v2\/categories?post=498384"},{"taxonomy":"post_tag","embeddable":true,"href":"https:\/\/www.europesays.com\/fr\/wp-json\/wp\/v2\/tags?post=498384"}],"curies":[{"name":"wp","href":"https:\/\/api.w.org\/{rel}","templated":true}]}}