{"id":498386,"date":"2025-10-29T19:57:43","date_gmt":"2025-10-29T19:57:43","guid":{"rendered":"https:\/\/www.europesays.com\/fr\/498386\/"},"modified":"2025-10-29T19:57:43","modified_gmt":"2025-10-29T19:57:43","slug":"pres-de-grenoble-on-en-sait-plus-sur-la-mort-violente-de-cette-femme-dans-son-appartement","status":"publish","type":"post","link":"https:\/\/www.europesays.com\/fr\/498386\/","title":{"rendered":"Pr\u00e8s de Grenoble. On en sait plus sur la mort violente de cette femme dans son appartement"},"content":{"rendered":"<p>            Par<br \/>\n        <strong><br \/>\n            <a href=\"https:\/\/actu.fr\/auteur\/lisa-rodrigues\" title=\"Consulter tous les articles de Lisa Rodrigues\" target=\"_blank\" rel=\"noopener\">Lisa Rodrigues<\/a><br \/>\n        <\/strong><\/p>\n<p>        Publi\u00e9 le<\/p>\n<p>            29 oct. 2025 \u00e0 17h19        <\/p>\n<p>Son corps a \u00e9t\u00e9 <a href=\"https:\/\/actu.fr\/auvergne-rhone-alpes\/voiron_38563\/isere-une-femme-retrouvee-morte-chez-elle-les-circonstances-de-sa-mort-interrogent_63362415.html\" target=\"_blank\" rel=\"noopener\">d\u00e9couvert sans vie<\/a> dans son appartement \u00e0 <strong>Voiron<\/strong>, rue Sermorens, mardi 28\u00a0octobre en d\u00e9but de journ\u00e9e.<\/p>\n<p>    <a href=\"https:\/\/www.google.com\/maps\/embed?pb=!1m18!1m12!1m3!1d2802.978607130557!2d5.584874975932519!3d45.36942673975763!2m3!1f0!2f0!3f0!3m2!1i1024!2i768!4f13.1!3m3!1m2!1s0x478ae43d64bee045%3A0x6d31e229b9325b3a!2sRue%20Sermorens%2C%2038500%20Voiron!5e0!3m2!1sfr!2sfr!4v1761754295153!5m2!1sfr!2sfr\" title=\"Ouvrie le lien\" target=\"_blank\" rel=\"noopener\">Cliquez ici pour visualiser le contenu<\/a><\/p>\n<p class=\" wall-content\">L\u2019occupante des lieux, une <strong>femme \u00e2g\u00e9e de 81\u00a0ans<\/strong>, a \u00e9t\u00e9 retrouv\u00e9e morte avec \u00ab\u2009plusieurs coups d\u2019objet tranchant\u2009\u00bb relev\u00e9s sur son corps. Une autopsie a alors \u00e9t\u00e9 ordonn\u00e9e par le parquet de <a href=\"https:\/\/actu.fr\/auvergne-rhone-alpes\/grenoble_38185\" target=\"_blank\" rel=\"noopener\">Grenoble<\/a>.<\/p>\n<p>\u00ab\u2009Un d\u00e9c\u00e8s tr\u00e8s rapide\u2009\u00bb<\/p>\n<p class=\" wall-content\">Celle-ci a donn\u00e9 ses premiers r\u00e9sultats mercredi 29\u00a0octobre.<\/p>\n<blockquote class=\"ac-article-quote wall-content\">\n<p>La d\u00e9funte a \u00e9t\u00e9 frapp\u00e9e de 10 coups avec un objet tranchant au niveau du thorax. Plusieurs coups ont touch\u00e9 l&rsquo;aire cardiaque, ce qui a entra\u00een\u00e9 un d\u00e9c\u00e8s tr\u00e8s rapide de la victime.<\/p>\n<p>    <strong>\u00c9tienne Manteaux<\/strong><br \/>\n        Procureur de Grenoble    <\/p><\/blockquote>\n<p class=\" wall-content\">Aucun autre \u00ab\u2009signe de violences\u2009\u00bb n\u2019a \u00e9t\u00e9 relev\u00e9 sur le corps de la victime.<\/p>\n<p class=\" wall-content\"><strong>L\u2019enqu\u00eate se poursuit<\/strong> pour \u00e9claircir les circonstances de ce d\u00e9c\u00e8s. Aucune interpellation n\u2019a pour le moment eu lieu.<\/p>\n<p class=\" wall-content\">Personnalisez votre actualit\u00e9 en ajoutant vos villes et m\u00e9dias en favori avec <a href=\"https:\/\/moncompte.actu.fr\" title=\"D\u00e9couvez Mon Actu\" rel=\"nofollow noopener\" data-trk=\"{&quot;cta&quot;:{&quot;action&quot;:&quot;https:\\\/\\\/moncompte.actu.fr&quot;,&quot;category&quot;:&quot;mon compte&quot;,&quot;from&quot;:&quot;article footer&quot;,&quot;name&quot;:&quot;Mon actu&quot;,&quot;type&quot;:&quot;cta&quot;}}\" target=\"_blank\">Mon Actu<\/a>.<\/p>\n","protected":false},"excerpt":{"rendered":"Par Lisa Rodrigues Publi\u00e9 le 29 oct. 2025 \u00e0 17h19 Son corps a \u00e9t\u00e9 d\u00e9couvert sans vie dans&hellip;\n","protected":false},"author":2,"featured_media":498387,"comment_status":"","ping_status":"","sticky":false,"template":"","format":"standard","meta":{"footnotes":""},"categories":[9566],"tags":[1111,11,2430,1777,674,118,1011,27,2731,303,12,1072,25],"class_list":{"0":"post-498386","1":"post","2":"type-post","3":"status-publish","4":"format-standard","5":"has-post-thumbnail","7":"category-grenoble","8":"tag-actu","9":"tag-actualites","10":"tag-auvergne-rhone-alpes","11":"tag-eu","12":"tag-europe","13":"tag-faits-divers","14":"tag-fr","15":"tag-france","16":"tag-grenoble","17":"tag-justice","18":"tag-news","19":"tag-police","20":"tag-republique-francaise"},"share_on_mastodon":{"url":"https:\/\/pubeurope.com\/@fr\/115459224126661021","error":""},"_links":{"self":[{"href":"https:\/\/www.europesays.com\/fr\/wp-json\/wp\/v2\/posts\/498386","targetHints":{"allow":["GET"]}}],"collection":[{"href":"https:\/\/www.europesays.com\/fr\/wp-json\/wp\/v2\/posts"}],"about":[{"href":"https:\/\/www.europesays.com\/fr\/wp-json\/wp\/v2\/types\/post"}],"author":[{"embeddable":true,"href":"https:\/\/www.europesays.com\/fr\/wp-json\/wp\/v2\/users\/2"}],"replies":[{"embeddable":true,"href":"https:\/\/www.europesays.com\/fr\/wp-json\/wp\/v2\/comments?post=498386"}],"version-history":[{"count":0,"href":"https:\/\/www.europesays.com\/fr\/wp-json\/wp\/v2\/posts\/498386\/revisions"}],"wp:featuredmedia":[{"embeddable":true,"href":"https:\/\/www.europesays.com\/fr\/wp-json\/wp\/v2\/media\/498387"}],"wp:attachment":[{"href":"https:\/\/www.europesays.com\/fr\/wp-json\/wp\/v2\/media?parent=498386"}],"wp:term":[{"taxonomy":"category","embeddable":true,"href":"https:\/\/www.europesays.com\/fr\/wp-json\/wp\/v2\/categories?post=498386"},{"taxonomy":"post_tag","embeddable":true,"href":"https:\/\/www.europesays.com\/fr\/wp-json\/wp\/v2\/tags?post=498386"}],"curies":[{"name":"wp","href":"https:\/\/api.w.org\/{rel}","templated":true}]}}