{"id":498388,"date":"2025-10-29T19:58:12","date_gmt":"2025-10-29T19:58:12","guid":{"rendered":"https:\/\/www.europesays.com\/fr\/498388\/"},"modified":"2025-10-29T19:58:12","modified_gmt":"2025-10-29T19:58:12","slug":"a-partir-de-vendredi-un-salon-de-lautomobile-et-de-la-mobilite-pres-de-rennes","status":"publish","type":"post","link":"https:\/\/www.europesays.com\/fr\/498388\/","title":{"rendered":"\u00c0 partir de vendredi, un Salon de l\u2019automobile et de la mobilit\u00e9 pr\u00e8s de Rennes"},"content":{"rendered":"<p>Le Salon de l\u2019automobile et de la mobilit\u00e9, organis\u00e9 par le Groupe actu, ouvrira ses portes \u00e0 la Glaz Arena de Cesson-S\u00e9vign\u00e9, vendredi 31\u00a0octobre et samedi 1er\u00a0novembre 2025. L\u2019occasion de voir en un m\u00eame lieu des v\u00e9hicules neufs et d\u2019occasion et de parler mobilit\u00e9.<strong> \u00ab\u00a0Ce salon existait il y a quelques ann\u00e9es, et nous avons d\u00e9cid\u00e9 de le relancer avec une entr\u00e9e 100\u00a0% gratuite\u00a0\u00bb<\/strong>, indiquent Yann S\u00e9journ\u00e9, directeur de la r\u00e9gie publicitaire du Groupe actu, et Anthony Coutant, directeur commercial.<\/p>\n<p><strong>Lire aussi. <\/strong> <a href=\"https:\/\/rennes.maville.com\/actu\/actudet_-avec-son-nouveau-vaisseau-amiral-l-usine-citroen-de-rennes-monte-en-puissance-_7-7014859_actu.Htm\" target=\"_blank\" rel=\"noopener\">Avec son nouveau vaisseau amiral, l\u2019usine Citro\u00ebn de Rennes monte en puissance<\/a><\/p>\n<p>Sur place, les visiteurs pourront d\u00e9couvrir un large panel de v\u00e9hicules, <strong>\u00ab\u00a0mais \u00e9galement toutes les informations pour se d\u00e9placer autrement\u00a0\u00bb.<\/strong> Parmi les stars de ce salon, le nouveau Citro\u00ebn C5\u00a0Aircross, qui sort des cha\u00eenes de production de l\u2019usine Stellantis, \u00e0 la Janais, au sud de Rennes. Sur une m\u00eame plateforme, il est produit dans trois versions\u00a0: thermique, hybride ou \u00e9lectrique.<\/p>\n<p>Du neuf et de l\u2019occasion<\/p>\n<p>Durant les deux journ\u00e9es, les plus grandes marques automobiles seront pr\u00e9sentes, avec du neuf et de l\u2019occasion. Le salon invite aussi plusieurs acteurs de la mobilit\u00e9 au quotidien (SNCF, Total \u00c9nergies, installateurs de bornes \u00e9lectriques,\u00a0etc.).\u00a0Des ateliers sur la mobilit\u00e9 durable seront propos\u00e9s au public, ainsi que des simulateurs de conduite.<\/p>\n<p>Vendredi 31\u00a0octobre, de 15\u00a0h \u00e0 21\u00a0h, et samedi 1er\u00a0novembre, de 10\u00a0h \u00e0 19\u00a0h, Salon de l\u2019automobile et de la mobilit\u00e9 \u00e0 la Glaz Arena, \u00e0 Cesson-S\u00e9vign\u00e9. Entr\u00e9e gratuite.<\/p>\n<p>\u00a0<\/p>\n","protected":false},"excerpt":{"rendered":"Le Salon de l\u2019automobile et de la mobilit\u00e9, organis\u00e9 par le Groupe actu, ouvrira ses portes \u00e0 la&hellip;\n","protected":false},"author":2,"featured_media":498389,"comment_status":"","ping_status":"","sticky":false,"template":"","format":"standard","meta":{"footnotes":""},"categories":[2821],"tags":[1111,11,646,829,1777,674,1011,27,1137,12,5537,3762,3086,584,25,6290,6949],"class_list":{"0":"post-498388","1":"post","2":"type-post","3":"status-publish","4":"format-standard","5":"has-post-thumbnail","7":"category-rennes","8":"tag-actu","9":"tag-actualites","10":"tag-automobile","11":"tag-bretagne","12":"tag-eu","13":"tag-europe","14":"tag-fr","15":"tag-france","16":"tag-mobilite","17":"tag-news","18":"tag-partir","19":"tag-pres","20":"tag-redon","21":"tag-rennes","22":"tag-republique-francaise","23":"tag-salon","24":"tag-vendredi"},"share_on_mastodon":{"url":"https:\/\/pubeurope.com\/@fr\/115459227934550799","error":""},"_links":{"self":[{"href":"https:\/\/www.europesays.com\/fr\/wp-json\/wp\/v2\/posts\/498388","targetHints":{"allow":["GET"]}}],"collection":[{"href":"https:\/\/www.europesays.com\/fr\/wp-json\/wp\/v2\/posts"}],"about":[{"href":"https:\/\/www.europesays.com\/fr\/wp-json\/wp\/v2\/types\/post"}],"author":[{"embeddable":true,"href":"https:\/\/www.europesays.com\/fr\/wp-json\/wp\/v2\/users\/2"}],"replies":[{"embeddable":true,"href":"https:\/\/www.europesays.com\/fr\/wp-json\/wp\/v2\/comments?post=498388"}],"version-history":[{"count":0,"href":"https:\/\/www.europesays.com\/fr\/wp-json\/wp\/v2\/posts\/498388\/revisions"}],"wp:featuredmedia":[{"embeddable":true,"href":"https:\/\/www.europesays.com\/fr\/wp-json\/wp\/v2\/media\/498389"}],"wp:attachment":[{"href":"https:\/\/www.europesays.com\/fr\/wp-json\/wp\/v2\/media?parent=498388"}],"wp:term":[{"taxonomy":"category","embeddable":true,"href":"https:\/\/www.europesays.com\/fr\/wp-json\/wp\/v2\/categories?post=498388"},{"taxonomy":"post_tag","embeddable":true,"href":"https:\/\/www.europesays.com\/fr\/wp-json\/wp\/v2\/tags?post=498388"}],"curies":[{"name":"wp","href":"https:\/\/api.w.org\/{rel}","templated":true}]}}