{"id":498392,"date":"2025-10-29T20:00:21","date_gmt":"2025-10-29T20:00:21","guid":{"rendered":"https:\/\/www.europesays.com\/fr\/498392\/"},"modified":"2025-10-29T20:00:21","modified_gmt":"2025-10-29T20:00:21","slug":"des-pepites-du-cinema-germanophone-a-saisir","status":"publish","type":"post","link":"https:\/\/www.europesays.com\/fr\/498392\/","title":{"rendered":"des p\u00e9pites du cin\u00e9ma germanophone \u00e0 saisir"},"content":{"rendered":"<p>Qu\u2019il s\u2019agisse d\u2019un \u00e9pisode de la s\u00e9rie allemande Tatort , d\u2019une com\u00e9die sur les suffragettes suisses dans les ann\u00e9es 1970, de la normalit\u00e9 dans la soci\u00e9t\u00e9 vue par un r\u00e9alisateur autrichien, de portraits de personnages en r\u00e9sistance ou de documentaires sur des transgenres, rien ne verse dans la facilit\u00e9, lors de cette \u00e9dition du festival du cin\u00e9ma germanophone Augenblick. La s\u00e9lection de films op\u00e9r\u00e9e par la d\u00e9l\u00e9gu\u00e9e g\u00e9n\u00e9rale et artistique du festival, Sadia Robein, est aussi vari\u00e9e qu\u2019exigeante.<\/p>\n<p>Et ce, de l\u2019ouverture du festival, le 4\u00a0novembre au Vox \u00e0 Strasbourg avec Marielle, la jeune fille qui en savait trop (com\u00e9die allemande sur le mensonge et la relativit\u00e9 de la sinc\u00e9rit\u00e9) \u00e0 sa cl\u00f4ture, le 21\u00a0novembre au Cin\u00e9-vall\u00e9e \u00e0 Sainte-Marie-aux-Mines avec La Nuit la plus longue (quasi documentaire film\u00e9 en 1962 \u00e0 l\u2019a\u00e9roport de Tempelhof \u00e0 Berlin-Ouest).<\/p>\n<p>Des films non distribu\u00e9s en France<\/p>\n<p>Le festival est toujours l\u2019occasion de voir les&#8230;<\/p>\n","protected":false},"excerpt":{"rendered":"Qu\u2019il s\u2019agisse d\u2019un \u00e9pisode de la s\u00e9rie allemande Tatort , d\u2019une com\u00e9die sur les suffragettes suisses dans les&hellip;\n","protected":false},"author":2,"featured_media":498393,"comment_status":"","ping_status":"","sticky":false,"template":"","format":"standard","meta":{"footnotes":""},"categories":[2820],"tags":[1111,11,2389,650,1687,2880,1777,674,107,1011,27,775,12,25,640,2879],"class_list":{"0":"post-498392","1":"post","2":"type-post","3":"status-publish","4":"format-standard","5":"has-post-thumbnail","7":"category-strasbourg","8":"tag-actu","9":"tag-actualites","10":"tag-alsace","11":"tag-cinema","12":"tag-culture-loisirs","13":"tag-edition-strasbourg","14":"tag-eu","15":"tag-europe","16":"tag-fil-info","17":"tag-fr","18":"tag-france","19":"tag-grand-est","20":"tag-news","21":"tag-republique-francaise","22":"tag-strasbourg","23":"tag-strasbourg-ville"},"share_on_mastodon":{"url":"https:\/\/pubeurope.com\/@fr\/115459235732806257","error":""},"_links":{"self":[{"href":"https:\/\/www.europesays.com\/fr\/wp-json\/wp\/v2\/posts\/498392","targetHints":{"allow":["GET"]}}],"collection":[{"href":"https:\/\/www.europesays.com\/fr\/wp-json\/wp\/v2\/posts"}],"about":[{"href":"https:\/\/www.europesays.com\/fr\/wp-json\/wp\/v2\/types\/post"}],"author":[{"embeddable":true,"href":"https:\/\/www.europesays.com\/fr\/wp-json\/wp\/v2\/users\/2"}],"replies":[{"embeddable":true,"href":"https:\/\/www.europesays.com\/fr\/wp-json\/wp\/v2\/comments?post=498392"}],"version-history":[{"count":0,"href":"https:\/\/www.europesays.com\/fr\/wp-json\/wp\/v2\/posts\/498392\/revisions"}],"wp:featuredmedia":[{"embeddable":true,"href":"https:\/\/www.europesays.com\/fr\/wp-json\/wp\/v2\/media\/498393"}],"wp:attachment":[{"href":"https:\/\/www.europesays.com\/fr\/wp-json\/wp\/v2\/media?parent=498392"}],"wp:term":[{"taxonomy":"category","embeddable":true,"href":"https:\/\/www.europesays.com\/fr\/wp-json\/wp\/v2\/categories?post=498392"},{"taxonomy":"post_tag","embeddable":true,"href":"https:\/\/www.europesays.com\/fr\/wp-json\/wp\/v2\/tags?post=498392"}],"curies":[{"name":"wp","href":"https:\/\/api.w.org\/{rel}","templated":true}]}}