{"id":498408,"date":"2025-10-29T20:10:21","date_gmt":"2025-10-29T20:10:21","guid":{"rendered":"https:\/\/www.europesays.com\/fr\/498408\/"},"modified":"2025-10-29T20:10:21","modified_gmt":"2025-10-29T20:10:21","slug":"sortir-a-toulouse-foire-de-la-colombette-concerts-visite-mortelle-nos-idees-pour-le-week-end","status":"publish","type":"post","link":"https:\/\/www.europesays.com\/fr\/498408\/","title":{"rendered":"Sortir \u00e0 Toulouse. Foire de la Colombette, concerts, visite mortelle&#8230; Nos id\u00e9es pour le week-end"},"content":{"rendered":"<p>            Par<br \/>\n        <strong><br \/>\n            <a href=\"https:\/\/actu.fr\/auteur\/gabriel-kenedi\" title=\"Consulter tous les articles de Gabriel Kenedi\" target=\"_blank\" rel=\"noopener\">Gabriel Kenedi<\/a><br \/>\n        <\/strong><\/p>\n<p>        Publi\u00e9 le<\/p>\n<p>            29 oct. 2025 \u00e0 18h46        <\/p>\n<p>Demandez le programme\u2009! De<a href=\"https:\/\/actu.fr\/occitanie\/toulouse_31555\/toulouse-cinema-d-horreur-soiree-zombies-chasse-aux-bonbons-voici-20-idees-de-sorties-pour-halloween_63307492.html\" target=\"_blank\" rel=\"noopener\"> nombreuses sorties sont li\u00e9es \u00e0 Halloween<\/a> en cette fin de seconde semaine des vacances de Toussaint, mais il y a aussi d\u2019autres belles opportunit\u00e9s de sorties \u00e0 <strong>Toulouse<\/strong> et aux alentours ce week-end. D\u00e9couvrez notre s\u00e9lection.<\/p>\n<p>#1. La foire de la Colombette<br \/>\n    <img   decoding=\"async\" loading=\"lazy\" src=\"https:\/\/www.europesays.com\/fr\/wp-content\/uploads\/2025\/10\/25537-181031091427615-0-960x640.jpg\" alt=\"De la ga\u00eet\u00e9, des couleurs et un petit brin de folie : bienvenue \u00e0 la Foire de la Colombette\" width=\"960\" height=\"640\"\/><br \/>\n    De la ga\u00eet\u00e9, des couleurs et un petit brin de folie\u2009: bienvenue \u00e0 la Foire de la Colombette (\u00a9DR)<\/p>\n<p class=\" wall-content\">La Foire de la Colombette 2025 s\u2019annonce plus festive que jamais\u2009! Cette ann\u00e9e, pour sa 81e \u00e9dition, la Foire se met aux couleurs du Mexique\u2009! Et parmi ses traditions les plus populaires, la plus intrigante, <strong>\u00ab\u2009El dia de los muertos\u2009\u00bb<\/strong>.<\/p>\n<p class=\" wall-content\">Tout au long du week-end, le quartier se transforme en un v\u00e9ritable village anim\u00e9, o\u00f9 plus de 200 artisans, cr\u00e9ateurs et commer\u00e7ants locaux font d\u00e9couvrir leurs talents et leurs produits.. Les rues se remplissent de musique et de bonne humeur avec des concerts, parades, spectacles de danse et un d\u00e9fil\u00e9 de mode mettant \u00e0 l\u2019honneur les cr\u00e9ateurs toulousains. Incontournable\u2009!<\/p>\n<p>Du 31\u00a0octobre au 2\u00a0novembre, rue de la Colombette. Entr\u00e9e libre. Infos\u2009: https:\/\/collectifmex.com\/<\/p>\n<p>#2. Ino Casablanca au Metronum<br \/>\n    <img   decoding=\"async\" loading=\"lazy\" src=\"https:\/\/www.europesays.com\/fr\/wp-content\/uploads\/2025\/10\/inocasablanca-960x640.png\" alt=\"Ino Casablanca au M\u00e9tronum.\" width=\"960\" height=\"640\"\/><br \/>\n    Ino Casablanca au M\u00e9tronum. (\u00a9Ino Casablanca)<\/p>\n<p class=\" wall-content\">Ino Casablanca est un artiste franco-marocain au parcours cosmopolite, qui fusionne <strong>rap, influences acoustiques et sonorit\u00e9s \u00e9lectroniques<\/strong> pour cr\u00e9er une musique hybride et novatrice. Sur sc\u00e8ne, il d\u00e9gage une pr\u00e9sence magn\u00e9tique, incarnant \u00e0 la fois l\u2019audace de la jeunesse et la richesse de ses multiples cultures. \u00c0 d\u00e9couvrir au Metronum\u2009!<\/p>\n<p>Votre r\u00e9gion, votre actu !<\/p>\n<p>Recevez chaque jour les infos qui comptent pour vous.<\/p>\n<p>\t<a href=\"https:\/\/actu.fr\/newsletter\" class=\"ac-btn ac-btn--corner ac-btn--medium ac-btn--blue800\" target=\"_blank\" rel=\"noopener\">S&rsquo;incrire<\/a><\/p>\n<p>Le 1er\u00a0novembre, \u00e0 20\u00a0heures. Tarifs\u2009: 23\u00a0\u00e0 25\u20ac.<\/p>\n<p>#3. La Liane au Bijou<\/p>\n<p class=\" wall-content\">Le temps d\u2019une soir\u00e9e, La Liane r\u00e9unit 5 femmes artistes (Fanny Roz, Alice B\u00e9nar, Djana Stray, Camille Lemarchand et Caroline Champy) autour d\u2019un projet commun\u2009! Leurs voix et leurs instruments s\u2019entrelacent pour offrir une cr\u00e9ation unique,<strong> entre compositions originales et influences vari\u00e9es<\/strong> (Camille, Bj\u00f6rk, Yseult).<\/p>\n<p>Vendredi 31\u00a0octobre, \u00e0 21h. Tarifs\u2009: 9 \u00e0 14\u20ac<\/p>\n<p>#4. Disney au Z\u00e9nith<\/p>\n<p class=\" wall-content\">Ce spectacle \u00e0 voir au Z\u00e9nith propose un voyage musical \u00e0 travers les univers et h\u00e9ros de Disney\u2009! De la chaleur de la savane du Roi Lion aux myst\u00e8res des for\u00eats nordiques de <strong>La Reine des Neiges<\/strong>, en passant par les terres luxuriantes de Vaiana, ce spectacle transporte petits et grands \u00e0 travers les h\u00e9ros qui ont marqu\u00e9 l\u2019histoire de Disney.<\/p>\n<p>Samedi 1er\u00a0novembre, \u00e0 20\u00a0heures. Tarifs\u2009: 39 \u00e0 78\u20ac<\/p>\n<p>#5. Festival Locombia<br \/>\n    <img   decoding=\"async\" loading=\"lazy\" src=\"https:\/\/www.europesays.com\/fr\/wp-content\/uploads\/2025\/10\/locombia-960x640.jpg\" alt=\"Rendez-vous au Taquin pour le festival Locombia\" width=\"960\" height=\"640\"\/><br \/>\n    Rendez-vous au Taquin pour le festival Locombia (\u00a9Locombia)<\/p>\n<p class=\" wall-content\">Le Festival Locombia s\u2019ouvre vendredi 31\u00a0octobre avec un concert de <strong>Juan Carlos Arrechea<\/strong>, percussionniste, compositeur, producteur et auteur-compositeur colombien, au Taquin. Sa musique, v\u00e9ritable pont entre tradition et modernit\u00e9, c\u00e9l\u00e8bre les racines afro-colombiennes tout en int\u00e9grant des influences contemporaines, notamment le jazz, qu\u2019il marie harmonieusement aux sonorit\u00e9s traditionnelles.<\/p>\n<p>Tarifs\u2009: 10 \u00e0 15\u00a0euros. Le 31\u00a0octobre \u00e0 21h, au Taquin.<\/p>\n<p>#6. Les mus\u00e9es sont gratuits<br \/>\n    <img   decoding=\"async\" loading=\"lazy\" src=\"https:\/\/www.europesays.com\/fr\/wp-content\/uploads\/2025\/10\/musees-abattoirs-toulouse-960x640.jpg\" alt=\"Les mus\u00e9es municipaux de Toulouse sont gratuits ce dimanche\" width=\"960\" height=\"640\"\/><br \/>\n    Les mus\u00e9es municipaux de Toulouse sont gratuits ce dimanche (\u00a9Gabriel Kenedi)<\/p>\n<p class=\" wall-content\">Le premier dimanche du mois, les mus\u00e9es et monuments sont gratuits pour l\u2019ensemble des visiteurs\u2009! Venez d\u00e9couvrir ou red\u00e9couvrir le patrimoine et l\u2019architecture des mus\u00e9es Toulousains au travers de leurs expositions permanentes (les expos temporaires restent payantes). Les mus\u00e9es et monuments concern\u00e9s et ouverts au public sont\u2009: le Clo\u00eetre des Jacobins, le<strong> mus\u00e9e Saint-Raymond, le mus\u00e9e des Abattoirs, le Mus\u00e9um, le Quai des Savoirs et le mus\u00e9e Paul Dupuy. La Chapelle Saint-Joseph de la Grave<\/strong> est payante dans le cadre de l\u2019exposition \u00ab\u2009Henri Georges\u2009: un moderne r\u00e9v\u00e9l\u00e9\u2009\u00bb.<\/p>\n<p>Dimanche 2\u00a0novembre. Plus d\u2019infos sur\u2009: metropole.toulouse.fr\/<\/p>\n<p>#7. Visite guid\u00e9e crimes et ch\u00e2timents<\/p>\n<p class=\" wall-content\">Vendredi 31\u00a0octobre, \u00e0 partir de 21\u00a0heures, venez d\u00e9couvrir la ville autrement avec une guide conf\u00e9renci\u00e8re, pour une soir\u00e9e plac\u00e9e sous le signe des Crimes et Ch\u00e2timents dans l\u2019histoire de Toulouse. Amateurs de petites histoires sombres, cette visite est faite pour vous\u2009! Costumes autoris\u00e9s et appr\u00e9ci\u00e9s\u2009! Cette visite n\u2019est pas adapt\u00e9e pour le jeune public.<\/p>\n<p>De 21h \u00e0 23h. Tarifs\u2009: 14\u00a0euros. Infos\u2009: toulouse-tourisme.com<\/p>\n<p>#8. Lud\u00f6 au Fil \u00e0 plomb<\/p>\n<p class=\" wall-content\">Auteur, compositeur, interpr\u00e8te, Lud\u00f6 s\u2019inspire du Jazz (Milles Davis, Th\u00e9lonious Monk), de la chanson fran\u00e7aise (Gainsbourg, Higelin) et du Jazz Rock (Magma) pour nous embarquer dans son <strong>univers de chansons d\u00e9rang\u00e9es aux couleurs tr\u00e8s personnelles<\/strong>. Un concert piano, basse, chant et looper \u00e0 ne pas manquer<\/p>\n<p>Du jeudi\u00a030 au samedi 1er\u00a0novembre, \u00e0 20h30. Tout public. Dur\u00e9e\u2009: 1h30. Tarifs\u2009: 9\u00a0\u20ac \/ 13\u00a0\u20ac +\u00a0Tickets Pleins Feux<\/p>\n<p class=\" wall-content\">Personnalisez votre actualit\u00e9 en ajoutant vos villes et m\u00e9dias en favori avec <a href=\"https:\/\/moncompte.actu.fr\" title=\"D\u00e9couvez Mon Actu\" rel=\"nofollow noopener\" data-trk=\"{&quot;cta&quot;:{&quot;action&quot;:&quot;https:\\\/\\\/moncompte.actu.fr&quot;,&quot;category&quot;:&quot;mon compte&quot;,&quot;from&quot;:&quot;article footer&quot;,&quot;name&quot;:&quot;Mon actu&quot;,&quot;type&quot;:&quot;cta&quot;}}\" target=\"_blank\">Mon Actu<\/a>.<\/p>\n","protected":false},"excerpt":{"rendered":"Par Gabriel Kenedi Publi\u00e9 le 29 oct. 2025 \u00e0 18h46 Demandez le programme\u2009! De nombreuses sorties sont li\u00e9es&hellip;\n","protected":false},"author":2,"featured_media":498409,"comment_status":"","ping_status":"","sticky":false,"template":"","format":"standard","meta":{"footnotes":""},"categories":[2816],"tags":[1111,11,1777,674,1011,27,1652,12,2680,25,1341,2312],"class_list":{"0":"post-498408","1":"post","2":"type-post","3":"status-publish","4":"format-standard","5":"has-post-thumbnail","7":"category-toulouse","8":"tag-actu","9":"tag-actualites","10":"tag-eu","11":"tag-europe","12":"tag-fr","13":"tag-france","14":"tag-loisirs-culture","15":"tag-news","16":"tag-occitanie","17":"tag-republique-francaise","18":"tag-sortir-a-toulouse","19":"tag-toulouse"},"share_on_mastodon":{"url":"https:\/\/pubeurope.com\/@fr\/115459276806686736","error":""},"_links":{"self":[{"href":"https:\/\/www.europesays.com\/fr\/wp-json\/wp\/v2\/posts\/498408","targetHints":{"allow":["GET"]}}],"collection":[{"href":"https:\/\/www.europesays.com\/fr\/wp-json\/wp\/v2\/posts"}],"about":[{"href":"https:\/\/www.europesays.com\/fr\/wp-json\/wp\/v2\/types\/post"}],"author":[{"embeddable":true,"href":"https:\/\/www.europesays.com\/fr\/wp-json\/wp\/v2\/users\/2"}],"replies":[{"embeddable":true,"href":"https:\/\/www.europesays.com\/fr\/wp-json\/wp\/v2\/comments?post=498408"}],"version-history":[{"count":0,"href":"https:\/\/www.europesays.com\/fr\/wp-json\/wp\/v2\/posts\/498408\/revisions"}],"wp:featuredmedia":[{"embeddable":true,"href":"https:\/\/www.europesays.com\/fr\/wp-json\/wp\/v2\/media\/498409"}],"wp:attachment":[{"href":"https:\/\/www.europesays.com\/fr\/wp-json\/wp\/v2\/media?parent=498408"}],"wp:term":[{"taxonomy":"category","embeddable":true,"href":"https:\/\/www.europesays.com\/fr\/wp-json\/wp\/v2\/categories?post=498408"},{"taxonomy":"post_tag","embeddable":true,"href":"https:\/\/www.europesays.com\/fr\/wp-json\/wp\/v2\/tags?post=498408"}],"curies":[{"name":"wp","href":"https:\/\/api.w.org\/{rel}","templated":true}]}}