{"id":498418,"date":"2025-10-29T20:19:16","date_gmt":"2025-10-29T20:19:16","guid":{"rendered":"https:\/\/www.europesays.com\/fr\/498418\/"},"modified":"2025-10-29T20:19:16","modified_gmt":"2025-10-29T20:19:16","slug":"direct-marseille-angers-suivez-le-match","status":"publish","type":"post","link":"https:\/\/www.europesays.com\/fr\/498418\/","title":{"rendered":"DIRECT. Marseille &#8211; Angers\u00a0: suivez le match"},"content":{"rendered":"<p><a name=\"post1761769066\"\/>21:17 &#8211; 12&prime; &#8211; Reprise manqu\u00e9e d&rsquo;Aubameyang<\/p>\n<p>Le Gabonais tente une vol\u00e9e difficile sur un centre de Murillo, le ballon passe largement \u00e0 c\u00f4t\u00e9 du cadre<\/p>\n<p><a name=\"post1761768870\"\/>21:14 &#8211; 11&prime; &#8211; Greenwood en position recul\u00e9e<\/p>\n<p>L&rsquo;attaquant marseillais descend tr\u00e8s bas pour venir chercher les ballons au milieu de terrain et apporter du soutien \u00e0 ses partenaires<\/p>\n<p><a name=\"post1761768719\"\/>21:11 &#8211; 8&prime; &#8211; Bonne entame des Angevins<\/p>\n<p>Les hommes d&rsquo;Alexandre Dujeux sont beaucoup mieux rentr\u00e9s dans cette rencontre et arrivent \u00e0 presser l&rsquo;\u00e9quipe phoc\u00e9enne dans son camp<\/p>\n<p><a name=\"post1761768645\"\/>21:10 &#8211; 5&prime; &#8211; Frappe cadr\u00e9e de Cherif<\/p>\n<p>Sedikki Cherif a pris le dessus sur Megan-Riley gr\u00e2ce \u00e0 sa vitesse, il arme une frappe un peu \u00e9cras\u00e9e, \u00e7a finit dans les mains de Rulli<\/p>\n<p><a name=\"post1761768511\"\/>21:08 &#8211; 2&prime; &#8211; Raolisoa averti<\/p>\n<p>Le milieu de terrain angevin a re\u00e7u un carton jaune pour une grosse semelle sur Mason Greenwood<\/p>\n<p><a name=\"post1761768366\"\/>21:06 &#8211; C&rsquo;est parti !<\/p>\n<p>D\u00e9but de cette rencontre entre l&rsquo;Olympique de Marseille et le SCO d&rsquo;Angers<\/p>\n<p><a name=\"post1761768305\"\/>21:05 &#8211; Entr\u00e9e des joueurs !<\/p>\n<p>Les joueurs des deux \u00e9quipes font leur apparition sur le terrain dans une tr\u00e8s belle ambiance au stade V\u00e9lodrome<\/p>\n<p><a name=\"post1761767715\"\/>20:55 &#8211; L&rsquo;OM peut reprendre la t\u00eate<\/p>\n<p>En cas de victoire de l&rsquo;OM face \u00e0 Angers ce soir, les Phoc\u00e9ens pourront reprendre la premi\u00e8re place du classement de L1, puisque le PSG a \u00e9t\u00e9 tenu en \u00e9chec \u00e0 Lorient (1-1) et que Lens est men\u00e9 \u00e0 Metz alors qu&rsquo;on joue les arr\u00eats de jeu<\/p>\n<p><a name=\"post1761767297\"\/>20:48 &#8211; Plus d&rsquo;agressivit\u00e9<\/p>\n<p>Roberto De Zerbi, le coach olympien et revenu hier durant la conf\u00e9rence de presse sur les deux derni\u00e8res d\u00e9faites de son \u00e9quipe face \u00e0 Sporting et Lens. Il avoue avoir commis quelques erreurs et demande \u00e0 son \u00e9quipe plus d&rsquo;agressivit\u00e9 \u00ab\u00a0On a l&rsquo;obligation de gagner et de faire ce qu&rsquo;on a \u00e0 faire. On est s\u00e9rieux, sereins, parce qu&rsquo;on fait les choses comme il faut. Les deux derniers matches, il a manqu\u00e9 quelque chose, dans la finition, un peu de m\u00e9chancet\u00e9 dans les duels, on a commis quelques erreurs comme la simulation d&rsquo;Emerson Palmieri, le penalty de Benjamin Pavard&#8230; Mais j&rsquo;ai un peu l&rsquo;exp\u00e9rience de Marseille, et je ne me fais pas engloutir par les pol\u00e9miques, par le bruit.<\/p>\n<p>Quand des d\u00e9faites arrivent comme \u00e7a, elles font mal, mais il faut avoir la froideur et le recul pour les \u00e9valuer. Je ris de toutes ces pol\u00e9miques, ce sont vraiment des gens qui ne veulent pas du bien \u00e0 Marseille, qui sont toujours contre l&rsquo;OM. Nous, on reste focalis\u00e9s sur le match. On n&rsquo;est pas imbattables, mais on reste tranquilles. On ne veut pas gagner les trois prochains matches, mais les six prochains. Quelques blessures dans le groupe m&#8217;emb\u00eatent, demain\u00a0(mercredi),\u00a0on aura un match difficile mais \u00e0 notre port\u00e9e.\u00a0\u00bb<\/p>\n<p><a name=\"post1761766890\"\/>20:41 &#8211; Dix ans apres ?<\/p>\n<p>La derni\u00e8re victoire d&rsquo;Angers au V\u00e9lodorme remonte au 27 septembre 2015. Les Ang\u00e9vins se sont impos\u00e9s 2-1 gr\u00e2ce aux buts de Mangani et Romain Thomas alors que Batshuayi a r\u00e9duit le score sur penalty pour l&rsquo;OM<\/p>\n<p><a name=\"post1761766447\"\/>20:34 &#8211; L&rsquo;arbitre de la rencontre<\/p>\n<p>C&rsquo;est Mr. Thomas Leonard qui arbitrera ce duel entre l&rsquo;OM et Angers ce soir<\/p>\n<p><a name=\"post1761766026\"\/>20:27 &#8211; Vermeeren titulaire !<\/p>\n<p>Le Belge Vermeeren sera titulaire ce soir dans l&rsquo;entrejeu aux c\u00f4t\u00e9s de Hojbjerg. De Zerbi a opt\u00e9 pour le trio Paixao &#8211; Greenwood &#8211; Aubameyang en attaque. Le onze entrant est comme suit : Rulli &#8211; Emerson, Aguerd, Egan-Riley, Murillo &#8211; Hojbjerg, Vermeeren, Angel Gomes &#8211; Paixao, Greenwood, Aubameyang<\/p>\n<p><a name=\"post1761765653\"\/>20:20 &#8211; Le onze ang\u00e9vin<\/p>\n<p>Hormis l&rsquo;absence de Peter pour blessure pas de grosses surprises dans le onze ang\u00e9vin. ALexandre Dujeux alignera l&rsquo;\u00e9quipe qui suit : Koffi &#8211; Arcus, Camara, Lefort, Ekomie &#8211; Belkebla, Mouton, Raolisa, Abdelli &#8211; Belkhdim, Cherif<\/p>\n<p><a name=\"post1761765440\"\/>20:17 &#8211; Sur quelle cha\u00eene TV est diffus\u00e9 Marseille &#8211; Angers ?<\/p>\n<p>C&rsquo;est la cha\u00eene <a href=\"https:\/\/www.linternaute.com\/sport\/competitions\/8420771-ligue-1-une-journee-en-semaine-programme-resultats-et-classement\/\" title=\"Championnat de France de football\" target=\"_blank\" rel=\"noopener\">Ligue 1<\/a>\u00a0qui assurera la diffusion de ce choc en exclusivit\u00e9 ce mercredi soir.<\/p>\n<p><a name=\"post1761765076\"\/>20:11 &#8211; Intraitable au V\u00e9lodrome<\/p>\n<p>L&rsquo;Olympique de Marseille a remport\u00e9 ses 4 matches \u00e0 domicile avec pas moins de 16 buts marqu\u00e9s. On pourrait ajouter la victoire contre l&rsquo;Ajax en C1 (4-0)<\/p>\n","protected":false},"excerpt":{"rendered":"21:17 &#8211; 12&prime; &#8211; Reprise manqu\u00e9e d&rsquo;Aubameyang Le Gabonais tente une vol\u00e9e difficile sur un centre de Murillo,&hellip;\n","protected":false},"author":2,"featured_media":498419,"comment_status":"","ping_status":"","sticky":false,"template":"","format":"standard","meta":{"footnotes":""},"categories":[2814],"tags":[1111,11,1438,62087,51761,1777,674,2257,51763,1011,27,66,884,12,46979,51767,882,25],"class_list":{"0":"post-498418","1":"post","2":"type-post","3":"status-publish","4":"format-standard","5":"has-post-thumbnail","7":"category-marseille","8":"tag-actu","9":"tag-actualites","10":"tag-angers","11":"tag-cms-linternaute-9104768","12":"tag-controller-content","13":"tag-eu","14":"tag-europe","15":"tag-foot","16":"tag-format-papier","17":"tag-fr","18":"tag-france","19":"tag-ligue-1","20":"tag-marseille","21":"tag-news","22":"tag-olympique-marseille","23":"tag-parallaxeinfeed","24":"tag-provence-alpes-cote-dazur","25":"tag-republique-francaise"},"share_on_mastodon":{"url":"https:\/\/pubeurope.com\/@fr\/115459310707781472","error":""},"_links":{"self":[{"href":"https:\/\/www.europesays.com\/fr\/wp-json\/wp\/v2\/posts\/498418","targetHints":{"allow":["GET"]}}],"collection":[{"href":"https:\/\/www.europesays.com\/fr\/wp-json\/wp\/v2\/posts"}],"about":[{"href":"https:\/\/www.europesays.com\/fr\/wp-json\/wp\/v2\/types\/post"}],"author":[{"embeddable":true,"href":"https:\/\/www.europesays.com\/fr\/wp-json\/wp\/v2\/users\/2"}],"replies":[{"embeddable":true,"href":"https:\/\/www.europesays.com\/fr\/wp-json\/wp\/v2\/comments?post=498418"}],"version-history":[{"count":0,"href":"https:\/\/www.europesays.com\/fr\/wp-json\/wp\/v2\/posts\/498418\/revisions"}],"wp:featuredmedia":[{"embeddable":true,"href":"https:\/\/www.europesays.com\/fr\/wp-json\/wp\/v2\/media\/498419"}],"wp:attachment":[{"href":"https:\/\/www.europesays.com\/fr\/wp-json\/wp\/v2\/media?parent=498418"}],"wp:term":[{"taxonomy":"category","embeddable":true,"href":"https:\/\/www.europesays.com\/fr\/wp-json\/wp\/v2\/categories?post=498418"},{"taxonomy":"post_tag","embeddable":true,"href":"https:\/\/www.europesays.com\/fr\/wp-json\/wp\/v2\/tags?post=498418"}],"curies":[{"name":"wp","href":"https:\/\/api.w.org\/{rel}","templated":true}]}}