{"id":498420,"date":"2025-10-29T20:20:13","date_gmt":"2025-10-29T20:20:13","guid":{"rendered":"https:\/\/www.europesays.com\/fr\/498420\/"},"modified":"2025-10-29T20:20:13","modified_gmt":"2025-10-29T20:20:13","slug":"la-prefecture-craint-des-violences-urbaines-et-prend-des-mesures","status":"publish","type":"post","link":"https:\/\/www.europesays.com\/fr\/498420\/","title":{"rendered":"la pr\u00e9fecture craint des violences urbaines et prend des mesures"},"content":{"rendered":"<p>Des hordes d\u2019enfants terrifiants, d\u00e9guis\u00e9s en fant\u00f4mes ou en sorci\u00e8res, toquant aux portes pour demander des bonbons, devraient peupler la soir\u00e9e d\u2019Halloween vendredi 31\u00a0octobre. Mais depuis quelques ann\u00e9es, lors de cette nuit traditionnellement frissonnante venue des \u00c9tats-Unis, Lyon et la M\u00e9tropole sont devenues le th\u00e9\u00e2tre de violences urbaines. La pr\u00e9fecture du Rh\u00f4ne qui redoute des d\u00e9bordements prend une s\u00e9rie de mesures.<\/p>\n<p>Seront interdits\u00a0:<\/p>\n<p> \u25b6 \u2002L\u2019achat, la vente, la d\u00e9tention, le transport et l\u2019utilisation d\u2019artifices (cat\u00e9gories F2 et F3),<\/p>\n<p> \u25b6 \u2002La vente ou la d\u00e9tention de carburant (en r\u00e9cipient portable)<\/p>\n<p class=\"note\">Du vendredi 31\u00a0octobre \u00e0 12 heures au dimanche 2\u00a0novembre \u00e0 6 heures.<\/p>\n<p> \u25b6 \u2002La consommation en r\u00e9union d\u2019alcool sur la voie publique<\/p>\n<p> \u25b6 \u2002La vente d\u2019alcool \u00e0 emporter<\/p>\n<p class=\"note\">Du vendredi 31\u00a0octobre \u00e0 20 heures jusqu\u2019au dimanche 1er\u00a0novembre \u00e0 6 heures, puis du dimanche 1er\u00a0novembre 20 heures au dimanche 2\u00a0novembre, 6 heures.<\/p>\n<p>  Des d\u00e9bordements les ann\u00e9es pr\u00e9c\u00e9dentes<\/p>\n<p><a href=\"https:\/\/www.leprogres.fr\/faits-divers-justice\/2024\/11\/04\/debordements-d-halloween-a-rillieux-prison-ferme-pour-rebellion-et-outrage\" target=\"_blank\" rel=\"noopener\">En 2024<\/a>, la soir\u00e9e d\u2019Halloween avait donn\u00e9 lieu \u00e0 de nombreuses d\u00e9gradations \u00e0 Rillieux-la-Pape, Givors et Saint-Fons. Douze individus dont des mineurs avaient \u00e9t\u00e9 interpell\u00e9s. Le point d\u2019orgue des d\u00e9bordements avait frapp\u00e9 le quartier de la Velette \u00e0 Rillieux o\u00f9 une heure apr\u00e8s un barbecue sauvage, deux bus TCL avaient \u00e9t\u00e9 incendi\u00e9s et un fonctionnaire de police avait \u00e9t\u00e9 bless\u00e9.<\/p>\n<p><a href=\"https:\/\/www.leprogres.fr\/faits-divers-justice\/2023\/11\/01\/on-se-serait-cru-en-guerre-violents-affrontements-en-marge-d-halloween-a-givors\" target=\"_blank\" rel=\"noopener\">En 2023<\/a>, Des dizaines d\u2019individus s\u2019en sont pris aux forces de l\u2019ordre \u00e0 coups de jets de pierres et autres projectiles aux Vernes \u00e0 Givors durant plusieurs heures. En r\u00e9ponse, les fonctionnaires ont lanc\u00e9 des grenades lacrymog\u00e8nes.<\/p>\n<p><a href=\"https:\/\/www.leprogres.fr\/faits-divers-justice\/2021\/11\/01\/debordements-au-cours-de-la-soiree-d-halloween-c-etait-a-prevoir\" target=\"_blank\" rel=\"noopener\">En 2021<\/a>, la soir\u00e9e d\u2019Halloween avait \u00e9t\u00e9 \u00e9maill\u00e9e de violences urbaines. Une vingtaine de v\u00e9hicules avaient \u00e9t\u00e9 incendi\u00e9s \u00e0 Givors, Rillieux-la-Pape et Villefranche-sur-Sa\u00f4ne. Un homme avait \u00e9galement tent\u00e9 de mettre feu \u00e0 un bus des TCL, au Mas du Taureau, \u00e0 Vaulx-en-Velin.<\/p>\n<p>Le 31\u00a0octobre 2020, 31 interventions avaient \u00e9t\u00e9 recens\u00e9es du c\u00f4t\u00e9 des sapeurs-pompiers pour des feux de voitures ou de poubelles. Trois personnes avaient \u00e9t\u00e9 interpell\u00e9es.<\/p>\n<p>En 2019, les forces de l\u2019ordre avaient proc\u00e9d\u00e9 \u00e0 huit interpellations.<\/p>\n<p>Lors d\u2019Halloween, <a href=\"https:\/\/www.leprogres.fr\/rhone-69-edition-lyon-metropole\/2018\/10\/31\/heurts-entre-la-police-et-des-groupes-hostiles-dans-le-centre-de-lyon\" target=\"_blank\" rel=\"noopener\">en 2018<\/a>, les pompiers avaient \u00e9t\u00e9 sollicit\u00e9s \u00e0 46 reprises pour des feux de voitures ou de poubelles. Des heurts avaient aussi \u00e9clat\u00e9 dans le centre-ville de Lyon.<\/p>\n<p>Douze personnes avaient \u00e9t\u00e9 interpell\u00e9es.<\/p>\n","protected":false},"excerpt":{"rendered":"Des hordes d\u2019enfants terrifiants, d\u00e9guis\u00e9s en fant\u00f4mes ou en sorci\u00e8res, toquant aux portes pour demander des bonbons, devraient&hellip;\n","protected":false},"author":2,"featured_media":498421,"comment_status":"","ping_status":"","sticky":false,"template":"","format":"standard","meta":{"footnotes":""},"categories":[1889],"tags":[1111,11,2430,3152,2757,3153,3154,3155,3156,1777,674,274,107,1011,27,1310,2428,2756,12,25,2429],"class_list":{"0":"post-498420","1":"post","2":"type-post","3":"status-publish","4":"format-standard","5":"has-post-thumbnail","7":"category-lyon","8":"tag-actu","9":"tag-actualites","10":"tag-auvergne-rhone-alpes","11":"tag-edition-est-lyonnais","12":"tag-edition-lyon-villeurbanne","13":"tag-edition-ouest-lyonnais","14":"tag-edition-sud-lyonnais","15":"tag-edition-tarare","16":"tag-edition-villefranche","17":"tag-eu","18":"tag-europe","19":"tag-faits-divers-justice","20":"tag-fil-info","21":"tag-fr","22":"tag-france","23":"tag-incendie","24":"tag-lyon","25":"tag-lyon-bassin","26":"tag-news","27":"tag-republique-francaise","28":"tag-rhone"},"share_on_mastodon":{"url":"https:\/\/pubeurope.com\/@fr\/115459314464506788","error":""},"_links":{"self":[{"href":"https:\/\/www.europesays.com\/fr\/wp-json\/wp\/v2\/posts\/498420","targetHints":{"allow":["GET"]}}],"collection":[{"href":"https:\/\/www.europesays.com\/fr\/wp-json\/wp\/v2\/posts"}],"about":[{"href":"https:\/\/www.europesays.com\/fr\/wp-json\/wp\/v2\/types\/post"}],"author":[{"embeddable":true,"href":"https:\/\/www.europesays.com\/fr\/wp-json\/wp\/v2\/users\/2"}],"replies":[{"embeddable":true,"href":"https:\/\/www.europesays.com\/fr\/wp-json\/wp\/v2\/comments?post=498420"}],"version-history":[{"count":0,"href":"https:\/\/www.europesays.com\/fr\/wp-json\/wp\/v2\/posts\/498420\/revisions"}],"wp:featuredmedia":[{"embeddable":true,"href":"https:\/\/www.europesays.com\/fr\/wp-json\/wp\/v2\/media\/498421"}],"wp:attachment":[{"href":"https:\/\/www.europesays.com\/fr\/wp-json\/wp\/v2\/media?parent=498420"}],"wp:term":[{"taxonomy":"category","embeddable":true,"href":"https:\/\/www.europesays.com\/fr\/wp-json\/wp\/v2\/categories?post=498420"},{"taxonomy":"post_tag","embeddable":true,"href":"https:\/\/www.europesays.com\/fr\/wp-json\/wp\/v2\/tags?post=498420"}],"curies":[{"name":"wp","href":"https:\/\/api.w.org\/{rel}","templated":true}]}}