{"id":498428,"date":"2025-10-29T20:25:13","date_gmt":"2025-10-29T20:25:13","guid":{"rendered":"https:\/\/www.europesays.com\/fr\/498428\/"},"modified":"2025-10-29T20:25:13","modified_gmt":"2025-10-29T20:25:13","slug":"emmanuel-macron-pointe-une-crise-multiple-de-linformation","status":"publish","type":"post","link":"https:\/\/www.europesays.com\/fr\/498428\/","title":{"rendered":"Emmanuel Macron pointe \u201cune crise multiple\u201d de l\u2019information"},"content":{"rendered":"<p>AA\/Nice\/Fe\u00efza Ben Mohamed<\/p>\n<p>Le Pr\u00e9sident fran\u00e7ais Emmanuel Macron a alert\u00e9 mercredi sur \u201cune crise multiple\u201d affectant \u00e0 la fois les m\u00e9dias, la d\u00e9mocratie et l\u2019espace informationnel, lors d\u2019une intervention au Forum de Paris sur la Paix et consacr\u00e9e \u00e0 l\u2019int\u00e9grit\u00e9 de l\u2019information et aux m\u00e9dias ind\u00e9pendants.<\/p>\n<p>\u201cOn vit une crise multiple\u201d, a d\u00e9clar\u00e9 le pr\u00e9sident fran\u00e7ais, soulignant qu\u2019\u201cil y a encore un \u00e9norme travail pour avoir des m\u00e9dias d\u2019int\u00e9r\u00eat public et des m\u00e9dias ind\u00e9pendants dans beaucoup de pays\u201d. Il a qualifi\u00e9 ce chantier de \u201ccombat pour que la d\u00e9mocratie puisse exister\u201d.<\/p>\n<p>Le chef de l\u2019\u00c9tat a \u00e9galement \u00e9voqu\u00e9 \u201cun processus de d\u00e9g\u00e9n\u00e9rescence\u201d dans les syst\u00e8mes m\u00e9diatiques o\u00f9 l\u2019ind\u00e9pendance existait auparavant, aggrav\u00e9 selon lui par \u201cun processus d\u2019ing\u00e9rences qui vient de pays tiers\u201d. \u201cOn a tous \u00e9t\u00e9 trop na\u00effs\u201d, a-t-il reconnu, estimant que \u201cnos infrastructures informationnelles et donc politiques se sont d\u00e9plac\u00e9es\u201d.<\/p>\n<p>Le pr\u00e9sident a mis en garde contre l\u2019influence des r\u00e9seaux sociaux sur les pratiques d\u2019information : \u201cQuand on a des enfants qui sont expos\u00e9s quatre heures quarante par jour aux r\u00e9seaux sociaux, quand les moins de quarante ans s\u2019informent tr\u00e8s majoritairement sur ces plateformes (\u2026) et quand l\u2019IA g\u00e9n\u00e9rative arrive dans nos d\u00e9mocraties, on ne peut pas faire comme si cela n\u2019avait pas chang\u00e9.\u201d<\/p>\n<p>S\u2019en prenant au r\u00e9seau X (ex-Twitter), Emmanuel Macron a lanc\u00e9 : \u201cJe vous d\u00e9fie, ouvrez X en France : si vous ne tombez pas imm\u00e9diatement sur un contenu d\u2019extr\u00eame droite, c\u2019est que vous \u00eates mal organis\u00e9.\u201d Selon lui, les plateformes de r\u00e9seaux sociaux \u201cne sont plus des lieux o\u00f9 l\u2019on peut s\u2019informer\u201d.<\/p>\n<p>Face \u00e0 cette situation, il a appel\u00e9 \u00e0 \u201creb\u00e2tir des anticorps d\u00e9mocratiques\u201d et \u00e0 \u201creprendre le contr\u00f4le de notre vie d\u00e9mocratique et informationnelle en r\u00e9gulant\u201d car \u201cil ne peut pas y avoir d\u2019anonymat pour tout le monde et pas de responsabilit\u00e9s. (\u2026) Les bots, les faux comptes doivent \u00eatre interdits. (\u2026) On doit absolument avoir la transparence sur les algorithmes.\u201d<\/p>\n<p>Emmanuel Macron a conclu en estimant que la d\u00e9fense de m\u00e9dias libres et ind\u00e9pendants \u00e9tait \u201cune condition essentielle de la vitalit\u00e9 d\u00e9mocratique\u201d.<\/p>\n<p>Le chef de l\u2019Etat s\u2019exprimait dans le cadre du Forum de Paris sur la Paix, lanc\u00e9 en 2018 \u00e0 l\u2019initiative d\u2019Emmanuel Macron. La 8\u00e8me \u00e9dition qui se tient les 29 et 30 octobre, marque \u00e9galement les 10 ans de l\u2019accord de Paris sur le climat.<\/p>\n<p>                            &#13;<br \/>\n                                <a href=\"https:\/\/www.aa.com.tr\/fr\/p\/abonnement\/1001\" target=\"_blank\" style=\"font-size:12px; color:#444; text-decoration:none;\" rel=\"nofollow noopener\">&#13;<br \/>\n                                    Seulement une partie des d\u00e9p\u00eaches, que l&rsquo;Agence Anadolu diffuse \u00e0 ses abonn\u00e9s via le Syst\u00e8me de Diffusion interne (HAS), est diffus\u00e9e sur le site de l&rsquo;AA, de mani\u00e8re r\u00e9sum\u00e9e. <b style=\"color:#1897F7\">Contactez-nous s&rsquo;il vous pla\u00eet pour vous abonner.<\/b>&#13;<br \/>\n                                <\/a>&#13;<\/p>\n","protected":false},"excerpt":{"rendered":"AA\/Nice\/Fe\u00efza Ben Mohamed Le Pr\u00e9sident fran\u00e7ais Emmanuel Macron a alert\u00e9 mercredi sur \u201cune crise multiple\u201d affectant \u00e0 la&hellip;\n","protected":false},"author":2,"featured_media":498429,"comment_status":"","ping_status":"","sticky":false,"template":"","format":"standard","meta":{"footnotes":""},"categories":[1888],"tags":[1111,1928,11,1927,1785,1777,674,62088,1011,27,12,1926,626,1925,25],"class_list":{"0":"post-498428","1":"post","2":"type-post","3":"status-publish","4":"format-standard","5":"has-post-thumbnail","7":"category-paris","8":"tag-actu","9":"tag-actu-paris","10":"tag-actualites","11":"tag-actualites-paris","12":"tag-anadolu-ajansi","13":"tag-eu","14":"tag-europe","15":"tag-forum-de-paris-sur-la-paix","16":"tag-fr","17":"tag-france","18":"tag-news","19":"tag-news-paris","20":"tag-paris","21":"tag-paris-news","22":"tag-republique-francaise"},"share_on_mastodon":{"url":"https:\/\/pubeurope.com\/@fr\/115459334094889374","error":""},"_links":{"self":[{"href":"https:\/\/www.europesays.com\/fr\/wp-json\/wp\/v2\/posts\/498428","targetHints":{"allow":["GET"]}}],"collection":[{"href":"https:\/\/www.europesays.com\/fr\/wp-json\/wp\/v2\/posts"}],"about":[{"href":"https:\/\/www.europesays.com\/fr\/wp-json\/wp\/v2\/types\/post"}],"author":[{"embeddable":true,"href":"https:\/\/www.europesays.com\/fr\/wp-json\/wp\/v2\/users\/2"}],"replies":[{"embeddable":true,"href":"https:\/\/www.europesays.com\/fr\/wp-json\/wp\/v2\/comments?post=498428"}],"version-history":[{"count":0,"href":"https:\/\/www.europesays.com\/fr\/wp-json\/wp\/v2\/posts\/498428\/revisions"}],"wp:featuredmedia":[{"embeddable":true,"href":"https:\/\/www.europesays.com\/fr\/wp-json\/wp\/v2\/media\/498429"}],"wp:attachment":[{"href":"https:\/\/www.europesays.com\/fr\/wp-json\/wp\/v2\/media?parent=498428"}],"wp:term":[{"taxonomy":"category","embeddable":true,"href":"https:\/\/www.europesays.com\/fr\/wp-json\/wp\/v2\/categories?post=498428"},{"taxonomy":"post_tag","embeddable":true,"href":"https:\/\/www.europesays.com\/fr\/wp-json\/wp\/v2\/tags?post=498428"}],"curies":[{"name":"wp","href":"https:\/\/api.w.org\/{rel}","templated":true}]}}