{"id":498433,"date":"2025-10-29T20:28:15","date_gmt":"2025-10-29T20:28:15","guid":{"rendered":"https:\/\/www.europesays.com\/fr\/498433\/"},"modified":"2025-10-29T20:28:15","modified_gmt":"2025-10-29T20:28:15","slug":"la-russie-soupconne-la-france-de-preparer-lenvoi-de-troupes-en-ukraine","status":"publish","type":"post","link":"https:\/\/www.europesays.com\/fr\/498433\/","title":{"rendered":"la Russie soup\u00e7onne la France de pr\u00e9parer l\u2019envoi de troupes en Ukraine"},"content":{"rendered":"<p class=\"article-p mdl\">La France serait-elle sur le point d&rsquo;envoyer des soldats combattre en Ukraine ? C&rsquo;est un sujet qui revient r\u00e9guli\u00e8rement au centre des discussions depuis l&rsquo;invasion de la Russie, en f\u00e9vrier 2022. D\u00e9but 2024, Emmanuel Macron estimait que\u00a0l&rsquo;envoi de troupes europ\u00e9ennes en Ukraine\u00a0<a class=\"link\" href=\"https:\/\/www.rtl.fr\/actu\/international\/guerre-en-ukraine-la-france-va-t-elle-vraiment-envoyer-des-troupes-au-sol-7900357613\" target=\"_blank\" rel=\"noopener\">n&rsquo;\u00e9tait pas \u00ab\u00a0exclu\u00a0\u00bb<\/a>.<\/p>\n<p class=\"article-p mdl\">L&rsquo;\u00c9lys\u00e9e avait ensuite rectifi\u00e9 ces dires, assurant que le pr\u00e9sident de la R\u00e9publique voulait surtout envoyer un message \u00e0 Vladimir Poutine afin de lui signifier que \u00ab\u00a0dans\u00a0l&rsquo;absolu, il n&rsquo;exclut rien\u00a0\u00bb. Mais la presse russe, s&rsquo;appuyant sur des informations du\u00a0service de renseignement ext\u00e9rieur,\u00a0affirme, de nouveau, qu&rsquo;une telle op\u00e9ration serait dans les tuyaux.\u00a0<\/p>\n<p class=\"article-p mdl\">Selon<a class=\"link\" href=\"https:\/\/lenta.ru\/news\/2025\/10\/28\/frantsuzy\/\" target=\"_blank\" rel=\"noopener\">\u00a0Lenta<\/a>, relay\u00e9 par\u00a0<a class=\"link\" href=\"https:\/\/www.courrierinternational.com\/article\/vu-de-russie-selon-moscou-macron-reve-de-lauriers-napoleoniens-et-veut-envoyer-des-troupes-en-ukraine_236837\" target=\"_blank\" rel=\"noopener\">Courrier International<\/a>, la\u00a0\u00ab\u00a0France se pr\u00e9parait \u00e0 d\u00e9ployer en Ukraine un contingent pouvant atteindre deux mille soldats et officiers\u00a0\u00bb. \u00ab\u00a0\u00c0 l\u2019heure actuelle, selon le renseignement,\u00a0des unit\u00e9s fran\u00e7aises se trouveraient d\u00e9j\u00e0 dans les r\u00e9gions de Pologne limitrophes de l\u2019Ukraine. Elles y suivraient l\u2019entra\u00eenement n\u00e9cessaire et recevraient armes et mat\u00e9riel\u00a0\u00bb, \u00e9crit \u00e9galement le m\u00e9dia russe.<\/p>\n<p>            Un transfert en Ukraine imminent, selon Moscou<\/p>\n<p class=\"article-p mdl\">Un point de vue partag\u00e9 par l&rsquo;agence russe\u00a0<a class=\"link\" href=\"https:\/\/tass.ru\/mezhdunarodnaya-panorama\/25483481\" target=\"_blank\" rel=\"noopener\">Tass<\/a>, qui estime que \u00ab\u00a0le\u00a0pr\u00e9sident fran\u00e7ais cherche une derni\u00e8re occasion d&rsquo;entrer dans l&rsquo;histoire comme un Napol\u00e9on moderne, malgr\u00e9 sa popularit\u00e9 en baisse dans son pays\u00a0\u00bb. Il cherche \u00ab\u00a0d\u00e9sormais \u00e0 entrer dans l\u2019histoire par la guerre\u00a0\u00bb, \u00e9crit le m\u00e9dia.<\/p>\n<p class=\"article-p mdl\">Pour \u00e9tayer ses propos, l&rsquo;agence de presse russe met en avant la cote de popularit\u00e9 d&rsquo;Emmanuel Macron qui ne cesse de diminuer en France. Selon\u00a0le barom\u00e8tre mensuel de l&rsquo;Ifop, le chef d&rsquo;\u00c9tat est\u00a0tomb\u00e9 \u00e0 16 % d&rsquo;avis positifs, son plus bas niveau depuis son entr\u00e9e \u00e0 l&rsquo;\u00c9lys\u00e9e en 2017.\u00a0<\/p>\n<p class=\"article-p mdl\">Le parall\u00e8le avec Napol\u00e9on est \u00e9galement fait par\u00a0<a class=\"link\" href=\"https:\/\/www.gazeta.ru\/politics\/news\/2025\/10\/28\/27048788.shtml?updated\" target=\"_blank\" rel=\"noopener\">Gazeta<\/a>, qui ironise. \u00ab\u00a0Le dirigeant fran\u00e7ais a honteusement mal \u00e9tudi\u00e9 l\u2019histoire\u00a0et a oubli\u00e9 comment\u00a0s\u2019est termin\u00e9e la campagne napol\u00e9onienne en Russie\u00a0\u00bb, est-il \u00e9crit.<\/p>\n<p class=\"article-p mdl\">Selon le\u00a0service de renseignement ext\u00e9rieur, cit\u00e9 par les m\u00e9dias russes, le transfert des militaires fran\u00e7ais pr\u00e9sents en Pologne vers les r\u00e9gions centrales de l&rsquo;Ukraine serait pr\u00e9vu pour les prochains jours.<\/p>\n<p>            Paris refuse de commenter ces all\u00e9gations<\/p>\n<p class=\"article-p mdl\"><a class=\"link\" href=\"https:\/\/www.lefigaro.fr\/international\/les-russes-accusent-la-france-de-preparer-l-envoi-de-troupes-en-ukraine-20251029\" target=\"_blank\" rel=\"noopener\">Le Figaro<\/a>\u00a0indique que l&rsquo;\u00e9tat-major des arm\u00e9es s&rsquo;est abstenu de tout commentaire sur ces d\u00e9clarations venues de Moscou qui auraient \u00e9t\u00e9 qualifi\u00e9es en interne d&rsquo;op\u00e9ration de \u00ab\u00a0d\u00e9sinformation\u00a0\u00bb. La France, du fait de son implication dans le conflit en Ukraine,\u00a0<a class=\"link\" href=\"https:\/\/www.rtl.fr\/actu\/politique\/russie-terrorisme-desinformation-que-retenir-de-la-prise-de-parole-du-chef-d-etat-major-7900523196\" target=\"_blank\" rel=\"noopener\">est devenue une des cibles privil\u00e9gi\u00e9es de la propagande russe<\/a>, qui s&#8217;emploie \u00e0 d\u00e9tourner des propos ou des informations pour servir sa communication.<\/p>\n<p>Le Figaro rappelle \u00e0 ce sujet que le 22 octobre,\u00a0<a class=\"link\" href=\"https:\/\/www.rtl.fr\/actu\/debats-societe\/la-france-doit-elle-se-preparer-a-une-guerre-le-chef-d-etat-major-de-l-armee-de-terre-evoque-sur-rtl-des-menaces-plus-urgentes-plus-radicales-7900556196\" target=\"_blank\" rel=\"noopener\">sur RTL<\/a>, le\u00a0g\u00e9n\u00e9ral Pierre Schill avait appel\u00e9 la France \u00e0 se pr\u00e9parer face aux \u00ab\u00a0menaces (qui) s&rsquo;accroissent, deviennent plus urgentes, plus radicales\u00a0\u00bb.\u00a0<a class=\"link\" href=\"https:\/\/www.rtl.fr\/actu\/international\/et-si-l-otan-abattait-un-avion-russe-violant-son-espace-aerien-a-serait-la-guerre-previent-l-ambassadeur-de-russie-en-france-sur-rtl-7900545224\" title=\"Et si l&#039;Otan abattait un avion russe violant son espace a\u00e9rien ? &quot;\u00c7a serait la guerre&quot;, pr\u00e9vient l&#039;ambassadeur de Russie en France sur RTL\" target=\"_blank\" rel=\"noopener\">\u00ab\u00a0La menace russe en Europe\u00a0\u00bb<\/a>, c&rsquo;est \u00ab\u00a0la plus grande\u00a0\u00bb, avait soulign\u00e9 le g\u00e9n\u00e9ral, qui publie\u00a0Le sens du commandement, aux \u00e9ditions du Cerf. Mais \u00ab\u00a0la menace, c&rsquo;est la menace de conflit d&rsquo;une mani\u00e8re g\u00e9n\u00e9rale\u00a0\u00bb, avait-il insist\u00e9, assurant que \u00ab\u00a0d\u00e8s ce soir, l&rsquo;arm\u00e9e de terre fran\u00e7aise est pr\u00eate \u00e0 monter au rempart de notre pays et de notre continent\u00a0\u00bb.<\/p>\n<p>    La r\u00e9daction vous recommande<\/p>\n<p class=\"s-newsletter__title\">\n                L\u2019actualit\u00e9 par la r\u00e9daction de RTL dans votre bo\u00eete mail.\n            <\/p>\n<p class=\"s-newsletter__subtitle\">\n                Gr\u00e2ce \u00e0 votre compte RTL abonnez-vous \u00e0 la newsletter RTL info pour suivre toute l&rsquo;actualit\u00e9 au quotidien\n            <\/p>\n<p>\n                                    Lire la suite\n                                <\/p>\n","protected":false},"excerpt":{"rendered":"La France serait-elle sur le point d&rsquo;envoyer des soldats combattre en Ukraine ? C&rsquo;est un sujet qui revient&hellip;\n","protected":false},"author":2,"featured_media":498434,"comment_status":"","ping_status":"","sticky":false,"template":"","format":"standard","meta":{"footnotes":""},"categories":[1591],"tags":[11,1813,1073,1887,107,27,131,14,12,1885,1886,132,220,135],"class_list":{"0":"post-498433","1":"post","2":"type-post","3":"status-publish","4":"format-standard","5":"has-post-thumbnail","7":"category-russie","8":"tag-actualites","9":"tag-armee","10":"tag-emmanuel-macron","11":"tag-federation-de-russie","12":"tag-fil-info","13":"tag-france","14":"tag-guerre-en-ukraine","15":"tag-international","16":"tag-news","17":"tag-russia","18":"tag-russian-federation","19":"tag-russie","20":"tag-ukraine","21":"tag-vladimir-poutine"},"share_on_mastodon":{"url":"https:\/\/pubeurope.com\/@fr\/115459346037190121","error":""},"_links":{"self":[{"href":"https:\/\/www.europesays.com\/fr\/wp-json\/wp\/v2\/posts\/498433","targetHints":{"allow":["GET"]}}],"collection":[{"href":"https:\/\/www.europesays.com\/fr\/wp-json\/wp\/v2\/posts"}],"about":[{"href":"https:\/\/www.europesays.com\/fr\/wp-json\/wp\/v2\/types\/post"}],"author":[{"embeddable":true,"href":"https:\/\/www.europesays.com\/fr\/wp-json\/wp\/v2\/users\/2"}],"replies":[{"embeddable":true,"href":"https:\/\/www.europesays.com\/fr\/wp-json\/wp\/v2\/comments?post=498433"}],"version-history":[{"count":0,"href":"https:\/\/www.europesays.com\/fr\/wp-json\/wp\/v2\/posts\/498433\/revisions"}],"wp:featuredmedia":[{"embeddable":true,"href":"https:\/\/www.europesays.com\/fr\/wp-json\/wp\/v2\/media\/498434"}],"wp:attachment":[{"href":"https:\/\/www.europesays.com\/fr\/wp-json\/wp\/v2\/media?parent=498433"}],"wp:term":[{"taxonomy":"category","embeddable":true,"href":"https:\/\/www.europesays.com\/fr\/wp-json\/wp\/v2\/categories?post=498433"},{"taxonomy":"post_tag","embeddable":true,"href":"https:\/\/www.europesays.com\/fr\/wp-json\/wp\/v2\/tags?post=498433"}],"curies":[{"name":"wp","href":"https:\/\/api.w.org\/{rel}","templated":true}]}}