{"id":498437,"date":"2025-10-29T20:30:24","date_gmt":"2025-10-29T20:30:24","guid":{"rendered":"https:\/\/www.europesays.com\/fr\/498437\/"},"modified":"2025-10-29T20:30:24","modified_gmt":"2025-10-29T20:30:24","slug":"washington-salue-le-102e-anniversaire-de-la-republique-turque","status":"publish","type":"post","link":"https:\/\/www.europesays.com\/fr\/498437\/","title":{"rendered":"Washington salue le 102e anniversaire de la R\u00e9publique turque"},"content":{"rendered":"<p>AA \/ Washington \/ Rabia Iclal Turan<\/p>\n<p>Le secr\u00e9taire d\u2019\u00c9tat am\u00e9ricain Marco Rubio a adress\u00e9 mercredi ses f\u00e9licitations au peuple turc \u00e0 l\u2019occasion du 102e anniversaire de la fondation de la R\u00e9publique, en soulignant la solidit\u00e9 des liens entre Washington et Ankara, deux alli\u00e9s de l\u2019OTAN.<\/p>\n<p>\u00ab La relation \u00c9tats-Unis\u2013T\u00fcrkiye est cruciale pour la paix, la s\u00e9curit\u00e9 et la prosp\u00e9rit\u00e9 mondiales \u00bb, a-t-il d\u00e9clar\u00e9 dans un communiqu\u00e9, qualifiant la T\u00fcrkiye d\u2019\u00ab alli\u00e9 pr\u00e9cieux \u00bb. <\/p>\n<p>La T\u00fcrkiye est \u00e9galement \u00ab un partenaire cl\u00e9 avec lequel nous partageons de nombreux int\u00e9r\u00eats \u2014 de la stabilit\u00e9 r\u00e9gionale et la lutte contre le terrorisme \u00e0 l\u2019expansion des \u00e9changes commerciaux et \u00e0 la coop\u00e9ration \u00e9nerg\u00e9tique \u00bb, a-t-il \u00e9crit.<\/p>\n<p>Cette coop\u00e9ration \u00ab contribue \u00e0 rendre les Am\u00e9ricains, les Turcs et la communaut\u00e9 internationale plus s\u00fbrs et plus prosp\u00e8res \u00bb, a-t-il ajout\u00e9, en disant souhaiter un renforcement du \u00ab partenariat et de l\u2019alliance \u00bb.<\/p>\n<p>Au Congr\u00e8s, le r\u00e9publicain Joe Wilson \u2014 copr\u00e9sident du caucus sur les relations \u00c9tats-Unis\u2013T\u00fcrkiye \u2014 et le d\u00e9mocrate Steve Cohen ont eux aussi salu\u00e9 la F\u00eate de la R\u00e9publique. <\/p>\n<p>Dans un message publi\u00e9 sur la plateforme X, bas\u00e9e aux \u00c9tats-Unis, Wilson a d\u00e9crit la T\u00fcrkiye comme \u00ab un pont entre continents, cultures et alliances \u00bb et qualifi\u00e9 Mustafa Kemal Atat\u00fcrk de \u00ab grand dirigeant du XXe si\u00e8cle \u00bb. <\/p>\n<p>Il a salu\u00e9 la contribution d\u2019Ankara \u00ab au plan de paix pour Gaza et aux avanc\u00e9es en Syrie \u00bb, jugeant la coop\u00e9ration entre les deux alli\u00e9s \u00ab essentielle face aux d\u00e9fis mondiaux \u00bb. Il a aussi mis en avant l\u2019apport de la communaut\u00e9 turco-am\u00e9ricaine aux \u00c9tats-Unis.<\/p>\n<p>La R\u00e9publique turque a \u00e9t\u00e9 proclam\u00e9e le 29 octobre 1923 par Mustafa Kemal Atat\u00fcrk. Le pays c\u00e9l\u00e8bre chaque ann\u00e9e cette date comme F\u00eate de la R\u00e9publique.<\/p>\n<p>* traduit de l&rsquo;anglais par Ayse Betul Akcesme<\/p>\n<p>                            &#13;<br \/>\n                                <a href=\"https:\/\/www.aa.com.tr\/fr\/p\/abonnement\/1001\" target=\"_blank\" style=\"font-size:12px; color:#444; text-decoration:none;\" rel=\"noopener\">&#13;<br \/>\n                                    Seulement une partie des d\u00e9p\u00eaches, que l&rsquo;Agence Anadolu diffuse \u00e0 ses abonn\u00e9s via le Syst\u00e8me de Diffusion interne (HAS), est diffus\u00e9e sur le site de l&rsquo;AA, de mani\u00e8re r\u00e9sum\u00e9e. <b style=\"color:#1897F7\">Contactez-nous s&rsquo;il vous pla\u00eet pour vous abonner.<\/b>&#13;<br \/>\n                                <\/a>&#13;<\/p>\n","protected":false},"excerpt":{"rendered":"AA \/ Washington \/ Rabia Iclal Turan Le secr\u00e9taire d\u2019\u00c9tat am\u00e9ricain Marco Rubio a adress\u00e9 mercredi ses f\u00e9licitations&hellip;\n","protected":false},"author":2,"featured_media":498438,"comment_status":"","ping_status":"","sticky":false,"template":"","format":"standard","meta":{"footnotes":""},"categories":[1589],"tags":[4295,62090,11,1785,73,1866,12,1906,1864,1865,1863,308],"class_list":{"0":"post-498437","1":"post","2":"type-post","3":"status-publish","4":"format-standard","5":"has-post-thumbnail","7":"category-etats-unis","8":"tag-tats-unis","9":"tag-102-anniversaire-de-la-rpublique-de-trkiye","10":"tag-actualites","11":"tag-anadolu-ajansi","12":"tag-etats-unis","13":"tag-etats-unis-damerique","14":"tag-news","15":"tag-trkiye","16":"tag-united-states","17":"tag-united-states-of-america","18":"tag-us","19":"tag-usa"},"share_on_mastodon":{"url":"https:\/\/pubeurope.com\/@fr\/115459353792054114","error":""},"_links":{"self":[{"href":"https:\/\/www.europesays.com\/fr\/wp-json\/wp\/v2\/posts\/498437","targetHints":{"allow":["GET"]}}],"collection":[{"href":"https:\/\/www.europesays.com\/fr\/wp-json\/wp\/v2\/posts"}],"about":[{"href":"https:\/\/www.europesays.com\/fr\/wp-json\/wp\/v2\/types\/post"}],"author":[{"embeddable":true,"href":"https:\/\/www.europesays.com\/fr\/wp-json\/wp\/v2\/users\/2"}],"replies":[{"embeddable":true,"href":"https:\/\/www.europesays.com\/fr\/wp-json\/wp\/v2\/comments?post=498437"}],"version-history":[{"count":0,"href":"https:\/\/www.europesays.com\/fr\/wp-json\/wp\/v2\/posts\/498437\/revisions"}],"wp:featuredmedia":[{"embeddable":true,"href":"https:\/\/www.europesays.com\/fr\/wp-json\/wp\/v2\/media\/498438"}],"wp:attachment":[{"href":"https:\/\/www.europesays.com\/fr\/wp-json\/wp\/v2\/media?parent=498437"}],"wp:term":[{"taxonomy":"category","embeddable":true,"href":"https:\/\/www.europesays.com\/fr\/wp-json\/wp\/v2\/categories?post=498437"},{"taxonomy":"post_tag","embeddable":true,"href":"https:\/\/www.europesays.com\/fr\/wp-json\/wp\/v2\/tags?post=498437"}],"curies":[{"name":"wp","href":"https:\/\/api.w.org\/{rel}","templated":true}]}}