{"id":498439,"date":"2025-10-29T20:31:21","date_gmt":"2025-10-29T20:31:21","guid":{"rendered":"https:\/\/www.europesays.com\/fr\/498439\/"},"modified":"2025-10-29T20:31:21","modified_gmt":"2025-10-29T20:31:21","slug":"ouragan-melissa-le-royaume-uni-va-debloquer-25-millions-de-livres-pour-la-jamaique","status":"publish","type":"post","link":"https:\/\/www.europesays.com\/fr\/498439\/","title":{"rendered":"Ouragan Melissa &#8211; Le Royaume-Uni va d\u00e9bloquer 2,5 millions de livres pour la Jama\u00efque"},"content":{"rendered":"<p class=\"ap-StoryElement ap-StoryElement--mb ap-StoryText\">Dans un message au ton tr\u00e8s personnel publi\u00e9 sur le r\u00e9seau social X, le roi Charles, chef du Commonwealth, et son \u00e9pouse Camilla, se sont dits \u00ab\u00a0profond\u00e9ment pr\u00e9occup\u00e9s et attrist\u00e9s\u00a0\u00bb par les d\u00e9g\u00e2ts \u00ab\u00a0catastrophiques\u00a0\u00bb en Jama\u00efque et dans les Cara\u00efbes.<\/p>\n<p class=\"ap-StoryElement ap-StoryElement--mb ap-StoryText\">Cette catastrophe \u00ab\u00a0nous rappelle l&rsquo;urgente n\u00e9cessit\u00e9 de r\u00e9tablir l&rsquo;\u00e9quilibre et l&rsquo;harmonie de la nature pour le bien de tous ceux dont la vie et les moyens de subsistance ont pu \u00eatre bris\u00e9s par cette trag\u00e9die\u00a0\u00bb, a ajout\u00e9 le souverain de 76 ans, connu pour sa fibre \u00e9cologiste.<\/p>\n<p class=\"ap-StoryElement ap-StoryElement--mb ap-StoryText\">En frappant la Jama\u00efque mardi, Melissa a \u00e9galis\u00e9 le record de 1935 de l&rsquo;ouragan le plus intense au moment de toucher terre, selon une analyse AFP des donn\u00e9es m\u00e9t\u00e9orologiques de l&rsquo;Agence am\u00e9ricaine d&rsquo;observation oc\u00e9anique et atmosph\u00e9rique (NOAA).<\/p>\n<p class=\"ap-StoryElement ap-StoryElement--mb ap-StoryText\">Ce record \u00e9tait d\u00e9tenu depuis 1935 par l&rsquo;ouragan Labor Day, qui avait alors  d\u00e9vast\u00e9 l&rsquo;archipel des Keys, en Floride (sud-est des Etats-Unis), avec des vents approchant \u00e9galement 300 km\/h et une pression atmosph\u00e9rique minimale de 892 millibars.<\/p>\n","protected":false},"excerpt":{"rendered":"Dans un message au ton tr\u00e8s personnel publi\u00e9 sur le r\u00e9seau social X, le roi Charles, chef du&hellip;\n","protected":false},"author":2,"featured_media":25030,"comment_status":"","ping_status":"","sticky":false,"template":"","format":"standard","meta":{"footnotes":""},"categories":[1588],"tags":[11,55800,1129,19551,73,1777,674,7760,310,59749,12,473,1853,1851,1850,1852],"class_list":{"0":"post-498439","1":"post","2":"type-post","3":"status-publish","4":"format-standard","5":"has-post-thumbnail","7":"category-royaume-uni","8":"tag-actualites","9":"tag-bahamas","10":"tag-climat","11":"tag-cuba","12":"tag-etats-unis","13":"tag-eu","14":"tag-europe","15":"tag-haiti","16":"tag-internet","17":"tag-jamaique","18":"tag-news","19":"tag-royaume-uni","20":"tag-royaume-uni-de-grande-bretagne-et-dirlande-du-nord","21":"tag-uk","22":"tag-united-kingdom","23":"tag-united-kingdom-of-great-britain-and-northern-ireland"},"share_on_mastodon":{"url":"https:\/\/pubeurope.com\/@fr\/115459357867799212","error":""},"_links":{"self":[{"href":"https:\/\/www.europesays.com\/fr\/wp-json\/wp\/v2\/posts\/498439","targetHints":{"allow":["GET"]}}],"collection":[{"href":"https:\/\/www.europesays.com\/fr\/wp-json\/wp\/v2\/posts"}],"about":[{"href":"https:\/\/www.europesays.com\/fr\/wp-json\/wp\/v2\/types\/post"}],"author":[{"embeddable":true,"href":"https:\/\/www.europesays.com\/fr\/wp-json\/wp\/v2\/users\/2"}],"replies":[{"embeddable":true,"href":"https:\/\/www.europesays.com\/fr\/wp-json\/wp\/v2\/comments?post=498439"}],"version-history":[{"count":0,"href":"https:\/\/www.europesays.com\/fr\/wp-json\/wp\/v2\/posts\/498439\/revisions"}],"wp:featuredmedia":[{"embeddable":true,"href":"https:\/\/www.europesays.com\/fr\/wp-json\/wp\/v2\/media\/25030"}],"wp:attachment":[{"href":"https:\/\/www.europesays.com\/fr\/wp-json\/wp\/v2\/media?parent=498439"}],"wp:term":[{"taxonomy":"category","embeddable":true,"href":"https:\/\/www.europesays.com\/fr\/wp-json\/wp\/v2\/categories?post=498439"},{"taxonomy":"post_tag","embeddable":true,"href":"https:\/\/www.europesays.com\/fr\/wp-json\/wp\/v2\/tags?post=498439"}],"curies":[{"name":"wp","href":"https:\/\/api.w.org\/{rel}","templated":true}]}}