{"id":498440,"date":"2025-10-29T20:32:13","date_gmt":"2025-10-29T20:32:13","guid":{"rendered":"https:\/\/www.europesays.com\/fr\/498440\/"},"modified":"2025-10-29T20:32:13","modified_gmt":"2025-10-29T20:32:13","slug":"le-bayer-leverkusen-frole-lelimination-contre-paderborn-stuttgart-maitrise-mayence","status":"publish","type":"post","link":"https:\/\/www.europesays.com\/fr\/498440\/","title":{"rendered":"le Bayer Leverkusen fr\u00f4le l\u2019\u00e9limination contre Paderborn, Stuttgart ma\u00eetrise Mayence"},"content":{"rendered":"<p><a href=\"https:\/\/www.footmercato.net\/allemagne\/coupe-dallemagne\/calendrier\/\" rel=\"nofollow noopener\" target=\"_blank\">Les seizi\u00e8mes de finale de la Coupe d\u2019Allemagne se poursuivaient ce mercredi<\/a> avec la qualification tr\u00e8s compliqu\u00e9e du <a href=\"https:\/\/www.footmercato.net\/club\/bayer-04-leverkusen\/\" rel=\"nofollow noopener\" target=\"_blank\">Bayer Leverkusen<\/a>, vainqueur en prolongations contre <a href=\"https:\/\/www.footmercato.net\/club\/sc-paderborn-07\/\" rel=\"nofollow noopener\" target=\"_blank\">Paderborn<\/a> (2-4), pensionnaire de deuxi\u00e8me division allemande. Apr\u00e8s un premier acte \u00e9quilibr\u00e9, la rencontre s\u2019est d\u00e9cant\u00e9e au retour des vestiaires, \u00e0 la suite de l\u2019expulsion de Felix G\u00f6tze, coupable d\u2019une faute volontaire en position de dernier d\u00e9fenseur. Sp\u00e9cialiste de l\u2019exercice, Alejandro Grimaldo s\u2019est ensuite charg\u00e9 de tirer et de convertir le coup franc d\u2019une sublime frappe du gauche \u2014 d\u00e9j\u00e0 son quatri\u00e8me but sur coup franc cette saison. Alors que le Bayer croyait avoir fait le plus dur, Stefano Marino a \u00e9galis\u00e9 de la t\u00eate \u00e0 l\u2019entr\u00e9e du temps additionnel, repoussant la d\u00e9cision en prolongations. Son co\u00e9quipier Sven Michel a ensuite renvers\u00e9 le score d\u2019une frappe \u00e0 l\u2019entr\u00e9e de la surface, mais l\u2019ancien d\u00e9fenseur de Liverpool Jarell Quansah a remis tout le monde \u00e0 \u00e9galit\u00e9. Apr\u00e8s plusieurs occasions franches rat\u00e9es, notamment par le jeune avant-centre Christian Kofane, Ibrahim Maza et Aleix Garc\u00eda ont marqu\u00e9 coup sur coup dans les derniers instants de la rencontre.<\/p>\n<p>            La suite apr\u00e8s cette publicit\u00e9<\/p>\n<p>Actuel troisi\u00e8me de Bundesliga, \u00e0 six points de l\u2019invincible Bayern Munich, <a href=\"https:\/\/www.footmercato.net\/club\/vfb-stuttgart-1893\/\" rel=\"nofollow noopener\" target=\"_blank\">Stuttgart<\/a> a confirm\u00e9 son statut de favori en dominant <a href=\"https:\/\/www.footmercato.net\/club\/1-fsv-mainz-05\/\" rel=\"nofollow noopener\" target=\"_blank\">Mayence<\/a> \u00e0 l\u2019ext\u00e9rieur (0-2). Servi par le Marocain Bilal El Khannouss, Luca Jaquez a tr\u00e8s vite donn\u00e9 l\u2019avantage aux siens \u00e0 la suite d\u2019un corner, avant qu\u2019Atakan Karazor ne scelle le sort de la rencontre en seconde p\u00e9riode \u00e0 la suite d\u2019une contre-attaque. Dans un duel entre deux \u00e9quipes de 2. Bundesliga, <a href=\"https:\/\/www.footmercato.net\/club\/1-fc-kaiserslautern\/\" rel=\"nofollow noopener\" target=\"_blank\">Kaiserslautern<\/a> s\u2019est impos\u00e9 sur la pelouse de <a href=\"https:\/\/www.footmercato.net\/club\/spvgg-greuther-furth\/\" rel=\"nofollow noopener\" target=\"_blank\">Greuther F\u00fcrth<\/a> (0-1), gr\u00e2ce \u00e0 un but de l\u2019ancien Toulousain Naatan Skytt\u00e4. Enfin, pas d\u2019exploit pour <a href=\"https:\/\/www.footmercato.net\/club\/fv-illertissen-1921\/\" rel=\"nofollow noopener\" target=\"_blank\">Illertissen<\/a>, battu 3-0 sur sa pelouse par <a href=\"https:\/\/www.footmercato.net\/club\/1-fc-magdeburg\/\" rel=\"nofollow noopener\" target=\"_blank\">Magdebourg<\/a>. Le club de Regionalliga Bavi\u00e8re a c\u00e9d\u00e9 sur des buts de Maximilian Breunig, Marcus Mathisen et Noah Pesch.<\/p>\n<p>        Les r\u00e9sultats des matchs de 18h00 :<\/p>\n<p>Mayence 0 &#8211; 2 <strong>Stuttgart<\/strong> : Luca Jaquez (6e), Atakan Karazor (73e)<\/p>\n<p>Illertissen 0 &#8211; 3 <strong>Magdebourg<\/strong> : Maximilian Breunig (11e), Marcus Mathisen (31e), Noah Pesch (84e)<\/p>\n<p>Paderborn 2 &#8211; 4 apr\u00e8s prolongations <strong>Bayer Leverkusen<\/strong> : Stefano Marino (90e), Sven Michel (96e) ; Alejandro Grimaldo (60e), Jarell Quansah (105e+1), Ibrahim Maza (120e+2), Aleix Garc\u00eda (120e+4)<\/p>\n<p>            La suite apr\u00e8s cette publicit\u00e9<\/p>\n<p>Greuther F\u00fcrth 0 &#8211; 1 <strong>Kaiserslautern<\/strong> : Naatan Skytt\u00e4 (12e)<\/p>\n<p>\n    Pub. le 29\/10\/2025 20:42\n    <\/p>\n","protected":false},"excerpt":{"rendered":"Les seizi\u00e8mes de finale de la Coupe d\u2019Allemagne se poursuivaient ce mercredi avec la qualification tr\u00e8s compliqu\u00e9e du&hellip;\n","protected":false},"author":2,"featured_media":498441,"comment_status":"","ping_status":"","sticky":false,"template":"","format":"standard","meta":{"footnotes":""},"categories":[1587],"tags":[11,672,1804,1805,1803,1777,674,1801,12,1802],"class_list":{"0":"post-498440","1":"post","2":"type-post","3":"status-publish","4":"format-standard","5":"has-post-thumbnail","7":"category-allemagne","8":"tag-actualites","9":"tag-allemagne","10":"tag-bundesrepublik-deutschland","11":"tag-de","12":"tag-deutschland","13":"tag-eu","14":"tag-europe","15":"tag-germany","16":"tag-news","17":"tag-republique-federale-dallemagne"},"share_on_mastodon":{"url":"https:\/\/pubeurope.com\/@fr\/115459361817408643","error":""},"_links":{"self":[{"href":"https:\/\/www.europesays.com\/fr\/wp-json\/wp\/v2\/posts\/498440","targetHints":{"allow":["GET"]}}],"collection":[{"href":"https:\/\/www.europesays.com\/fr\/wp-json\/wp\/v2\/posts"}],"about":[{"href":"https:\/\/www.europesays.com\/fr\/wp-json\/wp\/v2\/types\/post"}],"author":[{"embeddable":true,"href":"https:\/\/www.europesays.com\/fr\/wp-json\/wp\/v2\/users\/2"}],"replies":[{"embeddable":true,"href":"https:\/\/www.europesays.com\/fr\/wp-json\/wp\/v2\/comments?post=498440"}],"version-history":[{"count":0,"href":"https:\/\/www.europesays.com\/fr\/wp-json\/wp\/v2\/posts\/498440\/revisions"}],"wp:featuredmedia":[{"embeddable":true,"href":"https:\/\/www.europesays.com\/fr\/wp-json\/wp\/v2\/media\/498441"}],"wp:attachment":[{"href":"https:\/\/www.europesays.com\/fr\/wp-json\/wp\/v2\/media?parent=498440"}],"wp:term":[{"taxonomy":"category","embeddable":true,"href":"https:\/\/www.europesays.com\/fr\/wp-json\/wp\/v2\/categories?post=498440"},{"taxonomy":"post_tag","embeddable":true,"href":"https:\/\/www.europesays.com\/fr\/wp-json\/wp\/v2\/tags?post=498440"}],"curies":[{"name":"wp","href":"https:\/\/api.w.org\/{rel}","templated":true}]}}