{"id":498442,"date":"2025-10-29T20:33:19","date_gmt":"2025-10-29T20:33:19","guid":{"rendered":"https:\/\/www.europesays.com\/fr\/498442\/"},"modified":"2025-10-29T20:33:19","modified_gmt":"2025-10-29T20:33:19","slug":"sites-pilotes-nouveaux-outils-comment-la-charente-et-leurope-sassocient-pour-mieux-lutter-contre-les-feux-de-foret","status":"publish","type":"post","link":"https:\/\/www.europesays.com\/fr\/498442\/","title":{"rendered":"Sites pilotes, nouveaux outils: comment la Charente et l\u2019Europe s\u2019associent pour mieux lutter contre les feux de for\u00eat"},"content":{"rendered":"<p>Qu\u2019ont en commun l\u2019Aude, le Sud Charente, les provinces espagnoles de Galice, de Castille-et-Leon et le Portugal\u00a0? Les feux de for\u00eats. Dans un appel \u00e0 projets port\u00e9 par l\u2019Union europ\u00e9enne, baptis\u00e9 <a href=\"https:\/\/interreg-sudoe.eu\/fr\/proyecto-interreg\/use4forest\/\" target=\"_blank\" rel=\"nofollow noopener\">Use4Forest<\/a>, \u00e9lus, charg\u00e9s de mission, agents des territoires ou d\u2019\u00e9tablissements publics, pompiers, membres de syndicats forestiers et universitaires joignent leurs forces pour d\u00e9livrer une strat\u00e9gie de pr\u00e9vention dans la lutte contre les incendies. Un travail d\u00e9marr\u00e9 en 2024, nourri des bonnes pratiques et&#8230;<\/p>\n<p>Qu\u2019ont en commun l\u2019Aude, le Sud Charente, les provinces espagnoles de Galice, de Castille-et-Leon et le Portugal\u00a0? Les feux de for\u00eats. Dans un appel \u00e0 projets port\u00e9 par l\u2019Union europ\u00e9enne, baptis\u00e9 <a href=\"https:\/\/interreg-sudoe.eu\/fr\/proyecto-interreg\/use4forest\/\" target=\"_blank\" rel=\"nofollow noopener\">Use4Forest<\/a>, \u00e9lus, charg\u00e9s de mission, agents des territoires ou d\u2019\u00e9tablissements publics, pompiers, membres de syndicats forestiers et universitaires joignent leurs forces pour d\u00e9livrer une strat\u00e9gie de pr\u00e9vention dans la lutte contre les incendies. Un travail d\u00e9marr\u00e9 en 2024, nourri des bonnes pratiques et de retours d\u2019exp\u00e9riences dont la copie devra \u00eatre rendue en 2026.<\/p>\n<p>Sites pilotes et logiciel innovant<\/p>\n<p>Mardi et mercredi, au mitan de ce programme au co\u00fbt \u00e9ligible de pr\u00e8s de 3\u00a0millions d\u2019euros, les d\u00e9l\u00e9gations frontali\u00e8res ont foul\u00e9 le sol du Sud Charente pour m\u00fbrir leur r\u00e9flexion. Ce travail a deux enjeux majeurs\u00a0: la mise en place par l\u2019universit\u00e9 de Vigo (Portugal) d\u2019une carte dynamique de probabilit\u00e9 du risque incendie, aliment\u00e9e par les connaissances du terrain li\u00e9es \u00e0 la v\u00e9g\u00e9tation, aux combustibles, \u00e0 la topographie et aux variables comme la m\u00e9t\u00e9o\u00a0; et la mise en lumi\u00e8re de sites pilotes dans la lutte. In fine, Use4Forest doit am\u00e9liorer la capacit\u00e9 de r\u00e9ponses des diff\u00e9rentes administrations et apporter des solutions transf\u00e9rables d\u2019un territoire \u00e0 l\u2019autre.<\/p>\n<p>Cette semaine, un point d\u2019\u00e9tape a donc \u00e9t\u00e9 fait en Sud Charente, meurtri cet \u00e9t\u00e9 par un incendie ayant ravag\u00e9 200 hectares sur les communes de Brossac, Saint-Vallier et Bardenac, avec une saute de feu br\u00fblant 11 hectares suppl\u00e9mentaires. Des chiffres qui se rapprochent du plus gros incendie jamais connu en Charente, celui de Nonac, Courgeac, Saint-Martial et Deviat en 2022 avec ses 251\u00a0ha calcin\u00e9s. Loin des 17\u00a0000\u00a0ha consum\u00e9s cet \u00e9t\u00e9 dans l\u2019Aude (lire par ailleurs), mais le ph\u00e9nom\u00e8ne ici, comme ailleurs dans ce quart Sud Ouest de l\u2019Europe, se r\u00e9p\u00e8te, s\u2019intensifie.<\/p>\n<p>Une hausse due, en partie, au changement climatique, \u00e0 l\u2019abandon progressif des terres rurales et \u00e0 l\u2019arr\u00eat des activit\u00e9s productives traditionnellement li\u00e9es \u00e0 la for\u00eat. <\/p>\n<p>        <img decoding=\"async\" id=\"26524225\" src=\"https:\/\/www.europesays.com\/fr\/wp-content\/uploads\/2025\/10\/j-desbois-251029-048.jpg\" alt=\"Les acteurs de ce programme europ\u00e9enne veulent d\u00e9finir une strat\u00e9gie de pr\u00e9vention contre les feux de for\u00eat.\" itemprop=\"contentURL\"\/><\/p>\n<p>    Les acteurs de ce programme europ\u00e9enne veulent d\u00e9finir une strat\u00e9gie de pr\u00e9vention contre les feux de for\u00eat.<\/p>\n<p>Julie Desbois<\/p>\n<p>Dans ce bout de territoire charentais, la politique de d\u00e9fense des massifs forestiers a \u00e9t\u00e9 d\u00e9l\u00e9gu\u00e9e au Pays Sud Charente qui a d\u00e9j\u00e0 planch\u00e9 sur des actions concr\u00e8tes, pr\u00e9sent\u00e9es ce mercredi sur le terrain. La plus innovante, probablement, est le logiciel  Prometheus, expliqu\u00e9 par le lieutenant-colonel David Vergnaud, conseiller technique d\u00e9partemental des feux de for\u00eats au Service d\u00e9partemental d\u2019incendie et de secours (Sdis) de la Charente. Cet outil permet d\u2019\u00e9tudier l\u2019\u00e9volution d\u2019un feu, sans une action de lutte, dans les conditions r\u00e9elles reproduites. Pour exemple, le sinistre de cet \u00e9t\u00e9 aurait pu d\u00e9truire 600\u00a0ha de for\u00eat.<\/p>\n<p>Moins 2.0 mais tout aussi utile, le Pays Sud Charente a entam\u00e9 depuis 2019, la mise en place de pistes dite DFCI (d\u00e9fense des for\u00eats contre les incendies). La derni\u00e8re inaugur\u00e9e \u00e0 Bardenac, il y a une quinzaine de jours, a \u00e9t\u00e9 montr\u00e9e ce mercredi matin. Elle a pour but de parceller des massifs (moins de 100\u00a0ha d\u2019un seul tenant) afin de permettre l\u2019exploitation et la valorisation du bois mais surtout d\u2019en donner l\u2019acc\u00e8s aux pompiers. Dans cette zone, deux r\u00e9serves d\u2019eau, dont une enterr\u00e9e de 90m3, ont \u00e9t\u00e9 install\u00e9es quand la ressource \u00e9tait jusqu\u2019alors inexistante.<\/p>\n<p>    La r\u00e9daction vous conseille<\/p>\n<blockquote><p>\u201cOn ne mettra pas en jeu la vie d\u2019un sapeur-pompier, si un propri\u00e9taire n\u2019a pas effectu\u00e9 ce qui lui incombe.\u201d<\/p><\/blockquote>\n<p>Une r\u00e9alisation complexifi\u00e9e par bien des lourdeurs administratives qui ont exasp\u00e9r\u00e9 les \u00e9lus locaux. Dans le cadre de Use4Forest et pour que l\u2019exp\u00e9rience ne se reproduise pas, le Centre national de la propri\u00e9t\u00e9 foresti\u00e8re (CNPF) a \u00e9t\u00e9 missionn\u00e9 pour la mise en place d\u2019un protocole afin de faciliter ses d\u00e9marches.<\/p>\n<p>Tirer les le\u00e7ons du pass\u00e9<\/p>\n<p>        <img decoding=\"async\" id=\"26520221\" src=\"https:\/\/www.europesays.com\/fr\/wp-content\/uploads\/2025\/10\/charentais-audois-espagnols-et-portugais-unis-dans-la-lutte-contre-les-incendies-feux-de-forets-11.j.jpeg\" alt=\"Le massif de Saint-Vallier apr\u00e8s le sinistre de cet \u00e9t\u00e9.\" itemprop=\"contentURL\"\/><\/p>\n<p>    Le massif de Saint-Vallier apr\u00e8s le sinistre de cet \u00e9t\u00e9.<\/p>\n<p>Olivier Roubin<\/p>\n<p>Enfin, le CNPF a parl\u00e9 de l\u2019apr\u00e8s. La replantation. \u00c0 Chillac, le choix du reboisement a \u00e9t\u00e9 celui du pin maritime. Plus combustible qu\u2019un r\u00e9sineux, il se justifie sur un sol hydromorphe, c\u2019est-\u00e0-dire qui se gonfle en eau en hiver et s\u2019ass\u00e8che l\u2019\u00e9t\u00e9. \u00ab\u00a0Il ne faut pas oublier qu\u2019on s\u2019adresse \u00e0 des propri\u00e9taires priv\u00e9s, rappelle Alexandre Gobin, r\u00e9f\u00e9rent DFCI pour la Nouvelle-Aquitaine au CNPF. Un hectare de r\u00e9sineux co\u00fbte entre 3000 et 4000 euros, ce sera le double pour des feuillus qui ne pourront ensuite \u00eatre valoris\u00e9s. Un feu prend du sol, l\u2019enjeu sera de cr\u00e9er une discontinuit\u00e9 v\u00e9g\u00e9tale par l\u2019entretien des parcelles.\u00a0\u00bb<\/p>\n<p>Encore faut-il que tous les propri\u00e9taires entretiennent correctement les abords de leurs maison. Or ces r\u00e9centes obligations de d\u00e9broussaillage sont difficiles \u00e0 faire appliquer. Pourtant, le lieutenant-colonel Vergnaud l\u2019assure, \u201con ne mettra pas en jeu la vie d\u2019un sapeur-pompier, si un propri\u00e9taire n\u2019a pas effectu\u00e9 ce qui lui incombe.\u00a0\u00bb<\/p>\n<p>Des \u00e9changes suivis de pr\u00e8s par Maria Honora Barrio Blanco, coordinatrice du projet pour la province de Galice. \u00ab\u00a0Nous sommes habitu\u00e9s depuis de longues ann\u00e9es \u00e0 lutter contre les feux de for\u00eats. Nous devons nous unir dans une strat\u00e9gie commune de pr\u00e9vention. Car certes le Portugal et l\u2019Espagne sont les plus touch\u00e9s, mais la tendance veut que la France connaisse de plus en plus de sinistres.\u00a0\u00bb<\/p>\n<p>    Dans l\u2019Aude, le choix des pare-feu productifs<br \/>\nVictime d\u2019un incendie g\u00e9ant dans son massif des Corbi\u00e8res, l\u2019Aude est un des acteurs de Use4Forest. qui a fait un choix diff\u00e9rent du sud Charente pour pr\u00e9venir les incendies, avec la volont\u00e9 de mettre en place des pare-feu productifs. Ces coupes franches de plusieurs kilom\u00e8tres entre les arbres, pour \u00e9viter tout saut des flammes, pourraient se voir rentabiliser par la mise en oeuvre d\u2019une autre activit\u00e9 \u00e9conomique que la sylviculture, comme par exemple de l\u2019\u00e9levage sur ces parcelles.<\/p>\n","protected":false},"excerpt":{"rendered":"Qu\u2019ont en commun l\u2019Aude, le Sud Charente, les provinces espagnoles de Galice, de Castille-et-Leon et le Portugal\u00a0? Les&hellip;\n","protected":false},"author":2,"featured_media":498443,"comment_status":"","ping_status":"","sticky":false,"template":"","format":"standard","meta":{"footnotes":""},"categories":[1586],"tags":[11,1777,674,1011,27,12,25],"class_list":{"0":"post-498442","1":"post","2":"type-post","3":"status-publish","4":"format-standard","5":"has-post-thumbnail","7":"category-europe","8":"tag-actualites","9":"tag-eu","10":"tag-europe","11":"tag-fr","12":"tag-france","13":"tag-news","14":"tag-republique-francaise"},"share_on_mastodon":{"url":"https:\/\/pubeurope.com\/@fr\/115459366703415463","error":""},"_links":{"self":[{"href":"https:\/\/www.europesays.com\/fr\/wp-json\/wp\/v2\/posts\/498442","targetHints":{"allow":["GET"]}}],"collection":[{"href":"https:\/\/www.europesays.com\/fr\/wp-json\/wp\/v2\/posts"}],"about":[{"href":"https:\/\/www.europesays.com\/fr\/wp-json\/wp\/v2\/types\/post"}],"author":[{"embeddable":true,"href":"https:\/\/www.europesays.com\/fr\/wp-json\/wp\/v2\/users\/2"}],"replies":[{"embeddable":true,"href":"https:\/\/www.europesays.com\/fr\/wp-json\/wp\/v2\/comments?post=498442"}],"version-history":[{"count":0,"href":"https:\/\/www.europesays.com\/fr\/wp-json\/wp\/v2\/posts\/498442\/revisions"}],"wp:featuredmedia":[{"embeddable":true,"href":"https:\/\/www.europesays.com\/fr\/wp-json\/wp\/v2\/media\/498443"}],"wp:attachment":[{"href":"https:\/\/www.europesays.com\/fr\/wp-json\/wp\/v2\/media?parent=498442"}],"wp:term":[{"taxonomy":"category","embeddable":true,"href":"https:\/\/www.europesays.com\/fr\/wp-json\/wp\/v2\/categories?post=498442"},{"taxonomy":"post_tag","embeddable":true,"href":"https:\/\/www.europesays.com\/fr\/wp-json\/wp\/v2\/tags?post=498442"}],"curies":[{"name":"wp","href":"https:\/\/api.w.org\/{rel}","templated":true}]}}