{"id":498444,"date":"2025-10-29T20:34:12","date_gmt":"2025-10-29T20:34:12","guid":{"rendered":"https:\/\/www.europesays.com\/fr\/498444\/"},"modified":"2025-10-29T20:34:12","modified_gmt":"2025-10-29T20:34:12","slug":"la-serbie-soriente-vers-lunion-europeenne-business-am","status":"publish","type":"post","link":"https:\/\/www.europesays.com\/fr\/498444\/","title":{"rendered":"La Serbie s\u2019oriente vers l\u2019Union europ\u00e9enne &#8211; Business AM"},"content":{"rendered":"<p>Principaux renseignements<\/p>\n<ul class=\"wp-block-list\">\n<li><strong>La Serbie vise activement l\u2019adh\u00e9sion \u00e0 l\u2019UE, qu\u2019elle consid\u00e8re comme une voie vers le progr\u00e8s \u00e9conomique et politique.<\/strong><\/li>\n<li><strong>L\u2019ind\u00e9pendance du Kosovo reste un obstacle majeur au processus d\u2019adh\u00e9sion de la Serbie \u00e0 l\u2019UE, alimentant les tensions politiques et l\u2019instabilit\u00e9 r\u00e9gionale.<\/strong><\/li>\n<li><strong>Bien que le soutien de l\u2019opinion publique \u00e0 l\u2019adh\u00e9sion \u00e0 l\u2019UE ait diminu\u00e9, la Serbie continue de mettre en \u0153uvre des r\u00e9formes et d\u2019aligner ses politiques sur les normes de l\u2019UE.<\/strong><\/li>\n<\/ul>\n<p>La poursuite de l\u2019adh\u00e9sion de la Serbie \u00e0 l\u2019Union europ\u00e9enne est motiv\u00e9e par une combinaison de n\u00e9cessit\u00e9 et d\u2019ambition, mais elle se heurte \u00e0 des obstacles consid\u00e9rables dans le domaine de la politique \u00e9trang\u00e8re. Le statut non r\u00e9solu du Kosovo, l\u2019affaiblissement du soutien de l\u2019opinion publique et les rivalit\u00e9s r\u00e9gionales sont autant d\u2019obstacles importants sur la voie de l\u2019adh\u00e9sion de la Serbie. Cela rapporte <a href=\"https:\/\/www.euronews.com\/my-europe\/2025\/10\/29\/serbias-eu-bid-necessity-driven-joint-ambition-facing-foreign-policy-hurdles\" target=\"_blank\" rel=\"noreferrer noopener nofollow\">Euronews<\/a>.<\/p>\n<p>\nSerbie fait face \u00e0 des d\u00e9fis\n<\/p>\n<p>Le parcours de la Serbie vers l\u2019int\u00e9gration \u00e0 l\u2019UE a commenc\u00e9 en 2001 avec l\u2019\u00e9lection de partis pro-europ\u00e9ens. L\u2019optimisme initial laissait penser que le pays pourrait potentiellement adh\u00e9rer \u00e0 <a href=\"https:\/\/fr.businessam.be\/von-der-leyen-souhaite-voir-la-serbie-progresser-davantage-vers-ladhesion-a-lue-critique-des-liens-avec-la-russie\/\" target=\"_blank\" rel=\"noreferrer noopener nofollow\">l\u2019UE<\/a> d\u00e8s 2007. Cependant, la r\u00e9alit\u00e9 s\u2019est av\u00e9r\u00e9e plus complexe. Le Kosovo, territoire sous administration de l\u2019ONU depuis la guerre de 1999, a d\u00e9clar\u00e9 son ind\u00e9pendance en 2008, ce \u00e0 quoi la Serbie s\u2019oppose avec v\u00e9h\u00e9mence.<\/p>\n<p>Avant m\u00eame d\u2019obtenir le statut de candidat en 2009, la Serbie a \u00e9t\u00e9 confront\u00e9e \u00e0 plusieurs d\u00e9fis, notamment une coop\u00e9ration incompl\u00e8te avec le Tribunal p\u00e9nal international pour l\u2019ex-Yougoslavie, l\u2019instabilit\u00e9 \u00e9conomique et une insurrection s\u00e9paratiste albanaise dans ses r\u00e9gions m\u00e9ridionales.<\/p>\n<p>\nAspiration \u00e0 l\u2019int\u00e9gration europ\u00e9enne\n<\/p>\n<p>Malgr\u00e9 ces obstacles, la Serbie n\u2019a cess\u00e9 de faire de l\u2019int\u00e9gration europ\u00e9enne un \u00e9l\u00e9ment central de sa strat\u00e9gie politique. Alors que le soutien initial du public \u00e0 l\u2019adh\u00e9sion \u00e0 l\u2019UE d\u00e9passait les 70 pour cent, il a depuis diminu\u00e9 pour atteindre environ 40 pour cent. N\u00e9anmoins, les dirigeants politiques continuent de plaider en faveur de la voie europ\u00e9enne. Le Premier ministre \u0110uro Macut souligne que l\u2019orientation europ\u00e9enne de la Serbie n\u2019est pas seulement un objectif strat\u00e9gique, mais aussi la promesse d\u2019un avenir meilleur pour ses citoyens.<\/p>\n<p>Pour d\u00e9montrer son engagement, le gouvernement serbe a mis en \u0153uvre de nombreuses mesures de r\u00e9forme et modernis\u00e9 ses institutions. La Serbie a notamment atteint un taux d\u2019alignement de 61 pour cent sur la politique \u00e9trang\u00e8re et de s\u00e9curit\u00e9 commune de l\u2019UE.<\/p>\n<p>\nS\u00e9curit\u00e9 \u00e9nerg\u00e9tique reste une priorit\u00e9\n<\/p>\n<p>Outre l\u2019harmonisation politique et juridique, la s\u00e9curit\u00e9 \u00e9nerg\u00e9tique reste une pr\u00e9occupation majeure pour la Serbie. Le pays s\u2019efforce activement de garantir des approvisionnements stables en gaz, en p\u00e9trole et en \u00e9lectricit\u00e9 gr\u00e2ce \u00e0 une collaboration \u00e9troite avec des partenaires r\u00e9gionaux comme la Hongrie. Ce double objectif d\u2019alignement europ\u00e9en et de r\u00e9silience \u00e9nerg\u00e9tique souligne la strat\u00e9gie de la Serbie visant \u00e0 garantir \u00e0 la fois sa cr\u00e9dibilit\u00e9 internationale et sa stabilit\u00e9 int\u00e9rieure.<\/p>\n<p>L\u2019UE elle-m\u00eame a d\u00e9battu d\u2019un nouveau mod\u00e8le d\u2019\u00e9largissement : l\u2019adh\u00e9sion partielle, o\u00f9 les pays pourraient adh\u00e9rer sans avoir le droit de vote. Cette proposition a suscit\u00e9 la controverse dans les Balkans occidentaux, certains pays exprimant des inqui\u00e9tudes quant \u00e0 leur souverainet\u00e9 et aux changements potentiels d\u2019influence institutionnelle au sein de l\u2019UE.<\/p>\n<p>L\u2019UE a d\u00e9battu d\u2019un nouveau mod\u00e8le d\u2019\u00e9largissement, l\u2019adh\u00e9sion partielle, permettant aux pays de rejoindre l\u2019Union sans droit de vote, ce qui a suscit\u00e9 des controverses dans les Balkans occidentaux en raison de pr\u00e9occupations concernant la souverainet\u00e9 et l\u2019influence institutionnelle. (jv)<\/p>\n<p><a href=\"https:\/\/news.google.com\/publications\/CAowtseUCw?hl=fr&amp;gl=BE&amp;ceid=BE%3Afr\" target=\"_blank\" rel=\"nofollow noopener\">Suivez \u00e9galement Business AM sur Google Actualit\u00e9s<\/a><\/p>\n<p><a href=\"https:\/\/portalfr.businessam.be\/plans\/business-am-fr-offre-dete\/\" target=\"_blank\" rel=\"nofollow noopener\">Si vous souhaitez acc\u00e9der \u00e0 tous les articles, abonnez-vous ici!<\/a><\/p>\n","protected":false},"excerpt":{"rendered":"Principaux renseignements La Serbie vise activement l\u2019adh\u00e9sion \u00e0 l\u2019UE, qu\u2019elle consid\u00e8re comme une voie vers le progr\u00e8s \u00e9conomique&hellip;\n","protected":false},"author":2,"featured_media":498445,"comment_status":"","ping_status":"","sticky":false,"template":"","format":"standard","meta":{"footnotes":""},"categories":[1586],"tags":[11,1777,674,1779,1011,27,7738,12,25,3329,1778,364],"class_list":{"0":"post-498444","1":"post","2":"type-post","3":"status-publish","4":"format-standard","5":"has-post-thumbnail","7":"category-europe","8":"tag-actualites","9":"tag-eu","10":"tag-europe","11":"tag-european-union","12":"tag-fr","13":"tag-france","14":"tag-lunion-europeenne","15":"tag-news","16":"tag-republique-francaise","17":"tag-serbie","18":"tag-ue","19":"tag-union-europeenne"},"share_on_mastodon":{"url":"https:\/\/pubeurope.com\/@fr\/115459369540843760","error":""},"_links":{"self":[{"href":"https:\/\/www.europesays.com\/fr\/wp-json\/wp\/v2\/posts\/498444","targetHints":{"allow":["GET"]}}],"collection":[{"href":"https:\/\/www.europesays.com\/fr\/wp-json\/wp\/v2\/posts"}],"about":[{"href":"https:\/\/www.europesays.com\/fr\/wp-json\/wp\/v2\/types\/post"}],"author":[{"embeddable":true,"href":"https:\/\/www.europesays.com\/fr\/wp-json\/wp\/v2\/users\/2"}],"replies":[{"embeddable":true,"href":"https:\/\/www.europesays.com\/fr\/wp-json\/wp\/v2\/comments?post=498444"}],"version-history":[{"count":0,"href":"https:\/\/www.europesays.com\/fr\/wp-json\/wp\/v2\/posts\/498444\/revisions"}],"wp:featuredmedia":[{"embeddable":true,"href":"https:\/\/www.europesays.com\/fr\/wp-json\/wp\/v2\/media\/498445"}],"wp:attachment":[{"href":"https:\/\/www.europesays.com\/fr\/wp-json\/wp\/v2\/media?parent=498444"}],"wp:term":[{"taxonomy":"category","embeddable":true,"href":"https:\/\/www.europesays.com\/fr\/wp-json\/wp\/v2\/categories?post=498444"},{"taxonomy":"post_tag","embeddable":true,"href":"https:\/\/www.europesays.com\/fr\/wp-json\/wp\/v2\/tags?post=498444"}],"curies":[{"name":"wp","href":"https:\/\/api.w.org\/{rel}","templated":true}]}}