{"id":498449,"date":"2025-10-29T20:37:13","date_gmt":"2025-10-29T20:37:13","guid":{"rendered":"https:\/\/www.europesays.com\/fr\/498449\/"},"modified":"2025-10-29T20:37:13","modified_gmt":"2025-10-29T20:37:13","slug":"coupe-de-france-face-a-plabennec-r1-pledran-r3-veut-aller-chercher-ce-8e-tour","status":"publish","type":"post","link":"https:\/\/www.europesays.com\/fr\/498449\/","title":{"rendered":"Coupe de France\u00a0: face \u00e0 Plabennec (R1), Pl\u00e9dran (R3) veut \u00ab\u00a0aller chercher ce 8e tour\u00a0\u00bb"},"content":{"rendered":"<p>\u00cates-vous satisfait d\u2019avoir tir\u00e9 Plabennec (R1) avec votre \u00e9quipe de Pl\u00e9dran (R3) ?<\/p>\n<p>C\u2019est un bon tirage pour ambitionner un 8e tour, dans le sens ou si l\u2019on avait h\u00e9rit\u00e9 d\u2019une N1, d\u2019une N2, cela aurait \u00e9t\u00e9 plus compliqu\u00e9. L\u00e0, le pourcentage de victoire est un peu plus \u00e9lev\u00e9. Sur un match, c\u2019est possible. Il y a deux niveaux d\u2019\u00e9cart et pas trois ou quatre. Le tirage me va. Et puis, c\u2019est \u00e0 la maison. C\u2019est la premi\u00e8re fois que le stade Horizon va recevoir un 7e tour de Coupe de France. Pour aller au 8e tour, il faut passer par un exploit, c\u2019est le moment de le faire.<\/p>\n<p>Connaissez-vous l\u2019\u00e9quipe de Plabennec ? Comment abordez-vous cette rencontre tactiquement ?<\/p>\n<p>C\u2019est marrant comme tirage pour moi, car en 2014, alors que j\u2019entra\u00eenais Ginglin Cesson, on \u00e9tait \u00e9galement tomb\u00e9 sur Plabennec au 7e tour de Coupe de France. C\u2019est donc la deuxi\u00e8me fois que je les rencontre. Depuis, je suis leurs saisons. C\u2019est un club qui ambitionne de remonter en N3. Je sais qu\u2019ils ont de tr\u00e8s bons joueurs, dont quelques-uns form\u00e9s au Stade Brestois, cela va \u00eatre compliqu\u00e9 mais la meilleure fa\u00e7on de les faire d\u00e9jouer sera de rester nous-m\u00eames. Il faudra \u00e9galement faire avec l\u2019engouement populaire, savoir g\u00e9rer nos \u00e9motions et surtout jouer rel\u00e2ch\u00e9. Encore une fois, ce n\u2019est pas une \u00e9quipe de niveau National, mais R\u00e9gional. On ne joue pas En Avant Guingamp. Le but du jeu est clair, net et pr\u00e9cis : aller chercher ce 8e tour ! Ce serait une premi\u00e8re pour le club.<\/p>\n<p>Comment expliquez-vous ce nouveau parcours r\u00e9ussi en Coupe de France ?<\/p>\n<p>Je n\u2019ai cess\u00e9 de le r\u00e9p\u00e9ter \u00e0 mes joueurs depuis notre entr\u00e9e en lice au 2e tour face au FC Li\u00e9 : \u00ab pr\u00e9parez-vous \u00e0 faire un long parcours. \u00bb Et de fil en aiguille\u2026 Il y a des liens affectifs, des liens humains qui nous unissent. L\u2019effet \u00ab Coupe \u00bb y participe. C\u2019est vrai que je sens une relation tr\u00e8s particuli\u00e8re entre les joueurs, le staff technique. Il n\u2019y a qu\u2019\u00e0 voir les photos, les vid\u00e9os. \u00c0 chaque but marqu\u00e9, les joueurs courent vers le banc pour communier. C\u2019est un groupe tr\u00e8s sain et hyper soud\u00e9.<\/p>\n","protected":false},"excerpt":{"rendered":"\u00cates-vous satisfait d\u2019avoir tir\u00e9 Plabennec (R1) avec votre \u00e9quipe de Pl\u00e9dran (R3) ? C\u2019est un bon tirage pour&hellip;\n","protected":false},"author":2,"featured_media":498450,"comment_status":"","ping_status":"","sticky":false,"template":"","format":"standard","meta":{"footnotes":""},"categories":[4],"tags":[328,11,83,62091,1011,27,12,25,58356],"class_list":{"0":"post-498449","1":"post","2":"type-post","3":"status-publish","4":"format-standard","5":"has-post-thumbnail","7":"category-france","8":"tag-a-la-une","9":"tag-actualites","10":"tag-coupe-de-france","11":"tag-cs-pledran","12":"tag-fr","13":"tag-france","14":"tag-news","15":"tag-republique-francaise","16":"tag-stade-plabennecois"},"share_on_mastodon":{"url":"https:\/\/pubeurope.com\/@fr\/115459381478305294","error":""},"_links":{"self":[{"href":"https:\/\/www.europesays.com\/fr\/wp-json\/wp\/v2\/posts\/498449","targetHints":{"allow":["GET"]}}],"collection":[{"href":"https:\/\/www.europesays.com\/fr\/wp-json\/wp\/v2\/posts"}],"about":[{"href":"https:\/\/www.europesays.com\/fr\/wp-json\/wp\/v2\/types\/post"}],"author":[{"embeddable":true,"href":"https:\/\/www.europesays.com\/fr\/wp-json\/wp\/v2\/users\/2"}],"replies":[{"embeddable":true,"href":"https:\/\/www.europesays.com\/fr\/wp-json\/wp\/v2\/comments?post=498449"}],"version-history":[{"count":0,"href":"https:\/\/www.europesays.com\/fr\/wp-json\/wp\/v2\/posts\/498449\/revisions"}],"wp:featuredmedia":[{"embeddable":true,"href":"https:\/\/www.europesays.com\/fr\/wp-json\/wp\/v2\/media\/498450"}],"wp:attachment":[{"href":"https:\/\/www.europesays.com\/fr\/wp-json\/wp\/v2\/media?parent=498449"}],"wp:term":[{"taxonomy":"category","embeddable":true,"href":"https:\/\/www.europesays.com\/fr\/wp-json\/wp\/v2\/categories?post=498449"},{"taxonomy":"post_tag","embeddable":true,"href":"https:\/\/www.europesays.com\/fr\/wp-json\/wp\/v2\/tags?post=498449"}],"curies":[{"name":"wp","href":"https:\/\/api.w.org\/{rel}","templated":true}]}}